{"id":6877,"date":"2020-03-17T00:00:00","date_gmt":"2020-03-17T00:00:00","guid":{"rendered":"https:\/\/www.cinc.com\/covid-19-la-generalitat-dara-una-prestacion-a-los-autonomos-para-compensar-las-perdidas-por-el-coronavirus\/"},"modified":"2020-03-17T00:00:00","modified_gmt":"2020-03-17T00:00:00","slug":"covid-19-la-generalitat-dara-una-prestacion-a-los-autonomos-para-compensar-las-perdidas-por-el-coronavirus","status":"publish","type":"post","link":"https:\/\/www.cinc.com\/es\/covid-19-la-generalitat-dara-una-prestacion-a-los-autonomos-para-compensar-las-perdidas-por-el-coronavirus\/","title":{"rendered":"COVID-19: La Generalitat dar\u00e1 una prestaci\u00f3n a los aut\u00f3nomos para compensar las p\u00e9rdidas por el coronavirus"},"content":{"rendered":"<p style=\"text-align: justify;\">\n\tEl Conseller de Trabajo y Asuntos Sociales y Familias ha avanzado que la Generalitat aprobar&aacute; un Decreto que consiste en una ayuda en forma de prestaci&oacute;n econ&oacute;mica para los trabajadores aut&oacute;nomos que acrediten una reducci&oacute;n dr&aacute;stica e involuntaria de su facturaci&oacute;n motivada por el coronavirus.<\/p>\n<p style=\"text-align: justify;\">\n\t<strong>&iquest;Qu&eacute; requisitos deben cumplirse?<\/strong><\/p>\n<p style=\"text-align: justify;\">\n\tLos requisitos que deber&aacute;n cumplir los aut&oacute;nomos para acogerse a la prestaci&oacute;n ser&aacute;n:<\/p>\n<ul>\n<li style=\"text-align: justify;\">\n\t\tEstar dado de alta en el r&eacute;gimen de aut&oacute;nomos de la Seguridad Social<\/li>\n<li style=\"text-align: justify;\">\n\t\tTener domicilio fiscal en Catalu&ntilde;a.<\/li>\n<li style=\"text-align: justify;\">\n\t\tConstar de alta tambi&eacute;n en las actividades sobre las que se ha decretado el cierre y \/o p&eacute;rdidas en la facturaci&oacute;n durante este mes de marzo en comparaci&oacute;n al mes de marzo del a&ntilde;o pasado.<\/li>\n<\/ul>\n<p style=\"text-align: justify;\">\n\t<strong>&iquest;Qu&eacute; importe tendr&aacute; la prestaci&oacute;n?<\/strong><\/p>\n<p style=\"text-align: justify;\">\n\tSe prev&eacute; que la ayuda sea de hasta 2000&euro; por personas f&iacute;sicas.<\/p>\n<p style=\"text-align: justify;\">\n\t<strong>&iquest;Puede solicitarla cualquier aut&oacute;nomo\/a?:<\/strong><\/p>\n<p style=\"text-align: justify;\">\n\tEsta prestaci&oacute;n est&aacute; dirigida &uacute;nicamente a las personas f&iacute;sicas en r&eacute;gimen de aut&oacute;nomos de la Seguridad Social,&nbsp; y excluye a los trabajadores aut&oacute;nomos socios de sociedades mercantiles, cooperativas o sociedades laborales, trabajadores aut&oacute;nomos colaboradores, miembros de &oacute;rganos de administraci&oacute;n de sociedades, as&iacute; como familiares de socios y religiosos.<\/p>\n<p style=\"text-align: justify;\">\n\tPendientes de que el gobierno anuncie la aprobaci&oacute;n de una serie de medidas excepcionales y urgentes para la protecci&oacute;n de la salud p&uacute;blica con motivo de la afectaci&oacute;n por el coronavirus, emitimos esta circular informativa con el &aacute;nimo de manteneros informados\/das y para dar respuesta a las dudas que genera esta situaci&oacute;n de excepcionalidad.<\/p>\n<p style=\"text-align: justify;\">\n\tSeguiremos informando de las novedades legislativas que se publiquen y quedamos a vuestra disposici&oacute;n para cualquier aclaraci&oacute;n y \/o duda.<\/p>\n","protected":false},"excerpt":{"rendered":"<p style=\"text-align: justify;\">\n\tEl Conseller de Trabajo y Asuntos Sociales y Familias ha avanzado que la Generalitat aprobar&aacute; un Decreto que consiste en una ayuda en forma de prestaci&oacute;n econ&oacute;mica para los trabajadores aut&oacute;nomos que acrediten una reducci&oacute;n dr&aacute;stica e involuntaria de su facturaci&oacute;n motivada por el coronavirus.<\/p>\n","protected":false},"author":2,"featured_media":6878,"comment_status":"open","ping_status":"open","sticky":false,"template":"","format":"standard","meta":{"_acf_changed":false,"_uag_custom_page_level_css":"","_jetpack_memberships_contains_paid_content":false,"footnotes":""},"categories":[26],"tags":[],"class_list":["post-6877","post","type-post","status-publish","format-standard","has-post-thumbnail","hentry","category-asesoria"],"acf":[],"jetpack_featured_media_url":"https:\/\/www.cinc.com\/wp-content\/uploads\/2023\/03\/1144-1.jpg","uagb_featured_image_src":{"full":["https:\/\/www.cinc.com\/wp-content\/uploads\/2023\/03\/1144-1.jpg",1112,361,false],"thumbnail":["https:\/\/www.cinc.com\/wp-content\/uploads\/2023\/03\/1144-1.jpg",150,49,false],"medium":["https:\/\/www.cinc.com\/wp-content\/uploads\/2023\/03\/1144-1.jpg",300,97,false],"medium_large":["https:\/\/www.cinc.com\/wp-content\/uploads\/2023\/03\/1144-1.jpg",768,249,false],"large":["https:\/\/www.cinc.com\/wp-content\/uploads\/2023\/03\/1144-1.jpg",960,312,false],"1536x1536":["https:\/\/www.cinc.com\/wp-content\/uploads\/2023\/03\/1144-1.jpg",1112,361,false],"2048x2048":["https:\/\/www.cinc.com\/wp-content\/uploads\/2023\/03\/1144-1.jpg",1112,361,false],"gform-image-choice-sm":["https:\/\/www.cinc.com\/wp-content\/uploads\/2023\/03\/1144-1.jpg",300,97,false],"gform-image-choice-md":["https:\/\/www.cinc.com\/wp-content\/uploads\/2023\/03\/1144-1.jpg",400,130,false],"gform-image-choice-lg":["https:\/\/www.cinc.com\/wp-content\/uploads\/2023\/03\/1144-1.jpg",600,195,false]},"uagb_author_info":{"display_name":"Utrans","author_link":"https:\/\/www.cinc.com\/es\/author\/utrans\/"},"uagb_comment_info":0,"uagb_excerpt":"El Conseller de Trabajo y Asuntos Sociales y Familias ha avanzado que la Generalitat aprobar&aacute; un Decreto que consiste en una ayuda en forma de prestaci&oacute;n econ&oacute;mica para los trabajadores aut&oacute;nomos que acrediten una reducci&oacute;n dr&aacute;stica e involuntaria de su facturaci&oacute;n motivada por el coronavirus.","jetpack_sharing_enabled":true,"_links":{"self":[{"href":"https:\/\/www.cinc.com\/es\/wp-json\/wp\/v2\/posts\/6877","targetHints":{"allow":["GET"]}}],"collection":[{"href":"https:\/\/www.cinc.com\/es\/wp-json\/wp\/v2\/posts"}],"about":[{"href":"https:\/\/www.cinc.com\/es\/wp-json\/wp\/v2\/types\/post"}],"author":[{"embeddable":true,"href":"https:\/\/www.cinc.com\/es\/wp-json\/wp\/v2\/users\/2"}],"replies":[{"embeddable":true,"href":"https:\/\/www.cinc.com\/es\/wp-json\/wp\/v2\/comments?post=6877"}],"version-history":[{"count":0,"href":"https:\/\/www.cinc.com\/es\/wp-json\/wp\/v2\/posts\/6877\/revisions"}],"wp:featuredmedia":[{"embeddable":true,"href":"https:\/\/www.cinc.com\/es\/wp-json\/wp\/v2\/media\/6878"}],"wp:attachment":[{"href":"https:\/\/www.cinc.com\/es\/wp-json\/wp\/v2\/media?parent=6877"}],"wp:term":[{"taxonomy":"category","embeddable":true,"href":"https:\/\/www.cinc.com\/es\/wp-json\/wp\/v2\/categories?post=6877"},{"taxonomy":"post_tag","embeddable":true,"href":"https:\/\/www.cinc.com\/es\/wp-json\/wp\/v2\/tags?post=6877"}],"curies":[{"name":"wp","href":"https:\/\/api.w.org\/{rel}","templated":true}]}}