{"id":6872,"date":"2020-03-17T00:00:00","date_gmt":"2020-03-17T00:00:00","guid":{"rendered":"https:\/\/www.cinc.com\/covid-19-recomendaciones-en-las-situaciones-de-guarda-compartida-y-regimen-de-comunicacion-y-estancias-establecido-por-resolucion-judicial\/"},"modified":"2020-03-17T00:00:00","modified_gmt":"2020-03-17T00:00:00","slug":"covid-19-recomendaciones-en-las-situaciones-de-guarda-compartida-y-regimen-de-comunicacion-y-estancias-establecido-por-resolucion-judicial","status":"publish","type":"post","link":"https:\/\/www.cinc.com\/es\/covid-19-recomendaciones-en-las-situaciones-de-guarda-compartida-y-regimen-de-comunicacion-y-estancias-establecido-por-resolucion-judicial\/","title":{"rendered":"COVID-19: Recomendaciones en las situaciones de guarda compartida y r\u00e9gimen de comunicaci\u00f3n y estancias establecido por resoluci\u00f3n judicial"},"content":{"rendered":"<div style=\"text-align: justify;\">\n\tLa Comisi&oacute;n de Derecho de Persona y Familia del Colegio de Abogados de Girona traslada las siguientes recomendaciones publicadas por el ICAB:<\/div>\n<div>\n<div style=\"text-align: justify;\">\n\t\t&nbsp;<\/div>\n<div style=\"text-align: justify;\">\n\t\tLos progenitores deben actuar ajustando el ejercicio de las responsabilidades parentales a las normas sanitarias.<\/div>\n<div style=\"text-align: justify;\">\n\t\t&nbsp;<\/div>\n<div style=\"text-align: justify;\">\n\t\tLa restricci&oacute;n de circulaci&oacute;n de personas del Real Decreto que declara el Estado de Alarma prev&eacute; los servicios b&aacute;sicos, atenci&oacute;n a personas dependientes y menores de edad. En este sentido, Protecci&oacute;n Civil permite la circulaci&oacute;n a efectos de los cambios en r&eacute;gimen de custodia compartida o &quot;similares&quot;.<\/div>\n<div style=\"text-align: justify;\">\n\t\t&nbsp;<\/div>\n<div style=\"text-align: justify;\">\n\t\tEn los reg&iacute;menes de custodia exclusiva de uno de los progenitores, a efectos de poder dar cumplimiento al r&eacute;gimen de comunicaci&oacute;n y estancias, los progenitores deben consensuar las modificaciones oportunas de manera que se garanticen los derechos de los menores y se eviten al m&aacute;ximo los riesgos para la salud.<\/div>\n<div style=\"text-align: justify;\">\n\t\t&nbsp;<\/div>\n<div style=\"text-align: justify;\">\n\t\tSi no es posible llegar a un consenso, se recomienda que deber&aacute; ser el progenitor custodio el que permanezca con el menor durante los 15 d&iacute;as del estado de alarma impidiendo de este modo (i) que los encuentros y visitas sin pernocta se puedan realizar en el espacio p&uacute;blico y (ii) que las visitas y encuentros con pernocta supongan un traslado excesivo de los menores y un riesgo para el contagio de ambos familiares.<\/div>\n<div style=\"text-align: justify;\">\n\t\t&nbsp;<\/div>\n<div style=\"text-align: justify;\">\n\t\tEstas recomendaciones se hacen sin perjuicio de poder dar cumplimiento al r&eacute;gimen de visitas mediante r&eacute;gimen telef&oacute;nico, Skype y\/u otros medios electr&oacute;nicos, que son completamente necesarios para el contacto del menor con el progenitor no custodio, preservando as&iacute; el derechos de los menores.<\/div>\n<div style=\"text-align: justify;\">\n\t\t&nbsp;<\/div>\n<div style=\"text-align: justify;\">\n\t\tEn los supuestos con hijos menores de edad de m&aacute;s de 12 a&ntilde;os habr&aacute; que escuchar sus opiniones y explicarles las circunstancias excepcionales del momento.<\/div>\n<div style=\"text-align: justify;\">\n\t\t&nbsp;<\/div>\n<div style=\"text-align: justify;\">\n\t\tHay que advertir que en todo momento debe prevalecer el inter&eacute;s superior de los menores y en este caso, tambi&eacute;n, el de su salud, dando cumplimiento en todo momento a las directrices del Ministerio de Sanidad.<\/div>\n<\/div>\n<p>\n\t&nbsp;<\/p>\n","protected":false},"excerpt":{"rendered":"<div style=\"text-align: justify;\">\n\tLa Comisi&oacute;n de Derecho de Persona y Familia del Colegio de Abogados de Girona traslada las siguientes recomendaciones publicadas por el ICAB.<\/div>\n<div>\n<div style=\"text-align: justify;\">\n\t\t&nbsp;<\/div>\n<\/div>\n<p>\n\t&nbsp;<\/p>\n","protected":false},"author":2,"featured_media":6873,"comment_status":"open","ping_status":"open","sticky":false,"template":"","format":"standard","meta":{"_acf_changed":false,"_uag_custom_page_level_css":"","_jetpack_memberships_contains_paid_content":false,"footnotes":""},"categories":[26],"tags":[],"class_list":["post-6872","post","type-post","status-publish","format-standard","has-post-thumbnail","hentry","category-asesoria"],"acf":[],"jetpack_featured_media_url":"https:\/\/www.cinc.com\/wp-content\/uploads\/2023\/03\/1143-1.jpg","uagb_featured_image_src":{"full":["https:\/\/www.cinc.com\/wp-content\/uploads\/2023\/03\/1143-1.jpg",1113,361,false],"thumbnail":["https:\/\/www.cinc.com\/wp-content\/uploads\/2023\/03\/1143-1.jpg",150,49,false],"medium":["https:\/\/www.cinc.com\/wp-content\/uploads\/2023\/03\/1143-1.jpg",300,97,false],"medium_large":["https:\/\/www.cinc.com\/wp-content\/uploads\/2023\/03\/1143-1.jpg",768,249,false],"large":["https:\/\/www.cinc.com\/wp-content\/uploads\/2023\/03\/1143-1.jpg",960,311,false],"1536x1536":["https:\/\/www.cinc.com\/wp-content\/uploads\/2023\/03\/1143-1.jpg",1113,361,false],"2048x2048":["https:\/\/www.cinc.com\/wp-content\/uploads\/2023\/03\/1143-1.jpg",1113,361,false],"gform-image-choice-sm":["https:\/\/www.cinc.com\/wp-content\/uploads\/2023\/03\/1143-1.jpg",300,97,false],"gform-image-choice-md":["https:\/\/www.cinc.com\/wp-content\/uploads\/2023\/03\/1143-1.jpg",400,130,false],"gform-image-choice-lg":["https:\/\/www.cinc.com\/wp-content\/uploads\/2023\/03\/1143-1.jpg",600,195,false]},"uagb_author_info":{"display_name":"Utrans","author_link":"https:\/\/www.cinc.com\/es\/author\/utrans\/"},"uagb_comment_info":0,"uagb_excerpt":"La Comisi&oacute;n de Derecho de Persona y Familia del Colegio de Abogados de Girona traslada las siguientes recomendaciones publicadas por el ICAB. &nbsp; &nbsp;","jetpack_sharing_enabled":true,"_links":{"self":[{"href":"https:\/\/www.cinc.com\/es\/wp-json\/wp\/v2\/posts\/6872","targetHints":{"allow":["GET"]}}],"collection":[{"href":"https:\/\/www.cinc.com\/es\/wp-json\/wp\/v2\/posts"}],"about":[{"href":"https:\/\/www.cinc.com\/es\/wp-json\/wp\/v2\/types\/post"}],"author":[{"embeddable":true,"href":"https:\/\/www.cinc.com\/es\/wp-json\/wp\/v2\/users\/2"}],"replies":[{"embeddable":true,"href":"https:\/\/www.cinc.com\/es\/wp-json\/wp\/v2\/comments?post=6872"}],"version-history":[{"count":0,"href":"https:\/\/www.cinc.com\/es\/wp-json\/wp\/v2\/posts\/6872\/revisions"}],"wp:featuredmedia":[{"embeddable":true,"href":"https:\/\/www.cinc.com\/es\/wp-json\/wp\/v2\/media\/6873"}],"wp:attachment":[{"href":"https:\/\/www.cinc.com\/es\/wp-json\/wp\/v2\/media?parent=6872"}],"wp:term":[{"taxonomy":"category","embeddable":true,"href":"https:\/\/www.cinc.com\/es\/wp-json\/wp\/v2\/categories?post=6872"},{"taxonomy":"post_tag","embeddable":true,"href":"https:\/\/www.cinc.com\/es\/wp-json\/wp\/v2\/tags?post=6872"}],"curies":[{"name":"wp","href":"https:\/\/api.w.org\/{rel}","templated":true}]}}