{"id":6822,"date":"2020-02-14T00:00:00","date_gmt":"2020-02-14T00:00:00","guid":{"rendered":"https:\/\/www.cinc.com\/como-compatibilizar-la-prestacion-por-desempleo-con-el-trabajo-autonomo\/"},"modified":"2020-02-14T00:00:00","modified_gmt":"2020-02-14T00:00:00","slug":"como-compatibilizar-la-prestacion-por-desempleo-con-el-trabajo-autonomo","status":"publish","type":"post","link":"https:\/\/www.cinc.com\/es\/como-compatibilizar-la-prestacion-por-desempleo-con-el-trabajo-autonomo\/","title":{"rendered":"C\u00f3mo compatibilizar la prestaci\u00f3n por desempleo con el trabajo aut\u00f3nomo"},"content":{"rendered":"<div style=\"text-align: justify;\">\n\t&iquest;Sab&iacute;as que es posible recibir la prestaci&oacute;n por desempleo a la vez que inicias una actividad por cuenta propia? Hasta hace unos a&ntilde;os, los aut&oacute;nomos que decid&iacute;an darse de alta perd&iacute;an la posibilidad de percibir el paro en el futuro, por lo que la &uacute;nica alternativa consist&iacute;a en la capitalizaci&oacute;n o pago &uacute;nico anticipado. La otra opci&oacute;n que permit&iacute;a compatibilizar el paro con su actividad solo era accesible para las personas menores de 30 a&ntilde;os que se dieran de alta por primera vez en el r&eacute;gimen de aut&oacute;nomos (RETA) y no tuvieran trabajadores a cargo.&nbsp;<\/div>\n<div style=\"text-align: justify;\">\n\t&nbsp;<\/div>\n<div style=\"text-align: justify;\">\n\tCon la entrada en vigor la Ley de Reformas Urgentes al Trabajo Aut&oacute;nomo en 2015, se introdujeron una serie de medidas encaminadas a favorecer el emprendimiento y el autoempleo que han hecho posible:<\/div>\n<div style=\"text-align: justify;\">\n\t&nbsp;<\/div>\n<div style=\"text-align: justify;\">\n\t&bull;<span style=\"white-space:pre\"> <\/span>La compatibilizaci&oacute;n de la prestaci&oacute;n por desempleo con el inicio de una actividad por cuenta propia sin restricciones de edad.<\/div>\n<div style=\"text-align: justify;\">\n\t&bull;<span style=\"white-space:pre\"> <\/span>La reanudaci&oacute;n del cobro de la prestaci&oacute;n por desempleo tras realizar una actividad por cuenta propia antes de 9 meses, con un plazo ampliado de cinco a&ntilde;os desde el alta como aut&oacute;nomo para recuperar el desempleo pendiente.<\/div>\n<div style=\"text-align: justify;\">\n\t&bull;<span style=\"white-space:pre\"> <\/span>El acceso a la capitalizaci&oacute;n por desempleo sin l&iacute;mite de edad.<\/div>\n<div style=\"text-align: justify;\">\n\t&nbsp;<\/div>\n<div style=\"text-align: justify;\">\n\tEstas opciones permiten a los emprendedores y emprendedoras que provienen de una situaci&oacute;n de desempleo percibir ingresos durante el estadio inicial de su negocio para lograr una mayor solvencia, adem&aacute;s de poder recuperar el acceso a la prestaci&oacute;n si cesan su actividad. A continuaci&oacute;n, te explicamos en qu&eacute; consiste cada una de ellas:<\/div>\n<div style=\"text-align: justify;\">\n\t&nbsp;<\/div>\n<div style=\"text-align: justify;\">\n<h2 class=\"h2Noticia\">\n\t\tTrabajar como aut&oacute;nomo y cobrar la prestaci&oacute;n por desempleo<\/h2>\n<hr \/>\n<\/div>\n<div style=\"text-align: justify;\">\n\tCon esta modalidad, puedes darte de alta en el RETA y cobrar el paro durante un tiempo m&aacute;ximo de 9 meses (270 d&iacute;as) o el tiempo acumulado que te quedase por percibir. Sin embargo, queda excluida la posibilidad de realizar un trabajo por cuenta ajena a tiempo completo o parcial o estar en situaci&oacute;n de pluriactividad.<\/div>\n<div style=\"text-align: justify;\">\n\t&nbsp;<\/div>\n<div style=\"text-align: justify;\">\n\tDeber&aacute;s solicitarlo en el plazo improrrogable de 15 d&iacute;as desde la fecha de inicio de la actividad por cuenta propia. De esta manera, recibir&aacute;s el 100% de la prestaci&oacute;n por desempleo con el descuento del IRPF, sin deducci&oacute;n de cotizaci&oacute;n a la seguridad social.<\/div>\n<div style=\"text-align: justify;\">\n\t&nbsp;<\/div>\n<div style=\"text-align: justify;\">\n<h2 class=\"h2Noticia\">\n\t\t&iquest;Qu&eacute; l&iacute;mites hay en el cobro del paro y ser aut&oacute;nomo\/a al mismo tiempo?<\/h2>\n<hr \/>\n<\/div>\n<div style=\"text-align: justify;\">\n\tSeg&uacute;n el art&iacute;culo 33 de la Ley de Fomento del Trabajo Aut&oacute;nomo, no puedes compatibilizar la prestaci&oacute;n por desempleo con tu actividad como aut&oacute;nomo\/a en los siguientes casos:<\/div>\n<ul>\n<li style=\"text-align: justify;\">\n\t\tCuando has recibido la capitalizaci&oacute;n del paro en los 24 meses anteriores al inicio de la actividad.<\/li>\n<li style=\"text-align: justify;\">\n\t\tSi el &uacute;ltimo empleo que has tenido ha sido por cuenta propia.<\/li>\n<li style=\"text-align: justify;\">\n\t\tSi al darte de alta como aut&oacute;nomo\/a firmas un contrato con la empresa empleadora para quien ya prestaste tus servicios antes de tu situaci&oacute;n de desempleo.<\/li>\n<li style=\"text-align: justify;\">\n\t\tSi te das de alta en alg&uacute;n r&eacute;gimen de la seguridad social para incorporarte como socio\/a en una sociedad mercantil.<\/li>\n<\/ul>\n<div style=\"text-align: justify;\">\n\tReanudaci&oacute;n del cobro de la prestaci&oacute;n por desempleo tras cesar la actividad como aut&oacute;nomo\/a<\/div>\n<div style=\"text-align: justify;\">\n\t&nbsp;<\/div>\n<div style=\"text-align: justify;\">\n\tEn caso de que decidas abandonar la actividad por cuenta propia, dispones de dos plazos de tiempo para poder recuperar tu derecho a la prestaci&oacute;n por desempleo:&nbsp;<\/div>\n<div style=\"text-align: justify;\">\n\t&nbsp;<\/div>\n<div style=\"text-align: justify;\">\n\ta)<span style=\"white-space:pre\"> <\/span>Si cesas tu actividad como aut&oacute;nomo\/a antes de 9 meses<\/div>\n<div style=\"text-align: justify;\">\n\tb)<span style=\"white-space:pre\"> <\/span>Una vez transcurridos los 9 meses, dispones de un plazo m&aacute;ximo de 5 a&ntilde;os (60 meses) para poder solicitarlo el paro de nuevo. Una vez transcurrido este tiempo, quedar&iacute;a extinguido el derecho a la prestaci&oacute;n.<\/div>\n<div style=\"text-align: justify;\">\n\t&nbsp;<\/div>\n<div style=\"text-align: justify;\">\n\tEn ambas situaciones, tras finalizar tu actividad como aut&oacute;nomo\/a tendr&aacute;s un plazo de 15 d&iacute;as h&aacute;biles para poder solicitar la reanudaci&oacute;n de la prestaci&oacute;n.&nbsp;<\/div>\n<div style=\"text-align: justify;\">\n<div>\n\t\t&nbsp;<\/div>\n<div>\n<h2 class=\"h2Noticia\">\n\t\t\t&iquest;Cu&aacute;les son los requisitos para poder solicitar la capitalizaci&oacute;n del paro?<\/h2>\n<hr \/><\/div>\n<div>\n\t\tLa otra alternativa a la que puedes recurrir es la capitalizaci&oacute;n del paro, que permite recibir de forma anticipada la prestaci&oacute;n por desempleo para poder poner en marcha tu actividad emprendedora.&nbsp;<\/div>\n<\/div>\n<div style=\"text-align: justify;\">\n\t&nbsp;<\/div>\n<div style=\"text-align: justify;\">\n\tAntes, s&oacute;lo pod&iacute;an recurrir a esta opci&oacute;n los hombres menores de 30 a&ntilde;os y las mujeres menores de 35, pero con la entrada en vigor de la Ley de Reformas Urgentes del Trabajo Aut&oacute;nomo de 2015, se retir&oacute; el l&iacute;mite de edad y cualquier persona puede solicitarla bajo una serie de condiciones que detallamos a continuaci&oacute;n.&nbsp;<\/div>\n<div style=\"text-align: justify;\">\n\t&nbsp;<\/div>\n<div style=\"text-align: justify;\">\n\tPara poder solicitar la capitalizaci&oacute;n del paro, deben cumplirse los siguientes requisitos:<\/div>\n<ul>\n<li style=\"text-align: justify;\">\n\t\tEncontrarse en situaci&oacute;n de desempleo.<\/li>\n<li style=\"text-align: justify;\">\n\t\tNo haber cobrado nunca el pago &uacute;nico en los 4 a&ntilde;os anteriores.<\/li>\n<li style=\"text-align: justify;\">\n\t\tSer beneficiario\/a de una prestaci&oacute;n contributiva y tener, como m&iacute;nimo, 3 meses pendientes de cobro del paro.<\/li>\n<li style=\"text-align: justify;\">\n\t\tDebe solicitarse un mes m&aacute;ximo antes del inicio de la actividad.<\/li>\n<li style=\"text-align: justify;\">\n\t\tNo haber compatibilizado la prestaci&oacute;n de desempleo con un trabajo aut&oacute;nomo en los &uacute;ltimos 24 meses.<\/li>\n<li style=\"text-align: justify;\">\n\t\tEn caso de impugnar el cese de la relaci&oacute;n laboral que ha provocado la situaci&oacute;n de desempleo, la solicitud de pago &uacute;nico debe ser posterior a la resoluci&oacute;n del procedimiento.<\/li>\n<li style=\"text-align: justify;\">\n\t\tTampoco se puede capitalizar el desempleo si te das de alta como aut&oacute;nomo\/a econ&oacute;micamente dependiente (TRADE) en caso de que hayas tenido un v&iacute;nculo contractual con la empresa para la que has prestado tus servicios antes de la situaci&oacute;n de desempleo.<\/li>\n<\/ul>\n<div style=\"text-align: justify;\">\n\tEn CINC ofrecemos servicios de informaci&oacute;n, tramitaci&oacute;n de documentaci&oacute;n y asesoramiento como Punto de Atenci&oacute;n al Emprendedor (PAE).<\/div>\n<div style=\"text-align: justify;\">\n\t&nbsp;<\/div>\n<div style=\"text-align: justify;\">\n\tSi est&aacute;s en situaci&oacute;n por desempleo con derecho a prestaci&oacute;n y est&aacute;s pensando en iniciar una actividad por cuenta propia, no dudes en contactarnos para recibir asesoramiento personalizado:<\/div>\n<div style=\"text-align: justify;\">\n\t&nbsp;<\/div>\n<div style=\"text-align: justify;\">\n\tinfo@cinc.es<\/div>\n<div style=\"text-align: justify;\">\n\t933 030 060<\/div>\n","protected":false},"excerpt":{"rendered":"<p style=\"text-align: justify;\">\n\t<span style=\"text-align: justify;\">&iquest;Sab&iacute;as que es posible recibir la prestaci&oacute;n por desempleo a la vez que inicias una actividad por cuenta propia? Hasta hace unos a&ntilde;os, los aut&oacute;nomos que decid&iacute;an darse de alta perd&iacute;an la posibilidad de percibir el paro en el futuro, por lo que la &uacute;nica alternativa consist&iacute;a en la capitalizaci&oacute;n o pago &uacute;nico anticipado.&nbsp;<\/span><\/p>\n","protected":false},"author":2,"featured_media":6823,"comment_status":"open","ping_status":"open","sticky":false,"template":"","format":"standard","meta":{"_acf_changed":false,"_uag_custom_page_level_css":"","_jetpack_memberships_contains_paid_content":false,"footnotes":""},"categories":[27,25],"tags":[],"class_list":["post-6822","post","type-post","status-publish","format-standard","has-post-thumbnail","hentry","category-emprendimiento","category-centro-de-negocios"],"acf":[],"jetpack_featured_media_url":"https:\/\/www.cinc.com\/wp-content\/uploads\/2023\/03\/1130-1.jpg","uagb_featured_image_src":{"full":["https:\/\/www.cinc.com\/wp-content\/uploads\/2023\/03\/1130-1.jpg",1113,361,false],"thumbnail":["https:\/\/www.cinc.com\/wp-content\/uploads\/2023\/03\/1130-1.jpg",150,49,false],"medium":["https:\/\/www.cinc.com\/wp-content\/uploads\/2023\/03\/1130-1.jpg",300,97,false],"medium_large":["https:\/\/www.cinc.com\/wp-content\/uploads\/2023\/03\/1130-1.jpg",768,249,false],"large":["https:\/\/www.cinc.com\/wp-content\/uploads\/2023\/03\/1130-1.jpg",960,311,false],"1536x1536":["https:\/\/www.cinc.com\/wp-content\/uploads\/2023\/03\/1130-1.jpg",1113,361,false],"2048x2048":["https:\/\/www.cinc.com\/wp-content\/uploads\/2023\/03\/1130-1.jpg",1113,361,false],"gform-image-choice-sm":["https:\/\/www.cinc.com\/wp-content\/uploads\/2023\/03\/1130-1.jpg",300,97,false],"gform-image-choice-md":["https:\/\/www.cinc.com\/wp-content\/uploads\/2023\/03\/1130-1.jpg",400,130,false],"gform-image-choice-lg":["https:\/\/www.cinc.com\/wp-content\/uploads\/2023\/03\/1130-1.jpg",600,195,false]},"uagb_author_info":{"display_name":"Utrans","author_link":"https:\/\/www.cinc.com\/es\/author\/utrans\/"},"uagb_comment_info":0,"uagb_excerpt":"&iquest;Sab&iacute;as que es posible recibir la prestaci&oacute;n por desempleo a la vez que inicias una actividad por cuenta propia? Hasta hace unos a&ntilde;os, los aut&oacute;nomos que decid&iacute;an darse de alta perd&iacute;an la posibilidad de percibir el paro en el futuro, por lo que la &uacute;nica alternativa consist&iacute;a en la capitalizaci&oacute;n o pago &uacute;nico anticipado.&nbsp;","jetpack_sharing_enabled":true,"_links":{"self":[{"href":"https:\/\/www.cinc.com\/es\/wp-json\/wp\/v2\/posts\/6822","targetHints":{"allow":["GET"]}}],"collection":[{"href":"https:\/\/www.cinc.com\/es\/wp-json\/wp\/v2\/posts"}],"about":[{"href":"https:\/\/www.cinc.com\/es\/wp-json\/wp\/v2\/types\/post"}],"author":[{"embeddable":true,"href":"https:\/\/www.cinc.com\/es\/wp-json\/wp\/v2\/users\/2"}],"replies":[{"embeddable":true,"href":"https:\/\/www.cinc.com\/es\/wp-json\/wp\/v2\/comments?post=6822"}],"version-history":[{"count":0,"href":"https:\/\/www.cinc.com\/es\/wp-json\/wp\/v2\/posts\/6822\/revisions"}],"wp:featuredmedia":[{"embeddable":true,"href":"https:\/\/www.cinc.com\/es\/wp-json\/wp\/v2\/media\/6823"}],"wp:attachment":[{"href":"https:\/\/www.cinc.com\/es\/wp-json\/wp\/v2\/media?parent=6822"}],"wp:term":[{"taxonomy":"category","embeddable":true,"href":"https:\/\/www.cinc.com\/es\/wp-json\/wp\/v2\/categories?post=6822"},{"taxonomy":"post_tag","embeddable":true,"href":"https:\/\/www.cinc.com\/es\/wp-json\/wp\/v2\/tags?post=6822"}],"curies":[{"name":"wp","href":"https:\/\/api.w.org\/{rel}","templated":true}]}}