{"id":6777,"date":"2020-01-13T00:00:00","date_gmt":"2020-01-13T00:00:00","guid":{"rendered":"https:\/\/www.cinc.com\/cinc-firma-un-acuerdo-con-el-racc-y-la-asociacion-mifas-para-promover-la-contratacion-de-una-asistencia-pionera-para-vehiculos-de-movilidad-personal\/"},"modified":"2020-01-13T00:00:00","modified_gmt":"2020-01-13T00:00:00","slug":"cinc-firma-un-acuerdo-con-el-racc-y-la-asociacion-mifas-para-promover-la-contratacion-de-una-asistencia-pionera-para-vehiculos-de-movilidad-personal","status":"publish","type":"post","link":"https:\/\/www.cinc.com\/es\/cinc-firma-un-acuerdo-con-el-racc-y-la-asociacion-mifas-para-promover-la-contratacion-de-una-asistencia-pionera-para-vehiculos-de-movilidad-personal\/","title":{"rendered":"CINC firma un acuerdo con el RACC y la Asociaci\u00f3n MIFAS para promover la contrataci\u00f3n de una asistencia pionera para veh\u00edculos de movilidad personal"},"content":{"rendered":"<div style=\"text-align: justify;\">\n\tEl pasado 11 de diciembre CINC firm&oacute; con el RACC y la Asociaci&oacute;n MIFAS un acuerdo para promover un servicio de asistencia que incorpora por primera vez los veh&iacute;culos el&eacute;ctricos para personas con movilidad reducida, que incluyen las sillas de ruedas el&eacute;ctricas.&nbsp;<\/div>\n<div style=\"text-align: justify;\">\n\t&nbsp;<\/div>\n<div style=\"text-align: justify;\">\n\tLos usuarios de este tipo de veh&iacute;culos, sean sillas de ruedas el&eacute;ctricas o accesorios el&eacute;ctricos de movilidad personal podr&aacute;n contratar a trav&eacute;s de CINC la asistencia RACC Scoot +, que incluye una garant&iacute;a de responsabilidad civil de hasta 300.000 &euro; para cualquier accidente con terceros; asistencia sanitaria urgente, que cubre hasta 600 &euro; de gastos m&eacute;dicos; la posibilidad de realizar consultas sobre salud por tel&eacute;fono a un m&eacute;dico de guardia las 24 horas del d&iacute;a; la solicitud de asistencia por geolocalizaci&oacute;n a trav&eacute;s de una aplicaci&oacute;n; y asistencia jur&iacute;dica para evitar dolores de cabeza y gesti&oacute;n de multas. Adem&aacute;s, el servicio incorpora como novedad la asistencia mec&aacute;nica al veh&iacute;culo el&eacute;ctrico, que incluye la reparaci&oacute;n en el lugar de la aver&iacute;a y cobertura de hasta 25 km de distancia del domicilio habitual o, en caso de que sea temporal, con el mismo l&iacute;mite de donde est&eacute; alojado.<\/div>\n<div style=\"text-align: justify;\">\n\t&nbsp;<\/div>\n<div style=\"text-align: justify;\">\n\tPor ello, MIFAS apuesta por esta cobertura espec&iacute;fica para veh&iacute;culos el&eacute;ctricos de movilidad personal, ya que es la primera en este &aacute;mbito y ofrece la asistencia mec&aacute;nica, un servicio imprescindible para personas con movilidad reducida que sufran una aver&iacute;a y necesiten una reparaci&oacute;n o traslado inmediatos.<\/div>\n<div style=\"text-align: justify;\">\n\t&nbsp;<\/div>\n","protected":false},"excerpt":{"rendered":"<p style=\"text-align: justify;\">\n\tEl pasado 11 de diciembre CINC firm&oacute; con el RACC y la Asociaci&oacute;n MIFAS un acuerdo para promover un servicio de asistencia que incorpora por primera vez los veh&iacute;culos el&eacute;ctricos para personas con movilidad reducida, que incluyen las sillas de ruedas el&eacute;ctricas.&nbsp;<\/p>\n","protected":false},"author":2,"featured_media":6778,"comment_status":"open","ping_status":"open","sticky":false,"template":"","format":"standard","meta":{"_acf_changed":false,"_uag_custom_page_level_css":"","_jetpack_memberships_contains_paid_content":false,"footnotes":""},"categories":[30],"tags":[],"class_list":["post-6777","post","type-post","status-publish","format-standard","has-post-thumbnail","hentry","category-grupo-cinc"],"acf":[],"jetpack_featured_media_url":"https:\/\/www.cinc.com\/wp-content\/uploads\/2023\/03\/1119-1.jpg","uagb_featured_image_src":{"full":["https:\/\/www.cinc.com\/wp-content\/uploads\/2023\/03\/1119-1.jpg",1113,361,false],"thumbnail":["https:\/\/www.cinc.com\/wp-content\/uploads\/2023\/03\/1119-1.jpg",150,49,false],"medium":["https:\/\/www.cinc.com\/wp-content\/uploads\/2023\/03\/1119-1.jpg",300,97,false],"medium_large":["https:\/\/www.cinc.com\/wp-content\/uploads\/2023\/03\/1119-1.jpg",768,249,false],"large":["https:\/\/www.cinc.com\/wp-content\/uploads\/2023\/03\/1119-1.jpg",960,311,false],"1536x1536":["https:\/\/www.cinc.com\/wp-content\/uploads\/2023\/03\/1119-1.jpg",1113,361,false],"2048x2048":["https:\/\/www.cinc.com\/wp-content\/uploads\/2023\/03\/1119-1.jpg",1113,361,false],"gform-image-choice-sm":["https:\/\/www.cinc.com\/wp-content\/uploads\/2023\/03\/1119-1.jpg",300,97,false],"gform-image-choice-md":["https:\/\/www.cinc.com\/wp-content\/uploads\/2023\/03\/1119-1.jpg",400,130,false],"gform-image-choice-lg":["https:\/\/www.cinc.com\/wp-content\/uploads\/2023\/03\/1119-1.jpg",600,195,false]},"uagb_author_info":{"display_name":"Utrans","author_link":"https:\/\/www.cinc.com\/es\/author\/utrans\/"},"uagb_comment_info":0,"uagb_excerpt":"El pasado 11 de diciembre CINC firm&oacute; con el RACC y la Asociaci&oacute;n MIFAS un acuerdo para promover un servicio de asistencia que incorpora por primera vez los veh&iacute;culos el&eacute;ctricos para personas con movilidad reducida, que incluyen las sillas de ruedas el&eacute;ctricas.&nbsp;","jetpack_sharing_enabled":true,"_links":{"self":[{"href":"https:\/\/www.cinc.com\/es\/wp-json\/wp\/v2\/posts\/6777","targetHints":{"allow":["GET"]}}],"collection":[{"href":"https:\/\/www.cinc.com\/es\/wp-json\/wp\/v2\/posts"}],"about":[{"href":"https:\/\/www.cinc.com\/es\/wp-json\/wp\/v2\/types\/post"}],"author":[{"embeddable":true,"href":"https:\/\/www.cinc.com\/es\/wp-json\/wp\/v2\/users\/2"}],"replies":[{"embeddable":true,"href":"https:\/\/www.cinc.com\/es\/wp-json\/wp\/v2\/comments?post=6777"}],"version-history":[{"count":0,"href":"https:\/\/www.cinc.com\/es\/wp-json\/wp\/v2\/posts\/6777\/revisions"}],"wp:featuredmedia":[{"embeddable":true,"href":"https:\/\/www.cinc.com\/es\/wp-json\/wp\/v2\/media\/6778"}],"wp:attachment":[{"href":"https:\/\/www.cinc.com\/es\/wp-json\/wp\/v2\/media?parent=6777"}],"wp:term":[{"taxonomy":"category","embeddable":true,"href":"https:\/\/www.cinc.com\/es\/wp-json\/wp\/v2\/categories?post=6777"},{"taxonomy":"post_tag","embeddable":true,"href":"https:\/\/www.cinc.com\/es\/wp-json\/wp\/v2\/tags?post=6777"}],"curies":[{"name":"wp","href":"https:\/\/api.w.org\/{rel}","templated":true}]}}