{"id":6677,"date":"2019-09-17T00:00:00","date_gmt":"2019-09-17T00:00:00","guid":{"rendered":"https:\/\/www.cinc.com\/este-mes-finaliza-el-plazo-para-solicitar-la-devolucion-del-iva-soportado-en-paises-de-la-union-europea\/"},"modified":"2019-09-17T00:00:00","modified_gmt":"2019-09-17T00:00:00","slug":"este-mes-finaliza-el-plazo-para-solicitar-la-devolucion-del-iva-soportado-en-paises-de-la-union-europea","status":"publish","type":"post","link":"https:\/\/www.cinc.com\/es\/este-mes-finaliza-el-plazo-para-solicitar-la-devolucion-del-iva-soportado-en-paises-de-la-union-europea\/","title":{"rendered":"Este mes finaliza el plazo para solicitar la devoluci\u00f3n del IVA soportado en pa\u00edses de la Uni\u00f3n Europea"},"content":{"rendered":"<div style=\"text-align: justify;\">\n<div>\n\t\tTodos aquellos profesionales y empresarios establecidos en el territorio espa&ntilde;ol que durante 2018 hayan soportado el IVA en otro pa&iacute;s de la Uni&oacute;n Europea podr&aacute;n solicitar su devoluci&oacute;n a trav&eacute;s del modelo 360.<\/div>\n<div>\n\t\t&nbsp;<\/div>\n<div>\n<h2 class=\"h2Noticia\">\n\t\t\t&iquest;Qu&eacute; aspectos hay que tener en cuenta para presentar el modelo 360?<\/h2>\n<hr \/><\/div>\n<div>\n\t\t&nbsp;<\/div>\n<div>\n\t\t&bull; El plazo para presentar la solicitud de la devoluci&oacute;n finaliza el 30 de septiembre de 2019.<\/div>\n<div>\n\t\t&bull; Si el importe es mayor de 400 euros, se puede presentar el modelo 360 de forma trimestral. En caso contrario, habr&aacute; que hacerlo de forma anual.<\/div>\n<div>\n\t\t&bull; El importe total de la devoluci&oacute;n no podr&aacute; ser inferior a 50 euros.<\/div>\n<div>\n\t\t&bull; Hay que presentar una solicitud por cada uno de los pa&iacute;ses donde se haya realizado la transacci&oacute;n.<\/div>\n<div>\n\t\t&bull; S&oacute;lo se podr&aacute; solicitar la devoluci&oacute;n del IVA de aquellas transacciones que sean deducibles de acuerdo con la normativa estatal.<\/div>\n<div>\n\t\t&bull; Hay que aportar una copia de la factura de cada una de los gastos relacionados con la actividad a nombre de la empresa.<\/div>\n<div>\n\t\t&bull; Es obligatorio presentar el modelo 360 por v&iacute;a telem&aacute;tica a trav&eacute;s de Internet con certificado digital. Si se hace a trav&eacute;s de un tercero, debe estar autorizado para recibir las notificaciones telem&aacute;ticas del contribuyente.<\/div>\n<div>\n\t\t&nbsp;<\/div>\n<div>\n\t\tPara m&aacute;s informaci&oacute;n y aclaraci&oacute;n de dudas puedes contactar con nuestro Departamento Fiscal (cinc@cinc.es).<\/div>\n<div>\n\t\t&nbsp;<\/div>\n<div>\n\t\tCordialmente,<\/div>\n<div>\n\t\t&nbsp;<\/div>\n<div>\n\t\tCINC Asesor&iacute;a de Empresas<\/div>\n<\/div>\n<p>\n\t&nbsp;<\/p>\n","protected":false},"excerpt":{"rendered":"<p style=\"text-align: justify;\">\n\tTodos aquellos profesionales y empresarios establecidos en el territorio espa&ntilde;ol que durante 2018 hayan soportado el IVA en otro pa&iacute;s de la Uni&oacute;n Europea podr&aacute;n solicitar su devoluci&oacute;n a trav&eacute;s del modelo 360.<\/p>\n","protected":false},"author":2,"featured_media":6678,"comment_status":"open","ping_status":"open","sticky":false,"template":"","format":"standard","meta":{"_acf_changed":false,"_uag_custom_page_level_css":"","_jetpack_memberships_contains_paid_content":false,"footnotes":""},"categories":[26],"tags":[],"class_list":["post-6677","post","type-post","status-publish","format-standard","has-post-thumbnail","hentry","category-asesoria"],"acf":[],"jetpack_featured_media_url":"https:\/\/www.cinc.com\/wp-content\/uploads\/2023\/03\/1099-1.jpg","uagb_featured_image_src":{"full":["https:\/\/www.cinc.com\/wp-content\/uploads\/2023\/03\/1099-1.jpg",1113,361,false],"thumbnail":["https:\/\/www.cinc.com\/wp-content\/uploads\/2023\/03\/1099-1.jpg",150,49,false],"medium":["https:\/\/www.cinc.com\/wp-content\/uploads\/2023\/03\/1099-1.jpg",300,97,false],"medium_large":["https:\/\/www.cinc.com\/wp-content\/uploads\/2023\/03\/1099-1.jpg",768,249,false],"large":["https:\/\/www.cinc.com\/wp-content\/uploads\/2023\/03\/1099-1.jpg",960,311,false],"1536x1536":["https:\/\/www.cinc.com\/wp-content\/uploads\/2023\/03\/1099-1.jpg",1113,361,false],"2048x2048":["https:\/\/www.cinc.com\/wp-content\/uploads\/2023\/03\/1099-1.jpg",1113,361,false],"gform-image-choice-sm":["https:\/\/www.cinc.com\/wp-content\/uploads\/2023\/03\/1099-1.jpg",300,97,false],"gform-image-choice-md":["https:\/\/www.cinc.com\/wp-content\/uploads\/2023\/03\/1099-1.jpg",400,130,false],"gform-image-choice-lg":["https:\/\/www.cinc.com\/wp-content\/uploads\/2023\/03\/1099-1.jpg",600,195,false]},"uagb_author_info":{"display_name":"Utrans","author_link":"https:\/\/www.cinc.com\/es\/author\/utrans\/"},"uagb_comment_info":0,"uagb_excerpt":"Todos aquellos profesionales y empresarios establecidos en el territorio espa&ntilde;ol que durante 2018 hayan soportado el IVA en otro pa&iacute;s de la Uni&oacute;n Europea podr&aacute;n solicitar su devoluci&oacute;n a trav&eacute;s del modelo 360.","jetpack_sharing_enabled":true,"_links":{"self":[{"href":"https:\/\/www.cinc.com\/es\/wp-json\/wp\/v2\/posts\/6677","targetHints":{"allow":["GET"]}}],"collection":[{"href":"https:\/\/www.cinc.com\/es\/wp-json\/wp\/v2\/posts"}],"about":[{"href":"https:\/\/www.cinc.com\/es\/wp-json\/wp\/v2\/types\/post"}],"author":[{"embeddable":true,"href":"https:\/\/www.cinc.com\/es\/wp-json\/wp\/v2\/users\/2"}],"replies":[{"embeddable":true,"href":"https:\/\/www.cinc.com\/es\/wp-json\/wp\/v2\/comments?post=6677"}],"version-history":[{"count":0,"href":"https:\/\/www.cinc.com\/es\/wp-json\/wp\/v2\/posts\/6677\/revisions"}],"wp:featuredmedia":[{"embeddable":true,"href":"https:\/\/www.cinc.com\/es\/wp-json\/wp\/v2\/media\/6678"}],"wp:attachment":[{"href":"https:\/\/www.cinc.com\/es\/wp-json\/wp\/v2\/media?parent=6677"}],"wp:term":[{"taxonomy":"category","embeddable":true,"href":"https:\/\/www.cinc.com\/es\/wp-json\/wp\/v2\/categories?post=6677"},{"taxonomy":"post_tag","embeddable":true,"href":"https:\/\/www.cinc.com\/es\/wp-json\/wp\/v2\/tags?post=6677"}],"curies":[{"name":"wp","href":"https:\/\/api.w.org\/{rel}","templated":true}]}}