{"id":6460,"date":"2018-11-15T00:00:00","date_gmt":"2018-11-15T00:00:00","guid":{"rendered":"https:\/\/www.cinc.com\/la-base-de-cotizacion-de-los-autonomos-aumentara-140-euros-anuales-el-ano-que-viene\/"},"modified":"2018-11-15T00:00:00","modified_gmt":"2018-11-15T00:00:00","slug":"la-base-de-cotizacion-de-los-autonomos-aumentara-140-euros-anuales-el-ano-que-viene","status":"publish","type":"post","link":"https:\/\/www.cinc.com\/es\/la-base-de-cotizacion-de-los-autonomos-aumentara-140-euros-anuales-el-ano-que-viene\/","title":{"rendered":"La base de cotizaci\u00f3n de los aut\u00f3nomos aumentar\u00e1 140 euros anuales el a\u00f1o que viene"},"content":{"rendered":"<div style=\"text-align: justify;\">\n\tLa base m&iacute;nima de cotizaci&oacute;n de los aut&oacute;nomos subir&aacute; en 2019 un 1,25%, seg&uacute;n ha acordado el Gobierno con la mayor&iacute;a de las organizaciones de aut&oacute;nomos. As&iacute;, la cotizaci&oacute;n pasar&iacute;a de los 932,70 euros a 944,35 euros mensuales, que se traduce en un incremento de la cuota de 11,65 euros mensuales y 139,98 euros anuales.<\/div>\n<div style=\"text-align: justify;\">\n\t&nbsp;<\/div>\n<div style=\"text-align: justify;\">\n\tSin embargo, el Gobierno contempla la posibilidad de destinar m&aacute;s protecci&oacute;n social a los aut&oacute;nomos, ya que considera que se puede financiar con el incremento en las cotizaciones. Esta medida proporcionar&iacute;a una mayor cobertura a los aut&oacute;nomos en lo que respecta a las bajas laborales por enfermedad com&uacute;n, cese de actividad, protecci&oacute;n por desempleo y mejora de la formaci&oacute;n, entre otros.<\/div>\n<div style=\"text-align: justify;\">\n\t&nbsp;<\/div>\n<div style=\"text-align: justify;\">\n\tPor otra parte, tambi&eacute;n est&aacute; previsto que la conocida &quot;tarifa plana&quot; de aut&oacute;nomos suba de 50 a 60 euros al mes a partir del pr&oacute;ximo a&ntilde;o, ya que los aut&oacute;nomos beneficiarios de esta cuota reducida tambi&eacute;n podr&aacute;n acceder a las mejoras en las prestaciones acordadas.<\/div>\n<div style=\"text-align: justify;\">\n\t&nbsp;<\/div>\n<div style=\"text-align: justify;\">\n\tEl Gobierno y las organizaciones de aut&oacute;nomos tambi&eacute;n han tratado sobre la posibilidad de que en el futuro los aut&oacute;nomos s&oacute;lo coticen a la Seguridad Social en funci&oacute;n de los ingresos obtenidos. Esta posible reforma ser&iacute;a de gran trascendencia para los aut&oacute;nomos, pero queda pendiente de ser discutida el pr&oacute;ximo a&ntilde;o por el Ejecutivo y los colectivos de aut&oacute;nomos.<\/div>\n<div>\n\t&nbsp;<\/div>\n","protected":false},"excerpt":{"rendered":"<p style=\"text-align: justify;\">\n\tLa base m&iacute;nima de cotizaci&oacute;n de los aut&oacute;nomos subir&aacute; en 2019 un 1,25%, seg&uacute;n ha acordado el Gobierno con la mayor&iacute;a de las organizaciones de aut&oacute;nomos. As&iacute;, la cotizaci&oacute;n pasar&iacute;a de los 932,70 euros a 944,35 euros mensuales, que se traduce en un incremento de la cuota de 11,65 euros mensuales y 139,98 euros anuales.<\/p>\n","protected":false},"author":2,"featured_media":6461,"comment_status":"open","ping_status":"open","sticky":false,"template":"","format":"standard","meta":{"_acf_changed":false,"_uag_custom_page_level_css":"","_jetpack_memberships_contains_paid_content":false,"footnotes":""},"categories":[26],"tags":[],"class_list":["post-6460","post","type-post","status-publish","format-standard","has-post-thumbnail","hentry","category-asesoria"],"acf":[],"jetpack_featured_media_url":"https:\/\/www.cinc.com\/wp-content\/uploads\/2023\/03\/1051-1.jpg","uagb_featured_image_src":{"full":["https:\/\/www.cinc.com\/wp-content\/uploads\/2023\/03\/1051-1.jpg",1013,361,false],"thumbnail":["https:\/\/www.cinc.com\/wp-content\/uploads\/2023\/03\/1051-1.jpg",150,53,false],"medium":["https:\/\/www.cinc.com\/wp-content\/uploads\/2023\/03\/1051-1.jpg",300,107,false],"medium_large":["https:\/\/www.cinc.com\/wp-content\/uploads\/2023\/03\/1051-1.jpg",768,274,false],"large":["https:\/\/www.cinc.com\/wp-content\/uploads\/2023\/03\/1051-1.jpg",960,342,false],"1536x1536":["https:\/\/www.cinc.com\/wp-content\/uploads\/2023\/03\/1051-1.jpg",1013,361,false],"2048x2048":["https:\/\/www.cinc.com\/wp-content\/uploads\/2023\/03\/1051-1.jpg",1013,361,false],"gform-image-choice-sm":["https:\/\/www.cinc.com\/wp-content\/uploads\/2023\/03\/1051-1.jpg",300,107,false],"gform-image-choice-md":["https:\/\/www.cinc.com\/wp-content\/uploads\/2023\/03\/1051-1.jpg",400,143,false],"gform-image-choice-lg":["https:\/\/www.cinc.com\/wp-content\/uploads\/2023\/03\/1051-1.jpg",600,214,false]},"uagb_author_info":{"display_name":"Utrans","author_link":"https:\/\/www.cinc.com\/es\/author\/utrans\/"},"uagb_comment_info":0,"uagb_excerpt":"La base m&iacute;nima de cotizaci&oacute;n de los aut&oacute;nomos subir&aacute; en 2019 un 1,25%, seg&uacute;n ha acordado el Gobierno con la mayor&iacute;a de las organizaciones de aut&oacute;nomos. As&iacute;, la cotizaci&oacute;n pasar&iacute;a de los 932,70 euros a 944,35 euros mensuales, que se traduce en un incremento de la cuota de 11,65 euros mensuales y 139,98 euros anuales.","jetpack_sharing_enabled":true,"_links":{"self":[{"href":"https:\/\/www.cinc.com\/es\/wp-json\/wp\/v2\/posts\/6460","targetHints":{"allow":["GET"]}}],"collection":[{"href":"https:\/\/www.cinc.com\/es\/wp-json\/wp\/v2\/posts"}],"about":[{"href":"https:\/\/www.cinc.com\/es\/wp-json\/wp\/v2\/types\/post"}],"author":[{"embeddable":true,"href":"https:\/\/www.cinc.com\/es\/wp-json\/wp\/v2\/users\/2"}],"replies":[{"embeddable":true,"href":"https:\/\/www.cinc.com\/es\/wp-json\/wp\/v2\/comments?post=6460"}],"version-history":[{"count":0,"href":"https:\/\/www.cinc.com\/es\/wp-json\/wp\/v2\/posts\/6460\/revisions"}],"wp:featuredmedia":[{"embeddable":true,"href":"https:\/\/www.cinc.com\/es\/wp-json\/wp\/v2\/media\/6461"}],"wp:attachment":[{"href":"https:\/\/www.cinc.com\/es\/wp-json\/wp\/v2\/media?parent=6460"}],"wp:term":[{"taxonomy":"category","embeddable":true,"href":"https:\/\/www.cinc.com\/es\/wp-json\/wp\/v2\/categories?post=6460"},{"taxonomy":"post_tag","embeddable":true,"href":"https:\/\/www.cinc.com\/es\/wp-json\/wp\/v2\/tags?post=6460"}],"curies":[{"name":"wp","href":"https:\/\/api.w.org\/{rel}","templated":true}]}}