{"id":6430,"date":"2018-10-11T00:00:00","date_gmt":"2018-10-11T00:00:00","guid":{"rendered":"https:\/\/www.cinc.com\/los-autonomos-deben-realizar-todos-sus-tramites-con-la-seguridad-social-por-via-electronica\/"},"modified":"2018-10-11T00:00:00","modified_gmt":"2018-10-11T00:00:00","slug":"los-autonomos-deben-realizar-todos-sus-tramites-con-la-seguridad-social-por-via-electronica","status":"publish","type":"post","link":"https:\/\/www.cinc.com\/es\/los-autonomos-deben-realizar-todos-sus-tramites-con-la-seguridad-social-por-via-electronica\/","title":{"rendered":"Los aut\u00f3nomos deben realizar todos sus tr\u00e1mites con la Seguridad Social por v\u00eda electr\u00f3nica"},"content":{"rendered":"<div style=\"text-align: justify;\">\n\tDesde el d&iacute;a 1 de octubre, todos los trabajadores aut&oacute;nomos deber&aacute;n realizar sus tr&aacute;mites por v&iacute;a electr&oacute;nica con la Seguridad Social. Esta obligatoriedad queda determinada por la Orden Ministerial ESS\/214\/2018, que otorg&oacute; un plazo de 6 meses (del 1 de abril al 30 de Septiembre de 2018) para que los profesionales por cuenta propia se fueran adaptando.<\/div>\n<div style=\"text-align: justify;\">\n\t&nbsp;<\/div>\n<div style=\"text-align: justify;\">\n<h2 class='h2Noticia'>&iquest;A qui&eacute;n afecta esta obligaci&oacute;n?<\/h2>\n<hr\/>\n<\/div>\n<div style=\"text-align: justify;\">\n\t&nbsp;<\/div>\n<div style=\"text-align: justify;\">\n\t&nbsp;La normativa afecta a todos los trabajadores por cuenta propia, as&iacute; como los trabajadores del Sistema Especial de Trabajadores Agrarios (SETA) y los trabajadores del R&eacute;gimen Especial de Trabajadores del Mar.<\/div>\n<div style=\"text-align: justify;\">\n\t&nbsp;<\/div>\n<div style=\"text-align: justify;\">\n\t&nbsp;No habr&aacute; notificaciones postales en las que se informe de esta medida y, por tanto, los aut&oacute;nomos ya deben ponerlo en pr&aacute;ctica desde la fecha en vigor.<\/div>\n<div style=\"text-align: justify;\">\n\t&nbsp;<\/div>\n<div style=\"text-align: justify;\">\n<h2 class='h2Noticia'>&iquest;Qu&eacute; canales electr&oacute;nicos pueden utilizar los aut&oacute;nomos para realizar sus tr&aacute;mites?<\/h2>\n<hr\/>\n<\/div>\n<div style=\"text-align: justify;\">\n\t&nbsp;<\/div>\n<div style=\"text-align: justify;\">\n\tLa Tesorer&iacute;a General de la Seguridad Social ha puesto a disposici&oacute;n de los aut&oacute;nomos dos canales:<\/div>\n<div style=\"text-align: justify;\">\n\t&nbsp;<\/div>\n<div style=\"text-align: justify;\">\n\t&#8211; El Sistema RED (Reemisi&oacute;n Electr&oacute;nica de Datos), a trav&eacute;s del cual el autorizado RED act&uacute;a en representaci&oacute;n del trabajador aut&oacute;nomo.<\/div>\n<div style=\"text-align: justify;\">\n\t&nbsp;<\/div>\n<div style=\"text-align: justify;\">\n\t&#8211; La Sede Electr&oacute;nica de la Seguridad Social, donde el trabajador puede realizar gestiones directamente con la Tesorer&iacute;a General de la Seguridad Social mediante los servicios electr&oacute;nicos disponibles.<\/div>\n<div style=\"text-align: justify;\">\n\t&nbsp;<\/div>\n<div style=\"text-align: justify;\">\n<h2 class='h2Noticia'>&iquest;Qu&eacute; es necesario para realizar los tr&aacute;mites por v&iacute;a telem&aacute;tica?<\/h2>\n<hr\/>\n<\/div>\n<div style=\"text-align: justify;\">\n\t&nbsp;<\/div>\n<div style=\"text-align: justify;\">\n\tPara acceder a la Sede Electr&oacute;nica, es necesario disponer de alguno de los siguientes sistemas de autentificaci&oacute;n de identidad:<\/div>\n<div style=\"text-align: justify;\">\n\t&nbsp;<\/div>\n<div style=\"text-align: justify;\">\n\t&#8211;<span style=\"white-space:pre\"> <\/span>DNI electr&oacute;nico<\/div>\n<div style=\"text-align: justify;\">\n\t&#8211;<span style=\"white-space:pre\"> <\/span>Certificado electr&oacute;nico admitido por la Seguridad Social&nbsp;<\/div>\n<div style=\"text-align: justify;\">\n\t&#8211;<span style=\"white-space:pre\"> <\/span>Sistema Cl@ve<\/div>\n<div style=\"text-align: justify;\">\n\t&nbsp;<\/div>\n<div style=\"text-align: justify;\">\n\tSi eres aut&oacute;nomo y a&uacute;n no te has adaptado a esta obligaci&oacute;n, nos encargamos de gestionar todos los tr&aacute;mites que necesites. Para m&aacute;s informaci&oacute;n, no dudes en contactar con nuestro <strong>Departamento Laboral (laboral@cinc.es)<\/strong>.<\/div>\n<div style=\"text-align: justify;\">\n\t&nbsp;<\/div>\n<div style=\"text-align: justify;\">\n\tCordialmente,<\/div>\n<div style=\"text-align: justify;\">\n\t<strong>CINC Asesor&iacute;a de Empresas<\/strong><\/div>\n","protected":false},"excerpt":{"rendered":"<p style=\"text-align: justify;\">\n\t<span style=\"text-align: justify;\">Desde el d&iacute;a 1 de octubre, todos los trabajadores aut&oacute;nomos deber&aacute;n realizar sus tr&aacute;mites por v&iacute;a electr&oacute;nica con la Seguridad Social.&nbsp;<\/span><\/p>\n","protected":false},"author":2,"featured_media":6431,"comment_status":"open","ping_status":"open","sticky":false,"template":"","format":"standard","meta":{"_acf_changed":false,"_uag_custom_page_level_css":"","_jetpack_memberships_contains_paid_content":false,"footnotes":""},"categories":[26],"tags":[],"class_list":["post-6430","post","type-post","status-publish","format-standard","has-post-thumbnail","hentry","category-asesoria"],"acf":[],"jetpack_featured_media_url":"https:\/\/www.cinc.com\/wp-content\/uploads\/2023\/03\/1045-1.jpg","uagb_featured_image_src":{"full":["https:\/\/www.cinc.com\/wp-content\/uploads\/2023\/03\/1045-1.jpg",1113,361,false],"thumbnail":["https:\/\/www.cinc.com\/wp-content\/uploads\/2023\/03\/1045-1.jpg",150,49,false],"medium":["https:\/\/www.cinc.com\/wp-content\/uploads\/2023\/03\/1045-1.jpg",300,97,false],"medium_large":["https:\/\/www.cinc.com\/wp-content\/uploads\/2023\/03\/1045-1.jpg",768,249,false],"large":["https:\/\/www.cinc.com\/wp-content\/uploads\/2023\/03\/1045-1.jpg",960,311,false],"1536x1536":["https:\/\/www.cinc.com\/wp-content\/uploads\/2023\/03\/1045-1.jpg",1113,361,false],"2048x2048":["https:\/\/www.cinc.com\/wp-content\/uploads\/2023\/03\/1045-1.jpg",1113,361,false],"gform-image-choice-sm":["https:\/\/www.cinc.com\/wp-content\/uploads\/2023\/03\/1045-1.jpg",300,97,false],"gform-image-choice-md":["https:\/\/www.cinc.com\/wp-content\/uploads\/2023\/03\/1045-1.jpg",400,130,false],"gform-image-choice-lg":["https:\/\/www.cinc.com\/wp-content\/uploads\/2023\/03\/1045-1.jpg",600,195,false]},"uagb_author_info":{"display_name":"Utrans","author_link":"https:\/\/www.cinc.com\/es\/author\/utrans\/"},"uagb_comment_info":0,"uagb_excerpt":"Desde el d&iacute;a 1 de octubre, todos los trabajadores aut&oacute;nomos deber&aacute;n realizar sus tr&aacute;mites por v&iacute;a electr&oacute;nica con la Seguridad Social.&nbsp;","jetpack_sharing_enabled":true,"_links":{"self":[{"href":"https:\/\/www.cinc.com\/es\/wp-json\/wp\/v2\/posts\/6430","targetHints":{"allow":["GET"]}}],"collection":[{"href":"https:\/\/www.cinc.com\/es\/wp-json\/wp\/v2\/posts"}],"about":[{"href":"https:\/\/www.cinc.com\/es\/wp-json\/wp\/v2\/types\/post"}],"author":[{"embeddable":true,"href":"https:\/\/www.cinc.com\/es\/wp-json\/wp\/v2\/users\/2"}],"replies":[{"embeddable":true,"href":"https:\/\/www.cinc.com\/es\/wp-json\/wp\/v2\/comments?post=6430"}],"version-history":[{"count":0,"href":"https:\/\/www.cinc.com\/es\/wp-json\/wp\/v2\/posts\/6430\/revisions"}],"wp:featuredmedia":[{"embeddable":true,"href":"https:\/\/www.cinc.com\/es\/wp-json\/wp\/v2\/media\/6431"}],"wp:attachment":[{"href":"https:\/\/www.cinc.com\/es\/wp-json\/wp\/v2\/media?parent=6430"}],"wp:term":[{"taxonomy":"category","embeddable":true,"href":"https:\/\/www.cinc.com\/es\/wp-json\/wp\/v2\/categories?post=6430"},{"taxonomy":"post_tag","embeddable":true,"href":"https:\/\/www.cinc.com\/es\/wp-json\/wp\/v2\/tags?post=6430"}],"curies":[{"name":"wp","href":"https:\/\/api.w.org\/{rel}","templated":true}]}}