{"id":6325,"date":"2018-06-12T00:00:00","date_gmt":"2018-06-12T00:00:00","guid":{"rendered":"https:\/\/www.cinc.com\/entrevista-a-nested\/"},"modified":"2025-05-02T11:56:05","modified_gmt":"2025-05-02T10:56:05","slug":"entrevista-a-nested","status":"publish","type":"post","link":"https:\/\/www.cinc.com\/es\/entrevista-a-nested\/","title":{"rendered":"Entrevista a Nested"},"content":{"rendered":"<div style=\"text-align: justify;\"><span style=\"color: #ff6600;\"><strong>A\u00f1o de fundaci\u00f3n: <\/strong><\/span>2016<\/div>\n<div style=\"text-align: justify;\"><span style=\"color: #ff6600;\"><strong>Sector de actividad:<\/strong> <\/span>Proptech<\/div>\n<div style=\"text-align: justify;\"><span style=\"color: #ff6600;\"><strong>Sede (Ubicaci\u00f3n): <\/strong><\/span>Barcelona<\/div>\n<div style=\"text-align: justify;\"><span style=\"color: #ff6600;\"><strong>Web:<\/strong> <\/span>www.nested.net<\/div>\n<div style=\"text-align: justify;\"><\/div>\n<div style=\"text-align: justify;\"><\/div>\n<div style=\"text-align: justify;\"><span style=\"color: #ff6600;\"><strong>\u00bfA qu\u00e9 se dedica Nested?<\/strong><\/span><\/div>\n<div style=\"text-align: justify;\"><\/div>\n<div style=\"text-align: justify;\">Nested es un marketplace de espacios de trabajo para alquilar oficinas de forma flexible (a trav\u00e9s de contratos renovables mes a mes y sin fianza) con un sistema de \u00abmatching de talento\u00bb que permite generar sinergias profesionales entre el propietario del espacio y el inquilino. Contamos con una oferta de unos 800 espacios de trabajo disponibles para alquilar de forma flexible entre mesas individuales en espacios abiertos, despachos privados para una o m\u00e1s personas, oficinas y salas de trabajo. Todos nuestros espacios de trabajo incluyen en el precio todo lo necesario para trabajar: conexi\u00f3n a internet de alta velocidad, mobiliario, suministros, limpieza, etc. La gran mayor\u00eda de nuestros espacios de oficina est\u00e1n en Barcelona y Madrid.<\/div>\n<div style=\"text-align: justify;\">\u00bfC\u00f3mo surgi\u00f3 la idea de crear Nested?<\/div>\n<div style=\"text-align: justify;\"><\/div>\n<div style=\"text-align: justify;\">Tomaso Brezzi y yo (Jordi Montoyo), fundamos Nested tras detectar que el sector inmobiliario es uno de los grandes sectores en los que la tecnolog\u00eda todav\u00eda no ha penetrado con una gran revoluci\u00f3n digital. En concreto, trabajamos para ajustar el mercado de alquiler de oficinas a las necesidades del siglo XXI. Vimos la tendencia de crecimiento imparable del Coworking en EE.UU., Europa, donde Espa\u00f1a es una gran potencia, y Asia. Tomaso, en un viaje a EE.UU. para una formaci\u00f3n, quiso alquilar un espacio de trabajo para unos d\u00edas en el cual pudiera tener contacto con profesionales del ecosistema local, y yo ya hab\u00eda trabajado desde coworkings y tambi\u00e9n hab\u00eda compartido oficina con otras empresas durante los a\u00f1os que ejerc\u00ed como consultor independiente de marketing digital. Al empezar a investigar descubrimos que hab\u00eda modelos muy similares a Nested ya consolidados en EE.UU.<\/div>\n<div style=\"text-align: justify;\"><\/div>\n<div style=\"text-align: justify;\"><span style=\"color: #ff6600;\"><strong>Se podr\u00eda decir que Nested es el Airbnb para compartir espacios de trabajo. \u00bfC\u00f3mo funciona?<\/strong><\/span><\/div>\n<div style=\"text-align: justify;\"><\/div>\n<div style=\"text-align: justify;\">S\u00ed, es un modelo muy similar pero enfocado a compartir oficina. Las empresas que tienen espacio en su oficina que no est\u00e1n utilizando, ya sea una mesa, un despacho o una sala de reuniones, pueden anunciarlo gratuitamente en Nested para alquilarlo temporalmente. Solo necesitan hacer unas buenas fotograf\u00edas y en pocos minutos podr\u00e1n publicar su anuncio. Por otro lado, las empresas o profesionales que buscan alquilar espacio de oficinas flexible (con una obligaci\u00f3n de alquiler m\u00e1xima de un mes) pueden comparar en pocos clics entre una gran cantidad de oferta, solicitar una visita si lo ven necesario y realizar la reserva y el pago online.<\/div>\n<div style=\"text-align: justify;\"><\/div>\n<div style=\"text-align: justify;\">Estamos especializados en alquileres de duraci\u00f3n mensual aunque tambi\u00e9n ofrecemos alquileres puntuales por horas y d\u00edas.<\/div>\n<div style=\"text-align: justify;\"><\/div>\n<div style=\"text-align: justify;\"><span style=\"color: #ff6600;\"><strong>\u00bfQu\u00e9 beneficios tiene vuestra plataforma?<\/strong><\/span><\/div>\n<div style=\"text-align: justify;\"><\/div>\n<div style=\"text-align: justify;\">El precio y la flexibilidad de los contratos de alquiler de oficinas son un problema importante para PYMEs, emprendedores, start-ups y freelances pero se encuentran con que las empresas tradicionales del sector inmobiliario trabajan condiciones muy r\u00edgidas que no se adaptan a sus necesidades de crecimiento. Por otro lado, hay much\u00edsimas empresas que tienen espacio de trabajo infrautilizado en sus oficinas.<\/div>\n<div style=\"text-align: justify;\"><\/div>\n<div style=\"text-align: justify;\">A las empresas que quieren compartir los espacios de trabajo que no utilizan de su oficina les ayudamos a encontrar otras empresas o profesionales que les puedan aportar unos ingresos extra sin tener que preocuparse de papeleos y de los cobros, al mismo tiempo que se rodean de gente con talentos y habilidades que pueden ser complementarias. En cambio, a las empresas que buscan un espacio de trabajo les ofrecemos una soluci\u00f3n m\u00e1s econ\u00f3mica, flexible, escalable y r\u00e1pida, que est\u00e1 lista para entrar a trabajar, sin fianzas, compromisos largos de permanencia, obras, compra de mobiliario, etc.<\/div>\n<div style=\"text-align: justify;\"><\/div>\n<div style=\"text-align: justify;\"><span style=\"color: #ff6600;\"><strong>Adem\u00e1s de compartir espacios de trabajo, tambi\u00e9n facilit\u00e1is el contacto entre profesionales. \u00bfC\u00f3mo surgen estas sinergias?\u00a0<\/strong><\/span><\/div>\n<div style=\"text-align: justify;\"><\/div>\n<div style=\"text-align: justify;\">Tenemos un sistema que permite que nuestros usuarios compartan oficinas con profesionales con los que puedan tener sinergias. Las empresas que ofrecen espacio de oficinas nos indican con qu\u00e9 tipo de empresas o con qu\u00e9 perfil de profesionales les gustar\u00eda compartir oficinas y nosotros los ponemos en contacto con usuarios de esas caracter\u00edsticas que est\u00e1n buscando espacio de trabajo. Una vez comparten oficina siempre es m\u00e1s f\u00e1cil que se entiendan, compartan conocimiento, pueden resolverse dudas, tener conversaciones interesantes durante una pausa tomando un caf\u00e9, intercambiar contactos de su networking y muchos incluso acaban colaborando profesionalmente.<\/div>\n<div style=\"text-align: justify;\"><\/div>\n<div style=\"text-align: justify;\"><span style=\"color: #ff6600;\"><strong>Al ser una plataforma colaborativa, est\u00e1is abiertos a todo tipo de empresas y profesionales. \u00bfCu\u00e1l es vuestro perfil medio de usuario?<\/strong><\/span><\/div>\n<div style=\"text-align: justify;\"><\/div>\n<div style=\"text-align: justify;\">Estamos abiertos a todo tipo de empresas y profesionales. Nuestros principales clientes son PYMEs, freelances y start-ups, pero cada vez m\u00e1s est\u00e1 aumentando el inter\u00e9s de grandes empresas que buscan este tipo de oficinas flexibles para proyectos puntuales, para que uno de sus departamentos est\u00e9 en un espacio m\u00e1s innovador o para una de sus delegaciones. Hist\u00f3ricamente el perfil de cliente de los coworkings, que es muy parecido al nuestro, estaba formado por emprendedores o profesionales de sectores creativos, digitales o tecnol\u00f3gicos, pero ya hace un par de a\u00f1os que eso cambi\u00f3. La flexibilidad es una tendencia que seguir\u00e1 yendo en aumento en los alquileres de oficinas para cualquier tipo de empresa o profesional.<\/div>\n<div style=\"text-align: justify;\"><\/div>\n<div style=\"text-align: justify;\"><span style=\"color: #ff6600;\"><strong>\u00bfQu\u00e9 es lo que m\u00e1s valor\u00e1is de CINC Asesor\u00eda?\u00a0 \u00a0 \u00a0 \u00a0 \u00a0 \u00a0 \u00a0 \u00a0\u00a0<\/strong><\/span><\/div>\n<div style=\"text-align: justify;\"><\/div>\n<div style=\"text-align: justify;\">Estamos muy satisfechos de trabajar con CINC Asesor\u00eda. Gracias a su programa 1D\u00eda1 Empresa: nos ayudaron a constituir la sociedad de forma gratuita y nos asesoraron en diferentes \u00e1mbitos muy \u00fatiles en los primeros pasos de una start-up.<\/div>\n<div style=\"text-align: justify;\"><\/div>\n<div style=\"text-align: justify;\">Valoramos mucho la profesionalidad y la cercan\u00eda del equipo de CINC Asesor\u00eda. Siempre est\u00e1n ah\u00ed para a resolvernos cualquier duda.<\/div>\n","protected":false},"excerpt":{"rendered":"<p style=\"text-align: justify;\">\n\t<span style=\"text-align: justify;\">Nested es un marketplace de espacios de trabajo para alquilar oficinas de forma flexible (a trav&eacute;s de contratos renovables mes a mes y sin fianza) con un sistema de &quot;matching de talento&quot; que permite generar sinergias profesionales entre el propietario del espacio y el inquilino.&nbsp;<\/span><\/p>\n","protected":false},"author":2,"featured_media":6326,"comment_status":"open","ping_status":"open","sticky":false,"template":"","format":"standard","meta":{"_acf_changed":false,"_uag_custom_page_level_css":"","_jetpack_memberships_contains_paid_content":false,"footnotes":""},"categories":[19],"tags":[],"class_list":["post-6325","post","type-post","status-publish","format-standard","has-post-thumbnail","hentry","category-entrevistes"],"acf":[],"jetpack_featured_media_url":"https:\/\/www.cinc.com\/wp-content\/uploads\/2023\/03\/1023-1.jpg","uagb_featured_image_src":{"full":["https:\/\/www.cinc.com\/wp-content\/uploads\/2023\/03\/1023-1.jpg",897,458,false],"thumbnail":["https:\/\/www.cinc.com\/wp-content\/uploads\/2023\/03\/1023-1.jpg",150,77,false],"medium":["https:\/\/www.cinc.com\/wp-content\/uploads\/2023\/03\/1023-1.jpg",300,153,false],"medium_large":["https:\/\/www.cinc.com\/wp-content\/uploads\/2023\/03\/1023-1.jpg",768,392,false],"large":["https:\/\/www.cinc.com\/wp-content\/uploads\/2023\/03\/1023-1.jpg",897,458,false],"1536x1536":["https:\/\/www.cinc.com\/wp-content\/uploads\/2023\/03\/1023-1.jpg",897,458,false],"2048x2048":["https:\/\/www.cinc.com\/wp-content\/uploads\/2023\/03\/1023-1.jpg",897,458,false],"gform-image-choice-sm":["https:\/\/www.cinc.com\/wp-content\/uploads\/2023\/03\/1023-1.jpg",300,153,false],"gform-image-choice-md":["https:\/\/www.cinc.com\/wp-content\/uploads\/2023\/03\/1023-1.jpg",400,204,false],"gform-image-choice-lg":["https:\/\/www.cinc.com\/wp-content\/uploads\/2023\/03\/1023-1.jpg",600,306,false]},"uagb_author_info":{"display_name":"Utrans","author_link":"https:\/\/www.cinc.com\/es\/author\/utrans\/"},"uagb_comment_info":0,"uagb_excerpt":"Nested es un marketplace de espacios de trabajo para alquilar oficinas de forma flexible (a trav&eacute;s de contratos renovables mes a mes y sin fianza) con un sistema de &quot;matching de talento&quot; que permite generar sinergias profesionales entre el propietario del espacio y el inquilino.&nbsp;","jetpack_sharing_enabled":true,"_links":{"self":[{"href":"https:\/\/www.cinc.com\/es\/wp-json\/wp\/v2\/posts\/6325","targetHints":{"allow":["GET"]}}],"collection":[{"href":"https:\/\/www.cinc.com\/es\/wp-json\/wp\/v2\/posts"}],"about":[{"href":"https:\/\/www.cinc.com\/es\/wp-json\/wp\/v2\/types\/post"}],"author":[{"embeddable":true,"href":"https:\/\/www.cinc.com\/es\/wp-json\/wp\/v2\/users\/2"}],"replies":[{"embeddable":true,"href":"https:\/\/www.cinc.com\/es\/wp-json\/wp\/v2\/comments?post=6325"}],"version-history":[{"count":1,"href":"https:\/\/www.cinc.com\/es\/wp-json\/wp\/v2\/posts\/6325\/revisions"}],"predecessor-version":[{"id":29847,"href":"https:\/\/www.cinc.com\/es\/wp-json\/wp\/v2\/posts\/6325\/revisions\/29847"}],"wp:featuredmedia":[{"embeddable":true,"href":"https:\/\/www.cinc.com\/es\/wp-json\/wp\/v2\/media\/6326"}],"wp:attachment":[{"href":"https:\/\/www.cinc.com\/es\/wp-json\/wp\/v2\/media?parent=6325"}],"wp:term":[{"taxonomy":"category","embeddable":true,"href":"https:\/\/www.cinc.com\/es\/wp-json\/wp\/v2\/categories?post=6325"},{"taxonomy":"post_tag","embeddable":true,"href":"https:\/\/www.cinc.com\/es\/wp-json\/wp\/v2\/tags?post=6325"}],"curies":[{"name":"wp","href":"https:\/\/api.w.org\/{rel}","templated":true}]}}