{"id":6235,"date":"2018-02-19T00:00:00","date_gmt":"2018-02-19T00:00:00","guid":{"rendered":"https:\/\/www.cinc.com\/cinc-barcelona-estrena-el-espacio-gaudi-fruto-de-la-ampliacion-y-renovacion-de-las-salas-de-actos-y-formacion\/"},"modified":"2018-02-19T00:00:00","modified_gmt":"2018-02-19T00:00:00","slug":"cinc-barcelona-estrena-el-espacio-gaudi-fruto-de-la-ampliacion-y-renovacion-de-las-salas-de-actos-y-formacion","status":"publish","type":"post","link":"https:\/\/www.cinc.com\/es\/cinc-barcelona-estrena-el-espacio-gaudi-fruto-de-la-ampliacion-y-renovacion-de-las-salas-de-actos-y-formacion\/","title":{"rendered":"CINC Barcelona estrena el espacio Gaud\u00ed, fruto de la ampliaci\u00f3n y renovaci\u00f3n de las salas de actos y formaci\u00f3n"},"content":{"rendered":"<p style=\"text-align: justify;\">\n\tCINC Centro de Negocios Barcelona inaugura este mes de febrero el <strong>espacio Gaud&iacute;<\/strong>, como resultado de la <strong>ampliaci&oacute;n y renovaci&oacute;n<\/strong> de la zona destinada a las salas de actos y formaci&oacute;n, situada en la planta 1 del edificio.<\/p>\n<p style=\"text-align: justify;\">\n\tCon el compromiso de ofrecer la m&aacute;xima calidad y comodidad a sus clientes, CINC ha apostado por un espacio moderno y funcional, con un <strong>&aacute;rea privada y exclusiva<\/strong> para los usuarios de las salas y la incorporaci&oacute;n de una<strong> nueva sala en el conjunto<\/strong>, conformando un <strong>total de tres salas<\/strong>.<a href=\"https:\/\/www.flickr.com\/photos\/grup-cinc\/albums\/72157693598187085\" target=\"_blank\" rel=\"noopener\"> &gt; Ver galer&iacute;a de im&aacute;genes<\/a><\/p>\n<p style=\"text-align: justify;\">\n\t<span style=\"font-size:14px;\"><span style=\"color: rgb(255, 102, 0);\"><strong>Salas ideales para todo tipo de evento o reuni&oacute;n<\/strong><\/span><\/span><\/p>\n<p style=\"text-align: justify;\">\n\tLas salas del espacio Gaud&iacute; son ideales para organizar todo tipo de actos, conferencias y formaciones:<\/p>\n<p style=\"text-align: justify;\">\n\t&#8211; Est&aacute;n ubicadas en un espacio amplio y luminoso<br \/>\n\t&#8211; Est&aacute;n perfectamente insonorizadas, gracias al doble vidrio<br \/>\n\t&#8211; Tienen una ac&uacute;stica excelente<br \/>\n\t&#8211; Ofrecen la posibilidad de regular el nivel de privacidad de la sala con cortinas, adem&aacute;s de la luz y la climatizaci&oacute;n<br \/>\n\t&#8211; Cuentan con una exclusiva zona com&uacute;n de descanso, que puede reservarse para montar caterings<br \/>\n\t&#8211; Tienen Wi-fi para todos los usuarios, con red privada para cada evento<br \/>\n\t&#8211; Incluyen equipos de proyecci&oacute;n<br \/>\n\t&#8211; Disponibilidad de pantalla t&aacute;ctil de 86&quot; de &uacute;ltima tecnolog&iacute;a para hacer presentaciones interactivas, con la mejor definici&oacute;n de imagen compatible con cualquier ordenador<br \/>\n\t&#8211; Servicio de videoconferencia<br \/>\n\t&#8211; Megafon&iacute;a y micr&oacute;fonos inal&aacute;mbricos<br \/>\n\t&#8211; Servicio de streaming (son &oacute;ptimas para la preparaci&oacute;n de webinars)<\/p>\n<p style=\"text-align: justify;\">\n\t<span style=\"color:#ff6600;\"><span style=\"font-size: 14px;\"><strong>Tres salas, cuatro posibilidades diferentes<\/strong><\/span><\/span><\/p>\n<p style=\"text-align: justify;\">\n\tLas tres salas que conforman el espacio ofrecen m&uacute;ltiples posibilidades y capacidades seg&uacute;n el tipo de formato:<\/p>\n<p style=\"text-align: justify;\">\n\t<strong>Sala 1:<\/strong><br \/>\n\tEn forma de U: 20 personas<br \/>\n\tEn forma de formaci&oacute;n: 24 personas<br \/>\n\tEn forma de teatro: 44 personas<\/p>\n<p style=\"text-align: justify;\">\n\t<strong>Sala 2:<\/strong><br \/>\n\tEn forma de U: 18 personas<br \/>\n\tEn forma de formaci&oacute;n: 24 personas<br \/>\n\tEn forma de teatro: 38 personas<\/p>\n<p>\t<strong>Sala 3:<\/strong><br \/>\n\tEn forma de U: 18 personas<br \/>\n\tEn forma de formaci&oacute;n: 24 personas<br \/>\n\tEn forma de teatro: 44 personas<\/p>\n<p>\t<strong>Sala de actos (sala 2 + sala 3):<\/strong><br \/>\n\tEn forma de U: 26 personas<br \/>\n\tEn forma de formaci&oacute;n: 46 personas<br \/>\n\tEn forma de teatro: 82 personas<\/p>\n<p>\t<span style=\"color:#ff6600;\"><strong><span style=\"font-size:14px;\">&iquest;Te interesa alquilar una sala de actos o formaci&oacute;n? &iexcl;Cont&aacute;ctanos!<\/span><\/strong><\/span><\/p>\n<p style=\"text-align: justify;\">\n\tVen a ver nuestras salas sin compromiso o solicita m&aacute;s informaci&oacute;n y presupuesto:<\/p>\n<p style=\"text-align: justify;\">\n\t933 030 060<br \/>\n\tinfo@cinc.es<br \/>\n\t&nbsp;<\/p>\n","protected":false},"excerpt":{"rendered":"<p style=\"text-align: justify;\">\n\tCINC Centro de Negocios Barcelona inaugura este mes de febrero el espacio Gaud&iacute;, como resultado de la ampliaci&oacute;n y renovaci&oacute;n de la zona destinada a las salas de actos y formaci&oacute;n, situada en la planta 1 del edificio.<\/p>\n","protected":false},"author":2,"featured_media":6236,"comment_status":"open","ping_status":"open","sticky":false,"template":"","format":"standard","meta":{"_acf_changed":false,"_uag_custom_page_level_css":"","_jetpack_memberships_contains_paid_content":false,"footnotes":""},"categories":[25],"tags":[],"class_list":["post-6235","post","type-post","status-publish","format-standard","has-post-thumbnail","hentry","category-centro-de-negocios"],"acf":[],"jetpack_featured_media_url":"https:\/\/www.cinc.com\/wp-content\/uploads\/2023\/03\/1005-1.jpg","uagb_featured_image_src":{"full":["https:\/\/www.cinc.com\/wp-content\/uploads\/2023\/03\/1005-1.jpg",730,373,false],"thumbnail":["https:\/\/www.cinc.com\/wp-content\/uploads\/2023\/03\/1005-1.jpg",150,77,false],"medium":["https:\/\/www.cinc.com\/wp-content\/uploads\/2023\/03\/1005-1.jpg",300,153,false],"medium_large":["https:\/\/www.cinc.com\/wp-content\/uploads\/2023\/03\/1005-1.jpg",730,373,false],"large":["https:\/\/www.cinc.com\/wp-content\/uploads\/2023\/03\/1005-1.jpg",730,373,false],"1536x1536":["https:\/\/www.cinc.com\/wp-content\/uploads\/2023\/03\/1005-1.jpg",730,373,false],"2048x2048":["https:\/\/www.cinc.com\/wp-content\/uploads\/2023\/03\/1005-1.jpg",730,373,false],"gform-image-choice-sm":["https:\/\/www.cinc.com\/wp-content\/uploads\/2023\/03\/1005-1.jpg",300,153,false],"gform-image-choice-md":["https:\/\/www.cinc.com\/wp-content\/uploads\/2023\/03\/1005-1.jpg",400,204,false],"gform-image-choice-lg":["https:\/\/www.cinc.com\/wp-content\/uploads\/2023\/03\/1005-1.jpg",600,307,false]},"uagb_author_info":{"display_name":"Utrans","author_link":"https:\/\/www.cinc.com\/es\/author\/utrans\/"},"uagb_comment_info":0,"uagb_excerpt":"CINC Centro de Negocios Barcelona inaugura este mes de febrero el espacio Gaud&iacute;, como resultado de la ampliaci&oacute;n y renovaci&oacute;n de la zona destinada a las salas de actos y formaci&oacute;n, situada en la planta 1 del edificio.","jetpack_sharing_enabled":true,"_links":{"self":[{"href":"https:\/\/www.cinc.com\/es\/wp-json\/wp\/v2\/posts\/6235","targetHints":{"allow":["GET"]}}],"collection":[{"href":"https:\/\/www.cinc.com\/es\/wp-json\/wp\/v2\/posts"}],"about":[{"href":"https:\/\/www.cinc.com\/es\/wp-json\/wp\/v2\/types\/post"}],"author":[{"embeddable":true,"href":"https:\/\/www.cinc.com\/es\/wp-json\/wp\/v2\/users\/2"}],"replies":[{"embeddable":true,"href":"https:\/\/www.cinc.com\/es\/wp-json\/wp\/v2\/comments?post=6235"}],"version-history":[{"count":0,"href":"https:\/\/www.cinc.com\/es\/wp-json\/wp\/v2\/posts\/6235\/revisions"}],"wp:featuredmedia":[{"embeddable":true,"href":"https:\/\/www.cinc.com\/es\/wp-json\/wp\/v2\/media\/6236"}],"wp:attachment":[{"href":"https:\/\/www.cinc.com\/es\/wp-json\/wp\/v2\/media?parent=6235"}],"wp:term":[{"taxonomy":"category","embeddable":true,"href":"https:\/\/www.cinc.com\/es\/wp-json\/wp\/v2\/categories?post=6235"},{"taxonomy":"post_tag","embeddable":true,"href":"https:\/\/www.cinc.com\/es\/wp-json\/wp\/v2\/tags?post=6235"}],"curies":[{"name":"wp","href":"https:\/\/api.w.org\/{rel}","templated":true}]}}