{"id":33583,"date":"2026-04-28T16:05:09","date_gmt":"2026-04-28T15:05:09","guid":{"rendered":"https:\/\/www.cinc.com\/?p=33583"},"modified":"2026-04-28T16:07:00","modified_gmt":"2026-04-28T15:07:00","slug":"las-autoridades-de-proteccion-de-datos-refuerzan-la-colaboracion-ante-los-retos-digitales","status":"publish","type":"post","link":"https:\/\/www.cinc.com\/es\/las-autoridades-de-proteccion-de-datos-refuerzan-la-colaboracion-ante-los-retos-digitales\/","title":{"rendered":"Las autoridades de protecci\u00f3n de datos refuerzan la colaboraci\u00f3n ante los retos digitales"},"content":{"rendered":"\n<p>Con motivo del d\u00e9cimo aniversario del Reglamento General de Protecci\u00f3n de Datos (RGPD), las principales autoridades espa\u00f1olas en materia de protecci\u00f3n de datos han firmado, por primera vez, una declaraci\u00f3n conjunta para reforzar la cooperaci\u00f3n y afrontar los nuevos retos digitales.<\/p>\n\n\n\n<p>El documento supone un paso relevante hacia un modelo m\u00e1s coordinado ante el auge de la econom\u00eda del dato, la transformaci\u00f3n digital y el uso intensivo de tecnolog\u00edas emergentes.<\/p>\n\n\n\n<div class=\"wp-block-uagb-advanced-heading uagb-block-dcc02148\"><h3 class=\"uagb-heading-text\">Un compromiso institucional sin precedentes<\/h3><\/div>\n\n\n\n<p>La declaraci\u00f3n ha sido suscrita por diferentes organismos, entre ellos la Agencia Espa\u00f1ola de Protecci\u00f3n de Datos, la Autoridad Catalana de Protecci\u00f3n de Datos, la Autoridad Vasca de Protecci\u00f3n de Datos, el Consejo de Transparencia y Protecci\u00f3n de Datos de Andaluc\u00eda y el Consejo General del Poder Judicial.<\/p>\n\n\n\n<p>Este acuerdo pone de manifiesto la voluntad de actuar de manera coordinada para garantizar una mejor protecci\u00f3n de los datos personales en un entorno cada vez m\u00e1s complejo.<\/p>\n\n\n\n<div class=\"wp-block-uagb-advanced-heading uagb-block-a7dfb0e9\"><h3 class=\"uagb-heading-text\">La privacidad, clave en la econom\u00eda digital<\/h3><\/div>\n\n\n\n<p>Las autoridades firmantes reconocen el Reglamento General de Protecci\u00f3n de Datos como un referente global en la protecci\u00f3n de un derecho fundamental. Adem\u00e1s, destacan que la privacidad es esencial para generar confianza en los entornos digitales, un elemento imprescindible para el desarrollo de una econom\u00eda del dato segura y sostenible.<\/p>\n\n\n\n<div class=\"wp-block-uagb-advanced-heading uagb-block-95f9668c\"><h3 class=\"uagb-heading-text\">Impulso a la cultura de la privacidad<\/h3><\/div>\n\n\n\n<p>Uno de los principales objetivos de la declaraci\u00f3n es fomentar una cultura de la privacidad entre la ciudadan\u00eda y las organizaciones. Para lograrlo, se prev\u00e9:<br>\u2022 Promover la concienciaci\u00f3n y el conocimiento sobre protecci\u00f3n de datos.<br>\u2022 Facilitar el cumplimiento normativo con gu\u00edas y herramientas pr\u00e1cticas.<br>\u2022 Apoyar especialmente a pymes, micropymes y entidades con menos recursos.<\/p>\n\n\n\n<div class=\"wp-block-uagb-advanced-heading uagb-block-c4970c59\"><h3 class=\"uagb-heading-text\">El papel de los profesionales y las organizaciones<\/h3><\/div>\n\n\n\n<p>El documento tambi\u00e9n pone en valor la figura de los delegados de protecci\u00f3n de datos y de los profesionales del sector, considerados clave para garantizar el cumplimiento del RGPD dentro de las organizaciones.<\/p>\n\n\n\n<p>En este sentido, se prev\u00e9 reforzar las redes de colaboraci\u00f3n y los espacios de intercambio de conocimiento entre expertos.<\/p>\n\n\n\n<div class=\"wp-block-uagb-advanced-heading uagb-block-91f3714f\"><h3 class=\"uagb-heading-text\">Protecci\u00f3n de los colectivos m\u00e1s vulnerables<\/h3><\/div>\n\n\n\n<p>La declaraci\u00f3n incluye medidas espec\u00edficas para proteger a los colectivos m\u00e1s vulnerables en el entorno digital, como ni\u00f1os, adolescentes, personas mayores o v\u00edctimas de violencia de g\u00e9nero.<\/p>\n\n\n\n<p>Tambi\u00e9n se pone el foco en el \u00e1mbito educativo y en el impacto de tecnolog\u00edas como la inteligencia artificial en la privacidad.<\/p>\n\n\n\n<div class=\"wp-block-uagb-advanced-heading uagb-block-3f7f532a\"><h3 class=\"uagb-heading-text\">Anticipar los riesgos de las nuevas tecnolog\u00edas<\/h3><\/div>\n\n\n\n<p>Otro eje destacado es la necesidad de anticipar los riesgos asociados a las tecnolog\u00edas emergentes. Las autoridades apuestan por un enfoque preventivo que permita identificar posibles amenazas para la privacidad antes de que se materialicen.<\/p>\n\n\n\n<p>Para ello, se reforzar\u00e1 el intercambio de informaci\u00f3n y conocimiento t\u00e9cnico entre organismos.<\/p>\n\n\n\n<div class=\"wp-block-uagb-advanced-heading uagb-block-44b56f66\"><h3 class=\"uagb-heading-text\">Hacia una gobernanza digital centrada en la privacidad<\/h3><\/div>\n\n\n\n<p>Con esta iniciativa, las autoridades de protecci\u00f3n de datos reafirman su compromiso de avanzar hacia un modelo de gobernanza digital que sit\u00fae la privacidad en el centro, adaptado a los retos de una sociedad cada vez m\u00e1s digitalizada e interconectada.<\/p>\n\n\n\n<p>En CINC Assessoria te ayudamos a adaptar tu empresa a la normativa de protecci\u00f3n de datos y a gestionar los riesgos derivados de la digitalizaci\u00f3n con seguridad y confianza.<\/p>\n\n\n\n<p>Si quieres m\u00e1s informaci\u00f3n o asesoramiento personalizado, ponte en <a href=\"https:\/\/www.cinc.com\/es\/contacto\/\">contacto<\/a> con nosotros y te acompa\u00f1aremos en todo el proceso.<\/p>\n\n\n\n<p><\/p>\n","protected":false},"excerpt":{"rendered":"<p>Organismos p\u00fablicos han acordado trabajar de forma conjunta para reforzar la seguridad de la informaci\u00f3n en el entorno digital. <\/p>\n","protected":false},"author":25,"featured_media":33584,"comment_status":"closed","ping_status":"open","sticky":false,"template":"","format":"standard","meta":{"_acf_changed":false,"_uag_custom_page_level_css":"","_jetpack_memberships_contains_paid_content":false,"footnotes":""},"categories":[26,104],"tags":[],"class_list":["post-33583","post","type-post","status-publish","format-standard","has-post-thumbnail","hentry","category-asesoria","category-proteccion-de-datos"],"acf":[],"jetpack_featured_media_url":"https:\/\/www.cinc.com\/wp-content\/uploads\/thedigitalway-computer-1591018_1920.jpg","uagb_featured_image_src":{"full":["https:\/\/www.cinc.com\/wp-content\/uploads\/thedigitalway-computer-1591018_1920.jpg",1920,1256,false],"thumbnail":["https:\/\/www.cinc.com\/wp-content\/uploads\/thedigitalway-computer-1591018_1920-150x150.jpg",150,150,true],"medium":["https:\/\/www.cinc.com\/wp-content\/uploads\/thedigitalway-computer-1591018_1920-300x196.jpg",300,196,true],"medium_large":["https:\/\/www.cinc.com\/wp-content\/uploads\/thedigitalway-computer-1591018_1920-768x502.jpg",768,502,true],"large":["https:\/\/www.cinc.com\/wp-content\/uploads\/thedigitalway-computer-1591018_1920-1651x1080.jpg",960,628,true],"1536x1536":["https:\/\/www.cinc.com\/wp-content\/uploads\/thedigitalway-computer-1591018_1920-1536x1005.jpg",1536,1005,true],"2048x2048":["https:\/\/www.cinc.com\/wp-content\/uploads\/thedigitalway-computer-1591018_1920.jpg",1920,1256,false],"gform-image-choice-sm":["https:\/\/www.cinc.com\/wp-content\/uploads\/thedigitalway-computer-1591018_1920.jpg",300,196,false],"gform-image-choice-md":["https:\/\/www.cinc.com\/wp-content\/uploads\/thedigitalway-computer-1591018_1920.jpg",400,262,false],"gform-image-choice-lg":["https:\/\/www.cinc.com\/wp-content\/uploads\/thedigitalway-computer-1591018_1920.jpg",600,393,false]},"uagb_author_info":{"display_name":"Neus Coll","author_link":"https:\/\/www.cinc.com\/es\/author\/neus-coll\/"},"uagb_comment_info":0,"uagb_excerpt":"Organismos p\u00fablicos han acordado trabajar de forma conjunta para reforzar la seguridad de la informaci\u00f3n en el entorno digital.","jetpack_sharing_enabled":true,"_links":{"self":[{"href":"https:\/\/www.cinc.com\/es\/wp-json\/wp\/v2\/posts\/33583","targetHints":{"allow":["GET"]}}],"collection":[{"href":"https:\/\/www.cinc.com\/es\/wp-json\/wp\/v2\/posts"}],"about":[{"href":"https:\/\/www.cinc.com\/es\/wp-json\/wp\/v2\/types\/post"}],"author":[{"embeddable":true,"href":"https:\/\/www.cinc.com\/es\/wp-json\/wp\/v2\/users\/25"}],"replies":[{"embeddable":true,"href":"https:\/\/www.cinc.com\/es\/wp-json\/wp\/v2\/comments?post=33583"}],"version-history":[{"count":2,"href":"https:\/\/www.cinc.com\/es\/wp-json\/wp\/v2\/posts\/33583\/revisions"}],"predecessor-version":[{"id":33589,"href":"https:\/\/www.cinc.com\/es\/wp-json\/wp\/v2\/posts\/33583\/revisions\/33589"}],"wp:featuredmedia":[{"embeddable":true,"href":"https:\/\/www.cinc.com\/es\/wp-json\/wp\/v2\/media\/33584"}],"wp:attachment":[{"href":"https:\/\/www.cinc.com\/es\/wp-json\/wp\/v2\/media?parent=33583"}],"wp:term":[{"taxonomy":"category","embeddable":true,"href":"https:\/\/www.cinc.com\/es\/wp-json\/wp\/v2\/categories?post=33583"},{"taxonomy":"post_tag","embeddable":true,"href":"https:\/\/www.cinc.com\/es\/wp-json\/wp\/v2\/tags?post=33583"}],"curies":[{"name":"wp","href":"https:\/\/api.w.org\/{rel}","templated":true}]}}