{"id":33362,"date":"2026-03-10T15:45:30","date_gmt":"2026-03-10T14:45:30","guid":{"rendered":"https:\/\/www.cinc.com\/cinc-participa-en-la-6a-edicion-del-salon-de-los-oficios-de-figueres\/"},"modified":"2026-03-10T15:48:41","modified_gmt":"2026-03-10T14:48:41","slug":"cinc-participa-en-la-6a-edicion-del-salon-de-los-oficios-de-figueres","status":"publish","type":"post","link":"https:\/\/www.cinc.com\/es\/cinc-participa-en-la-6a-edicion-del-salon-de-los-oficios-de-figueres\/","title":{"rendered":"CINC participa en la 6\u00aa edici\u00f3n del Sal\u00f3n de los Oficios de Figueres"},"content":{"rendered":"\n<p>CINC participa un a\u00f1o m\u00e1s en el Sal\u00f3n de los Oficios de Figueres, que este a\u00f1o celebra su 6\u00aa edici\u00f3n en el Recinto Ferial de la ciudad. Este evento re\u00fane a entidades p\u00fablicas y privadas, centros educativos, estudiantes y familias del Alt Empord\u00e0 con el objetivo de dar a conocer los oficios y la Formaci\u00f3n Profesional de la comarca. <\/p>\n\n<p>CINC participa en el Sal\u00f3n dentro de la <strong>familia profesional de Administraci\u00f3n y Gesti\u00f3n<\/strong>, vinculada a los ciclos formativos de <strong>CFGM Gesti\u00f3n Administrativa<\/strong> y <strong>CFGS Administraci\u00f3n y Finanzas<\/strong>. Durante la jornada, el equipo de CINC realiza peque\u00f1as demostraciones pr\u00e1cticas de 15 a 20 minutos dirigidas a los alumnos que visitan el stand, con la voluntad de acercarlos al d\u00eda a d\u00eda del sector de la asesor\u00eda y gesti\u00f3n empresarial. <\/p>\n\n<p>El Sal\u00f3n de los Oficios tiene como finalidad ayudar a los estudiantes que se encuentran en el momento de orientar su futuro acad\u00e9mico y profesional, ofreci\u00e9ndoles una experiencia vivencial y pr\u00e1ctica sobre las diferentes opciones formativas y laborales que ofrecen los oficios.<\/p>\n\n<p>Con su participaci\u00f3n en esta iniciativa, CINC reafirma su compromiso con el territorio y con la promoci\u00f3n de la formaci\u00f3n profesional entre los j\u00f3venes del Alt Empord\u00e0.<\/p>\n","protected":false},"excerpt":{"rendered":"<p>CINC participa un a\u00f1o m\u00e1s en el Sal\u00f3n de los Oficios de Figueres, que este a\u00f1o celebra su 6\u00aa edici\u00f3n en el Recinto Ferial de la ciudad. <\/p>\n","protected":false},"author":493,"featured_media":33358,"comment_status":"closed","ping_status":"open","sticky":false,"template":"","format":"standard","meta":{"_acf_changed":false,"_uag_custom_page_level_css":"","_jetpack_memberships_contains_paid_content":false,"footnotes":""},"categories":[272,30],"tags":[],"class_list":["post-33362","post","type-post","status-publish","format-standard","has-post-thumbnail","hentry","category-eventos-2","category-grupo-cinc"],"acf":[],"jetpack_featured_media_url":"https:\/\/www.cinc.com\/wp-content\/uploads\/salo-oficis.webp","uagb_featured_image_src":{"full":["https:\/\/www.cinc.com\/wp-content\/uploads\/salo-oficis.webp",1920,1080,false],"thumbnail":["https:\/\/www.cinc.com\/wp-content\/uploads\/salo-oficis-150x150.webp",150,150,true],"medium":["https:\/\/www.cinc.com\/wp-content\/uploads\/salo-oficis-300x169.webp",300,169,true],"medium_large":["https:\/\/www.cinc.com\/wp-content\/uploads\/salo-oficis-768x432.webp",768,432,true],"large":["https:\/\/www.cinc.com\/wp-content\/uploads\/salo-oficis-1024x576.webp",960,540,true],"1536x1536":["https:\/\/www.cinc.com\/wp-content\/uploads\/salo-oficis-1536x864.webp",1536,864,true],"2048x2048":["https:\/\/www.cinc.com\/wp-content\/uploads\/salo-oficis.webp",1920,1080,false],"gform-image-choice-sm":["https:\/\/www.cinc.com\/wp-content\/uploads\/salo-oficis.webp",300,169,false],"gform-image-choice-md":["https:\/\/www.cinc.com\/wp-content\/uploads\/salo-oficis.webp",400,225,false],"gform-image-choice-lg":["https:\/\/www.cinc.com\/wp-content\/uploads\/salo-oficis.webp",600,338,false]},"uagb_author_info":{"display_name":"marti","author_link":"https:\/\/www.cinc.com\/es\/author\/marti\/"},"uagb_comment_info":0,"uagb_excerpt":"CINC participa un a\u00f1o m\u00e1s en el Sal\u00f3n de los Oficios de Figueres, que este a\u00f1o celebra su 6\u00aa edici\u00f3n en el Recinto Ferial de la ciudad.","jetpack_sharing_enabled":true,"_links":{"self":[{"href":"https:\/\/www.cinc.com\/es\/wp-json\/wp\/v2\/posts\/33362","targetHints":{"allow":["GET"]}}],"collection":[{"href":"https:\/\/www.cinc.com\/es\/wp-json\/wp\/v2\/posts"}],"about":[{"href":"https:\/\/www.cinc.com\/es\/wp-json\/wp\/v2\/types\/post"}],"author":[{"embeddable":true,"href":"https:\/\/www.cinc.com\/es\/wp-json\/wp\/v2\/users\/493"}],"replies":[{"embeddable":true,"href":"https:\/\/www.cinc.com\/es\/wp-json\/wp\/v2\/comments?post=33362"}],"version-history":[{"count":1,"href":"https:\/\/www.cinc.com\/es\/wp-json\/wp\/v2\/posts\/33362\/revisions"}],"predecessor-version":[{"id":33363,"href":"https:\/\/www.cinc.com\/es\/wp-json\/wp\/v2\/posts\/33362\/revisions\/33363"}],"wp:featuredmedia":[{"embeddable":true,"href":"https:\/\/www.cinc.com\/es\/wp-json\/wp\/v2\/media\/33358"}],"wp:attachment":[{"href":"https:\/\/www.cinc.com\/es\/wp-json\/wp\/v2\/media?parent=33362"}],"wp:term":[{"taxonomy":"category","embeddable":true,"href":"https:\/\/www.cinc.com\/es\/wp-json\/wp\/v2\/categories?post=33362"},{"taxonomy":"post_tag","embeddable":true,"href":"https:\/\/www.cinc.com\/es\/wp-json\/wp\/v2\/tags?post=33362"}],"curies":[{"name":"wp","href":"https:\/\/api.w.org\/{rel}","templated":true}]}}