{"id":33108,"date":"2026-01-27T22:13:20","date_gmt":"2026-01-27T21:13:20","guid":{"rendered":"https:\/\/www.cinc.com\/?p=33108"},"modified":"2026-02-19T12:47:28","modified_gmt":"2026-02-19T11:47:28","slug":"una-regularizacion-extraordinaria-en-2026-podria-beneficiar-unas-500-000-personas-extranjeras","status":"publish","type":"post","link":"https:\/\/www.cinc.com\/es\/una-regularizacion-extraordinaria-en-2026-podria-beneficiar-unas-500-000-personas-extranjeras\/","title":{"rendered":"Regularizaci\u00f3n extraordinaria de 2026, la v\u00eda para conseguir la residencia y acceder a un permiso de trabajo"},"content":{"rendered":"\n<p>Las personas que se encontraban en Espa\u00f1a antes del 31 de diciembre de 2025, este a\u00f1o podr\u00e1n regularizar su situaci\u00f3n administrativa. Esta v\u00eda extraordinaria que ha anunciado el Govern no se limita a la residencia, ya que tambi\u00e9n puede incluir permiso de trabajo, y se prev\u00e9 que concentre muchas solicitudes en muy poco tiempo. En el Servicio de Extranjer\u00eda de CINC te lo explicamos.<\/p>\n\n\n\n<p>El aspecto m\u00e1s relevante, a efectos pr\u00e1cticos, es que la autorizaci\u00f3n prevista no se limita a la residencia: incluye habilitaci\u00f3n para trabajar, con impacto directo en el acceso al empleo y en la contrataci\u00f3n con mayor seguridad jur\u00eddica.<\/p>\n\n\n\n<p>En este sentido cabe destacar que la admisi\u00f3n a tr\u00e1mite de la solicitud conllevar\u00e1 una autorizaci\u00f3n provisional de residencia que habilita para trabajar.<\/p>\n\n\n\n<div class=\"wp-block-uagb-advanced-heading uagb-block-a715ac15\"><h3 class=\"uagb-heading-text\">\u00bfCu\u00e1l es la fecha de corte y qu\u00e9 significa en la pr\u00e1ctica?<\/h3><\/div>\n\n\n\n<p>El punto de referencia es el 31 de diciembre de 2025. De forma general, encajar\u00edan quienes puedan acreditar que ya estaban en Espa\u00f1a antes de esa fecha y que han mantenido una permanencia continuada durante un periodo m\u00ednimo previo (se contempla un umbral de cinco meses).<\/p>\n\n\n\n<p>En paralelo, existe un supuesto espec\u00edfico para personas con tr\u00e1mites vinculados a protecci\u00f3n internacional, siempre que se hubieran iniciado antes de la fecha de corte y se cumplan las condiciones exigibles.<\/p>\n\n\n\n<div class=\"wp-block-uagb-advanced-heading uagb-block-17e96c97\"><h3 class=\"uagb-heading-text\">\u00bfQu\u00e9 requisitos suelen ser determinantes para que el expediente avance?<\/h3><\/div>\n\n\n\n<p>Como en otros procedimientos de extranjer\u00eda, el expediente estar\u00e1 condicionado por la necesidad de no contar con antecedentes penales. Adem\u00e1s, ser\u00e1 clave presentar documentaci\u00f3n suficiente para sostener la permanencia y la situaci\u00f3n personal en Espa\u00f1a.<\/p>\n\n\n\n<div class=\"wp-block-uagb-advanced-heading uagb-block-f1c91ee5\"><h3 class=\"uagb-heading-text\">\u00bfQu\u00e9 autorizaci\u00f3n se obtiene y qu\u00e9 implica para trabajar?<\/h3><\/div>\n\n\n\n<p>La autorizaci\u00f3n prevista es de residencia con permiso de trabajo, con efectos en todo el territorio nacional y sin limitarse a un sector concreto. La vigencia inicial planteada es de un a\u00f1o y, despu\u00e9s, la continuidad deber\u00e1 encauzarse a trav\u00e9s de las v\u00edas ordinarias del sistema de extranjer\u00eda.<\/p>\n\n\n\n<div class=\"wp-block-uagb-advanced-heading uagb-block-d9c3e025\"><h3 class=\"uagb-heading-text\">\u00bfCu\u00e1ndo se podr\u00e1 solicitar y cu\u00e1nto puede tardar la respuesta?<\/h3><\/div>\n\n\n\n<p>La medida podr\u00eda beneficiar a unas 500.000 personas. La ventana de presentaci\u00f3n se prev\u00e9 a partir de principios de abril y con cierre el 30 de junio de 2026, por lo que ser\u00e1 un calendario muy concentrado. En tramitaci\u00f3n, se diferencian dos hitos: la admisi\u00f3n a tr\u00e1mite, con un objetivo r\u00e1pido (en torno a 15 d\u00edas), y la resoluci\u00f3n, con un plazo m\u00e1ximo que se sit\u00faa en tres meses.<\/p>\n\n\n\n<div class=\"wp-block-uagb-advanced-heading uagb-block-f94b1aa1\"><h3 class=\"uagb-heading-text\">\u00bfQu\u00e9 pasa con los menores y la unidad familiar?<\/h3><\/div>\n\n\n\n<p>El esquema contempla la posibilidad de regularizar de forma coordinada a hijos e hijas menores que ya est\u00e9n en Espa\u00f1a. Para los menores se plantea una autorizaci\u00f3n de mayor duraci\u00f3n, con una vigencia prevista de cinco a\u00f1os.<\/p>\n\n\n\n<div class=\"wp-block-uagb-advanced-heading uagb-block-8636ee1f\"><h3 class=\"uagb-heading-text\">En CINC te ayudamos con tu solicitud<\/h3><\/div>\n\n\n\n<p>Si necesitas confirmar si tu caso encaja, c\u00f3mo acreditar la permanencia, qu\u00e9 documentaci\u00f3n conviene preparar o c\u00f3mo tramitar la regularizaci\u00f3n de menores, puedes asesorarte en el <a href=\"https:\/\/www.cinc.com\/es\/asesoria-de-empresas-y-gestoria\/servicios-de-extranjeria\/\">Servicio de Extranjer\u00eda<\/a> de CINC. <a href=\"https:\/\/www.cinc.com\/es\/cita-extranjeria\/\">Pide cita con nosotros<\/a> y revisaremos tu situaci\u00f3n y te acompa\u00f1aremos en la estrategia de tramitaci\u00f3n para hacerlo con garant\u00edas.<\/p>\n","protected":false},"excerpt":{"rendered":"<p>La medida podr\u00eda beneficiar a unas 500.000 personas, lo que anticipa un volumen alto de solicitudes concentradas en pocos meses.<\/p>\n","protected":false},"author":493,"featured_media":33111,"comment_status":"closed","ping_status":"open","sticky":false,"template":"","format":"standard","meta":{"_acf_changed":false,"_uag_custom_page_level_css":"","_jetpack_memberships_contains_paid_content":false,"footnotes":""},"categories":[95],"tags":[77],"class_list":["post-33108","post","type-post","status-publish","format-standard","has-post-thumbnail","hentry","category-extranjeria","tag-extranjeria"],"acf":[],"jetpack_featured_media_url":"https:\/\/www.cinc.com\/wp-content\/uploads\/concentrated-people-reading-information-from-laptop.webp","uagb_featured_image_src":{"full":["https:\/\/www.cinc.com\/wp-content\/uploads\/concentrated-people-reading-information-from-laptop.webp",1920,1080,false],"thumbnail":["https:\/\/www.cinc.com\/wp-content\/uploads\/concentrated-people-reading-information-from-laptop-150x150.webp",150,150,true],"medium":["https:\/\/www.cinc.com\/wp-content\/uploads\/concentrated-people-reading-information-from-laptop-300x169.webp",300,169,true],"medium_large":["https:\/\/www.cinc.com\/wp-content\/uploads\/concentrated-people-reading-information-from-laptop-768x432.webp",768,432,true],"large":["https:\/\/www.cinc.com\/wp-content\/uploads\/concentrated-people-reading-information-from-laptop-1024x576.webp",960,540,true],"1536x1536":["https:\/\/www.cinc.com\/wp-content\/uploads\/concentrated-people-reading-information-from-laptop-1536x864.webp",1536,864,true],"2048x2048":["https:\/\/www.cinc.com\/wp-content\/uploads\/concentrated-people-reading-information-from-laptop.webp",1920,1080,false],"gform-image-choice-sm":["https:\/\/www.cinc.com\/wp-content\/uploads\/concentrated-people-reading-information-from-laptop.webp",300,169,false],"gform-image-choice-md":["https:\/\/www.cinc.com\/wp-content\/uploads\/concentrated-people-reading-information-from-laptop.webp",400,225,false],"gform-image-choice-lg":["https:\/\/www.cinc.com\/wp-content\/uploads\/concentrated-people-reading-information-from-laptop.webp",600,338,false]},"uagb_author_info":{"display_name":"marti","author_link":"https:\/\/www.cinc.com\/es\/author\/marti\/"},"uagb_comment_info":0,"uagb_excerpt":"La medida podr\u00eda beneficiar a unas 500.000 personas, lo que anticipa un volumen alto de solicitudes concentradas en pocos meses.","jetpack_sharing_enabled":true,"_links":{"self":[{"href":"https:\/\/www.cinc.com\/es\/wp-json\/wp\/v2\/posts\/33108","targetHints":{"allow":["GET"]}}],"collection":[{"href":"https:\/\/www.cinc.com\/es\/wp-json\/wp\/v2\/posts"}],"about":[{"href":"https:\/\/www.cinc.com\/es\/wp-json\/wp\/v2\/types\/post"}],"author":[{"embeddable":true,"href":"https:\/\/www.cinc.com\/es\/wp-json\/wp\/v2\/users\/493"}],"replies":[{"embeddable":true,"href":"https:\/\/www.cinc.com\/es\/wp-json\/wp\/v2\/comments?post=33108"}],"version-history":[{"count":6,"href":"https:\/\/www.cinc.com\/es\/wp-json\/wp\/v2\/posts\/33108\/revisions"}],"predecessor-version":[{"id":33231,"href":"https:\/\/www.cinc.com\/es\/wp-json\/wp\/v2\/posts\/33108\/revisions\/33231"}],"wp:featuredmedia":[{"embeddable":true,"href":"https:\/\/www.cinc.com\/es\/wp-json\/wp\/v2\/media\/33111"}],"wp:attachment":[{"href":"https:\/\/www.cinc.com\/es\/wp-json\/wp\/v2\/media?parent=33108"}],"wp:term":[{"taxonomy":"category","embeddable":true,"href":"https:\/\/www.cinc.com\/es\/wp-json\/wp\/v2\/categories?post=33108"},{"taxonomy":"post_tag","embeddable":true,"href":"https:\/\/www.cinc.com\/es\/wp-json\/wp\/v2\/tags?post=33108"}],"curies":[{"name":"wp","href":"https:\/\/api.w.org\/{rel}","templated":true}]}}