{"id":33014,"date":"2026-01-08T19:31:11","date_gmt":"2026-01-08T18:31:11","guid":{"rendered":"https:\/\/www.cinc.com\/?p=33014"},"modified":"2026-01-08T19:34:07","modified_gmt":"2026-01-08T18:34:07","slug":"novedades-en-extranjeria-aprobada-la-orden-gecco-2026-sobre-la-gestion-colectiva-de-contrataciones-en-origen","status":"publish","type":"post","link":"https:\/\/www.cinc.com\/es\/novedades-en-extranjeria-aprobada-la-orden-gecco-2026-sobre-la-gestion-colectiva-de-contrataciones-en-origen\/","title":{"rendered":"Novedades en extranjer\u00eda: aprobada la Orden GECCO 2026 sobre la gesti\u00f3n colectiva de contrataciones en origen"},"content":{"rendered":"\n<p>El Bolet\u00edn Oficial del Estado ha publicado la Orden que regula la gesti\u00f3n colectiva de contrataciones en origen para el a\u00f1o 2026. Esta nueva normativa introduce ajustes relevantes en el sistema de contrataci\u00f3n de personas trabajadoras extranjeras, con el objetivo de adaptarlo a la realidad social y econ\u00f3mica actual y reforzar la protecci\u00f3n de los derechos laborales.<\/p>\n\n\n\n<p>A continuaci\u00f3n, resumimos los principales aspectos a tener en cuenta.<\/p>\n\n\n\n<div class=\"wp-block-uagb-advanced-heading uagb-block-ad9e7855\"><h3 class=\"uagb-heading-text\">\u00bfQu\u00e9 es la Orden GECCO 2026?<\/h3><\/div>\n\n\n\n<p>La Orden GECCO 2026 regula el procedimiento para la gesti\u00f3n colectiva de contrataciones en origen durante el a\u00f1o 2026. Este sistema permite a las empresas espa\u00f1olas contratar trabajadores en sus pa\u00edses de origen para cubrir necesidades concretas de mano de obra, especialmente en actividades de car\u00e1cter temporal o estacional.<\/p>\n\n\n\n<p>La nueva orden se alinea con el Reglamento de Extranjer\u00eda vigente desde mayo de 2025, consolidando de forma estable criterios y garant\u00edas que hasta ahora se renovaban anualmente.<\/p>\n\n\n\n<div class=\"wp-block-uagb-advanced-heading uagb-block-bcc0f2ab\"><h3 class=\"uagb-heading-text\">\u00bfQu\u00e9 novedades introduce respecto a a\u00f1os anteriores?<\/h3><\/div>\n\n\n\n<p>Uno de los principales avances es la integraci\u00f3n definitiva de la gesti\u00f3n colectiva de contrataciones en origen dentro del marco general del Reglamento de Extranjer\u00eda. Esto aporta mayor seguridad jur\u00eddica y simplifica la tramitaci\u00f3n de autorizaciones de trabajo, tanto para contratos estables como para modalidades de migraci\u00f3n circular.<\/p>\n\n\n\n<p>Adem\u00e1s, la normativa refuerza los procedimientos ordinarios y unificados, facilitando una gesti\u00f3n m\u00e1s \u00e1gil y eficiente para empresas y administraciones.<\/p>\n\n\n\n<div class=\"wp-block-uagb-advanced-heading uagb-block-a9c15ef9\"><h3 class=\"uagb-heading-text\">Refuerzo de la migraci\u00f3n circular<\/h3><\/div>\n\n\n\n<p>La migraci\u00f3n circular contin\u00faa consolid\u00e1ndose como una f\u00f3rmula clave dentro de la pol\u00edtica migratoria. Durante el \u00faltimo a\u00f1o, decenas de miles de personas trabajadoras procedentes de distintos pa\u00edses han participado en estos programas, principalmente en sectores como el agr\u00edcola y otras actividades de temporada.<\/p>\n\n\n\n<p>Ante este crecimiento, la Orden GECCO 2026 introduce un r\u00e9gimen espec\u00edfico de garant\u00edas para las personas trabajadoras desplazadas desde sus pa\u00edses de origen.<\/p>\n\n\n\n<div class=\"wp-block-uagb-advanced-heading uagb-block-4156af23\"><h3 class=\"uagb-heading-text\">\u00bfQu\u00e9 garant\u00edas se refuerzan para las personas trabajadoras?<\/h3><\/div>\n\n\n\n<p>Entre las principales medidas destacan:<\/p>\n\n\n\n<ul class=\"wp-block-list\">\n<li>La obligaci\u00f3n empresarial de garantizar alojamiento adecuado durante todo el periodo de actividad y en cada uno de los llamamientos.<\/li>\n\n\n\n<li>La necesidad de comunicar a la autoridad competente cualquier modificaci\u00f3n relevante que afecte a las condiciones de trabajo.<\/li>\n\n\n\n<li>El refuerzo de la protecci\u00f3n frente a situaciones de vulnerabilidad, asegurando un trato digno y condiciones laborales claras.<\/li>\n<\/ul>\n\n\n\n<p>Estas medidas fortalecen la dimensi\u00f3n social del sistema y mejoran la seguridad jur\u00eddica y laboral de las personas participantes en programas de migraci\u00f3n circular.<\/p>\n\n\n\n<div class=\"wp-block-uagb-advanced-heading uagb-block-c7a158ec\"><h3 class=\"uagb-heading-text\">Un modelo alineado con los est\u00e1ndares internacionales<\/h3><\/div>\n\n\n\n<p>La nueva orden se inscribe en los principios del Pacto Mundial para una Migraci\u00f3n Segura, Ordenada y Regular, impulsado por las Naciones Unidas, y apuesta por la cooperaci\u00f3n internacional y el desarrollo de programas regionales con apoyo de la Uni\u00f3n Europea.<\/p>\n\n\n\n<p>Todo ello consolida la migraci\u00f3n circular como un instrumento estructural de la pol\u00edtica migratoria, capaz de equilibrar necesidades econ\u00f3micas, protecci\u00f3n de derechos y cooperaci\u00f3n entre pa\u00edses.<\/p>\n\n\n\n<div class=\"wp-block-uagb-advanced-heading uagb-block-a3e53ff0\"><h3 class=\"uagb-heading-text\">\u00bfDesde cu\u00e1ndo est\u00e1 en vigor la Orden GECCO 2026?<\/h3><\/div>\n\n\n\n<p>La orden ha entrado en vigor el 1 de enero de 2026 y mantendr\u00e1 su vigencia hasta el 31 de diciembre de 2026.<\/p>\n\n\n\n<div class=\"wp-block-uagb-advanced-heading uagb-block-28ce04b1\"><h3 class=\"uagb-heading-text\">En resumen<\/h3><\/div>\n\n\n\n<p>La Orden GECCO 2026 supone un paso adelante en la regulaci\u00f3n de la gesti\u00f3n colectiva de contrataciones en origen, aportando mayor estabilidad normativa, reforzando las garant\u00edas para las personas trabajadoras y facilitando a las empresas un marco m\u00e1s claro y seguro para la contrataci\u00f3n internacional.<\/p>\n\n\n\n<p>En <strong>CINC Asesor\u00eda<\/strong> contamos con un equipo especializado en extranjer\u00eda que puede asesorarte y acompa\u00f1arte en todo el proceso de gesti\u00f3n colectiva de contrataciones en origen. Si necesitas m\u00e1s informaci\u00f3n o apoyo en tus tr\u00e1mites, no dudes en ponerte en contacto con <a href=\"https:\/\/www.cinc.com\/es\/contacto\/\" target=\"_blank\" rel=\"noreferrer noopener\">nosotros<\/a>.<\/p>\n\n\n\n<p><\/p>\n","protected":false},"excerpt":{"rendered":"<p>La nueva Orden GECCO 2026 introduce cambios clave en la contrataci\u00f3n de trabajadores extranjeros, reforzando las garant\u00edas laborales y simplificando los tr\u00e1mites para las empresas. Te explicamos qu\u00e9 implica esta normativa y c\u00f3mo puede afectar a tus procesos de contrataci\u00f3n en origen.<\/p>\n","protected":false},"author":424,"featured_media":33015,"comment_status":"closed","ping_status":"open","sticky":false,"template":"","format":"standard","meta":{"_acf_changed":false,"_uag_custom_page_level_css":"","_jetpack_memberships_contains_paid_content":false,"footnotes":""},"categories":[95],"tags":[],"class_list":["post-33014","post","type-post","status-publish","format-standard","has-post-thumbnail","hentry","category-extranjeria"],"acf":[],"jetpack_featured_media_url":"https:\/\/www.cinc.com\/wp-content\/uploads\/construction-4754307_1280.jpg","uagb_featured_image_src":{"full":["https:\/\/www.cinc.com\/wp-content\/uploads\/construction-4754307_1280.jpg",1280,853,false],"thumbnail":["https:\/\/www.cinc.com\/wp-content\/uploads\/construction-4754307_1280-150x150.jpg",150,150,true],"medium":["https:\/\/www.cinc.com\/wp-content\/uploads\/construction-4754307_1280-300x200.jpg",300,200,true],"medium_large":["https:\/\/www.cinc.com\/wp-content\/uploads\/construction-4754307_1280-768x512.jpg",768,512,true],"large":["https:\/\/www.cinc.com\/wp-content\/uploads\/construction-4754307_1280-1024x682.jpg",960,639,true],"1536x1536":["https:\/\/www.cinc.com\/wp-content\/uploads\/construction-4754307_1280.jpg",1280,853,false],"2048x2048":["https:\/\/www.cinc.com\/wp-content\/uploads\/construction-4754307_1280.jpg",1280,853,false],"gform-image-choice-sm":["https:\/\/www.cinc.com\/wp-content\/uploads\/construction-4754307_1280.jpg",300,200,false],"gform-image-choice-md":["https:\/\/www.cinc.com\/wp-content\/uploads\/construction-4754307_1280.jpg",400,267,false],"gform-image-choice-lg":["https:\/\/www.cinc.com\/wp-content\/uploads\/construction-4754307_1280.jpg",600,400,false]},"uagb_author_info":{"display_name":"Recepci\u00f3 BCN","author_link":"https:\/\/www.cinc.com\/es\/author\/recepcio\/"},"uagb_comment_info":0,"uagb_excerpt":"La nueva Orden GECCO 2026 introduce cambios clave en la contrataci\u00f3n de trabajadores extranjeros, reforzando las garant\u00edas laborales y simplificando los tr\u00e1mites para las empresas. Te explicamos qu\u00e9 implica esta normativa y c\u00f3mo puede afectar a tus procesos de contrataci\u00f3n en origen.","jetpack_sharing_enabled":true,"_links":{"self":[{"href":"https:\/\/www.cinc.com\/es\/wp-json\/wp\/v2\/posts\/33014","targetHints":{"allow":["GET"]}}],"collection":[{"href":"https:\/\/www.cinc.com\/es\/wp-json\/wp\/v2\/posts"}],"about":[{"href":"https:\/\/www.cinc.com\/es\/wp-json\/wp\/v2\/types\/post"}],"author":[{"embeddable":true,"href":"https:\/\/www.cinc.com\/es\/wp-json\/wp\/v2\/users\/424"}],"replies":[{"embeddable":true,"href":"https:\/\/www.cinc.com\/es\/wp-json\/wp\/v2\/comments?post=33014"}],"version-history":[{"count":1,"href":"https:\/\/www.cinc.com\/es\/wp-json\/wp\/v2\/posts\/33014\/revisions"}],"predecessor-version":[{"id":33019,"href":"https:\/\/www.cinc.com\/es\/wp-json\/wp\/v2\/posts\/33014\/revisions\/33019"}],"wp:featuredmedia":[{"embeddable":true,"href":"https:\/\/www.cinc.com\/es\/wp-json\/wp\/v2\/media\/33015"}],"wp:attachment":[{"href":"https:\/\/www.cinc.com\/es\/wp-json\/wp\/v2\/media?parent=33014"}],"wp:term":[{"taxonomy":"category","embeddable":true,"href":"https:\/\/www.cinc.com\/es\/wp-json\/wp\/v2\/categories?post=33014"},{"taxonomy":"post_tag","embeddable":true,"href":"https:\/\/www.cinc.com\/es\/wp-json\/wp\/v2\/tags?post=33014"}],"curies":[{"name":"wp","href":"https:\/\/api.w.org\/{rel}","templated":true}]}}