{"id":32889,"date":"2025-12-02T17:14:58","date_gmt":"2025-12-02T16:14:58","guid":{"rendered":"https:\/\/www.cinc.com\/?p=32889"},"modified":"2025-12-02T17:39:32","modified_gmt":"2025-12-02T16:39:32","slug":"prorroga-de-la-entrada-en-vigor-del-reglamento-verifactu-hasta-2027-todo-lo-que-deben-saber-las-empresas","status":"publish","type":"post","link":"https:\/\/www.cinc.com\/es\/prorroga-de-la-entrada-en-vigor-del-reglamento-verifactu-hasta-2027-todo-lo-que-deben-saber-las-empresas\/","title":{"rendered":"Pr\u00f3rroga de la entrada en vigor del Reglamento VERIFACTU hasta 2027: todo lo que deben saber las empresas"},"content":{"rendered":"\n<div class=\"wp-block-uagb-advanced-heading uagb-block-c387a987\"><h3 class=\"uagb-heading-text\">\u00bfQu\u00e9 ha anunciado el Gobierno?<\/h3><\/div>\n\n\n\n<p>El Gobierno, en el Consejo de Ministros, ha aprobado un Real Decreto-ley que prorroga la entrada en vigor del Reglamento VERIFACTU. Esta medida supone un cambio respecto a las fechas inicialmente previstas en el Real Decreto 254\/2025.<\/p>\n\n\n\n<div class=\"wp-block-uagb-advanced-heading uagb-block-a240a17f\"><h3 class=\"uagb-heading-text\">\u00bfCu\u00e1les eran las fechas originales de entrada en vigor?<\/h3><\/div>\n\n\n\n<p>Seg\u00fan el Real Decreto 254\/2025:<\/p>\n\n\n\n<ul class=\"wp-block-list\">\n<li>Para los contribuyentes del Impuesto sobre Sociedades, el Reglamento deb\u00eda aplicarse a partir del 1 de enero de 2026.<\/li>\n\n\n\n<li>Para los empresarios y profesionales con actividad econ\u00f3mica en el IRPF, la fecha prevista era antes del 1 de julio de 2026.<\/li>\n<\/ul>\n\n\n\n<div class=\"wp-block-uagb-advanced-heading uagb-block-7a63d62d\"><h3 class=\"uagb-heading-text\">\u00bfQu\u00e9 implica la nueva pr\u00f3rroga?<\/h3><\/div>\n\n\n\n<p>Con la pr\u00f3rroga aprobada:<\/p>\n\n\n\n<ul class=\"wp-block-list\">\n<li>Los contribuyentes del Impuesto sobre Sociedades deber\u00e1n cumplir con el Reglamento VERIFACTU a partir del 1 de enero de 2027.<\/li>\n\n\n\n<li>Los empresarios y profesionales con actividad econ\u00f3mica en el IRPF deber\u00e1n adaptarse a partir del 1 de julio de 2027.<\/li>\n<\/ul>\n\n\n\n<div class=\"wp-block-uagb-advanced-heading uagb-block-0ac13866\"><h3 class=\"uagb-heading-text\">\u00bfEs definitiva la pr\u00f3rroga?<\/h3><\/div>\n\n\n\n<p>No. Este Real Decreto-ley debe ser sometido a votaci\u00f3n en el Congreso de los Diputados en un plazo de 30 d\u00edas, donde podr\u00e1 ser convalidado o derogado.<\/p>\n\n\n\n<div class=\"wp-block-uagb-advanced-heading uagb-block-d585c32c\"><h3 class=\"uagb-heading-text\">\u00bfQu\u00e9 deben hacer las empresas mientras tanto?<\/h3><\/div>\n\n\n\n<p>Aunque la entrada en vigor se retrasa, es recomendable que las empresas:<\/p>\n\n\n\n<ul class=\"wp-block-list\">\n<li>Revisen sus sistemas de facturaci\u00f3n y verifiquen que podr\u00e1n cumplir con los requisitos t\u00e9cnicos del Reglamento VERIFACTU cuando llegue la fecha.<\/li>\n\n\n\n<li>Mantengan informados a sus equipos contables y financieros sobre los cambios normativos.<\/li>\n\n\n\n<li>Consideren esta pr\u00f3rroga como una oportunidad para planificar la adaptaci\u00f3n sin la presi\u00f3n de los plazos iniciales.<\/li>\n<\/ul>\n\n\n\n<div class=\"wp-block-uagb-advanced-heading uagb-block-b0165e63\"><h3 class=\"uagb-heading-text\">En resumen<\/h3><\/div>\n\n\n\n<p>La pr\u00f3rroga hasta 2027 ofrece un margen adicional para que empresas y aut\u00f3nomos adapten sus procesos de facturaci\u00f3n al Reglamento VERIFACTU. Aunque a\u00fan no es obligatorio, prepararse con antelaci\u00f3n permitir\u00e1 cumplir con la normativa de manera segura y reforzar la transparencia frente a la Agencia Tributaria y los clientes.<\/p>\n\n\n\n<p><\/p>\n\n\n\n<div class=\"wp-block-buttons is-content-justification-center is-layout-flex wp-container-core-buttons-is-layout-a89b3969 wp-block-buttons-is-layout-flex\">\n<div class=\"wp-block-button\"><a class=\"wp-block-button__link wp-element-button\" href=\"https:\/\/www.cinc.com\/ca\/contacte\/\" target=\"_blank\" rel=\"noreferrer noopener\">Env\u00edanos tu consulta<\/a><\/div>\n<\/div>\n\n\n\n<p><\/p>\n","protected":false},"excerpt":{"rendered":"<p>El Reglamento VERIFACTU retrasa su aplicaci\u00f3n: conoce las nuevas fechas, qui\u00e9nes se ver\u00e1n afectados y c\u00f3mo preparar tu empresa para cumplir sin sorpresas<\/p>\n","protected":false},"author":25,"featured_media":32890,"comment_status":"closed","ping_status":"open","sticky":false,"template":"","format":"standard","meta":{"_acf_changed":false,"_uag_custom_page_level_css":"","_jetpack_memberships_contains_paid_content":false,"footnotes":""},"categories":[26],"tags":[],"class_list":["post-32889","post","type-post","status-publish","format-standard","has-post-thumbnail","hentry","category-asesoria"],"acf":[],"jetpack_featured_media_url":"https:\/\/www.cinc.com\/wp-content\/uploads\/technology-791029_960_720.jpg","uagb_featured_image_src":{"full":["https:\/\/www.cinc.com\/wp-content\/uploads\/technology-791029_960_720.jpg",960,640,false],"thumbnail":["https:\/\/www.cinc.com\/wp-content\/uploads\/technology-791029_960_720-150x150.jpg",150,150,true],"medium":["https:\/\/www.cinc.com\/wp-content\/uploads\/technology-791029_960_720-300x200.jpg",300,200,true],"medium_large":["https:\/\/www.cinc.com\/wp-content\/uploads\/technology-791029_960_720-768x512.jpg",768,512,true],"large":["https:\/\/www.cinc.com\/wp-content\/uploads\/technology-791029_960_720.jpg",960,640,false],"1536x1536":["https:\/\/www.cinc.com\/wp-content\/uploads\/technology-791029_960_720.jpg",960,640,false],"2048x2048":["https:\/\/www.cinc.com\/wp-content\/uploads\/technology-791029_960_720.jpg",960,640,false],"gform-image-choice-sm":["https:\/\/www.cinc.com\/wp-content\/uploads\/technology-791029_960_720.jpg",300,200,false],"gform-image-choice-md":["https:\/\/www.cinc.com\/wp-content\/uploads\/technology-791029_960_720.jpg",400,267,false],"gform-image-choice-lg":["https:\/\/www.cinc.com\/wp-content\/uploads\/technology-791029_960_720.jpg",600,400,false]},"uagb_author_info":{"display_name":"Neus Coll","author_link":"https:\/\/www.cinc.com\/es\/author\/neus-coll\/"},"uagb_comment_info":0,"uagb_excerpt":"El Reglamento VERIFACTU retrasa su aplicaci\u00f3n: conoce las nuevas fechas, qui\u00e9nes se ver\u00e1n afectados y c\u00f3mo preparar tu empresa para cumplir sin sorpresas","jetpack_sharing_enabled":true,"_links":{"self":[{"href":"https:\/\/www.cinc.com\/es\/wp-json\/wp\/v2\/posts\/32889","targetHints":{"allow":["GET"]}}],"collection":[{"href":"https:\/\/www.cinc.com\/es\/wp-json\/wp\/v2\/posts"}],"about":[{"href":"https:\/\/www.cinc.com\/es\/wp-json\/wp\/v2\/types\/post"}],"author":[{"embeddable":true,"href":"https:\/\/www.cinc.com\/es\/wp-json\/wp\/v2\/users\/25"}],"replies":[{"embeddable":true,"href":"https:\/\/www.cinc.com\/es\/wp-json\/wp\/v2\/comments?post=32889"}],"version-history":[{"count":1,"href":"https:\/\/www.cinc.com\/es\/wp-json\/wp\/v2\/posts\/32889\/revisions"}],"predecessor-version":[{"id":32894,"href":"https:\/\/www.cinc.com\/es\/wp-json\/wp\/v2\/posts\/32889\/revisions\/32894"}],"wp:featuredmedia":[{"embeddable":true,"href":"https:\/\/www.cinc.com\/es\/wp-json\/wp\/v2\/media\/32890"}],"wp:attachment":[{"href":"https:\/\/www.cinc.com\/es\/wp-json\/wp\/v2\/media?parent=32889"}],"wp:term":[{"taxonomy":"category","embeddable":true,"href":"https:\/\/www.cinc.com\/es\/wp-json\/wp\/v2\/categories?post=32889"},{"taxonomy":"post_tag","embeddable":true,"href":"https:\/\/www.cinc.com\/es\/wp-json\/wp\/v2\/tags?post=32889"}],"curies":[{"name":"wp","href":"https:\/\/api.w.org\/{rel}","templated":true}]}}