{"id":32559,"date":"2025-11-25T16:22:51","date_gmt":"2025-11-25T15:22:51","guid":{"rendered":"https:\/\/www.cinc.com\/un-ano-del-nuevo-reglamento-de-extranjeria-que-efectos-esta-teniendo-2\/"},"modified":"2025-11-28T17:14:54","modified_gmt":"2025-11-28T16:14:54","slug":"un-ano-del-nuevo-reglamento-de-extranjeria-que-efectos-esta-teniendo-2","status":"publish","type":"post","link":"https:\/\/www.cinc.com\/es\/un-ano-del-nuevo-reglamento-de-extranjeria-que-efectos-esta-teniendo-2\/","title":{"rendered":"Un a\u00f1o del nuevo Reglamento de Extranjer\u00eda: \u00bfqu\u00e9 efectos est\u00e1 teniendo?"},"content":{"rendered":"\n<div class=\"wp-block-uagb-advanced-heading uagb-block-568b45c3\"><h3 class=\"uagb-heading-text\">\u00bfQu\u00e9 ha ocurrido durante este primer a\u00f1o?<\/h3><\/div>\n\n\n\n<p>El nuevo Reglamento de Extranjer\u00eda cumple un a\u00f1o de su publicaci\u00f3n en el BOE. Aunque su entrada en vigor se produjo seis meses despu\u00e9s, el 20 de mayo de 2025, ya es posible realizar un primer balance sobre el impacto que est\u00e1n teniendo sus principales medidas en la realidad migratoria espa\u00f1ola. <\/p>\n\n\n\n<div class=\"wp-block-uagb-advanced-heading uagb-block-91133e31\"><h3 class=\"uagb-heading-text\">\u00bfHa aumentado el n\u00famero de solicitudes?<\/h3><\/div>\n\n\n\n<p>S\u00ed, y de forma muy significativa. Sin duda, la nueva normativa ha establecido mejoras sustanciales, el primer ejemplo es la reducci\u00f3n en un a\u00f1o del tiempo exigido para solicitar la regularizaci\u00f3n en todos los arraigos. Esta medida a dado pase a que muchos extranjeros en estado de vulnerabilidad hayan podido adelantar la solicitud de su tr\u00e1mite. Otra mejora importante, ha sido el nuevo tr\u00e1mite de Familiar de espa\u00f1ol, dando la facilidad, al igual que la tarjeta de familiar de Comunitario, de trabajar desde el inicio del tr\u00e1mite, a pesar que nos encontramos con empresas que, al no conocer la nueva normativa, descartan al trabajador o trabajadora si no han obtenido la tarjeta f\u00edsica. Asimismo, contamos que los familiares de estudiantes ahora pueden solicitar el visado desde territorio espa\u00f1ol, lo cual antes no era posible. <\/p>\n\n\n\n<p>Estas mejoras, sin lugar a duda han contribuido al aumento en el n\u00famero de las solicitudes, como se puede ver a continuaci\u00f3n:<br>En el periodo anterior a su entrada en vigor (del 1 de enero al 20 de mayo) se registraron 495.000 solicitudes de autorizaciones de residencia.<br>En cambio, desde el 20 de mayo hasta el 31 de octubre, la cifra ha ascendido hasta las 724.000 solicitudes.<\/p>\n\n\n\n<p>Esto supone un incremento del 46,2%, es decir, casi un 50% m\u00e1s de peticiones en comparaci\u00f3n con el mismo intervalo.<\/p>\n\n\n\n<div class=\"wp-block-uagb-advanced-heading uagb-block-5e0ec828\"><h3 class=\"uagb-heading-text\">\u00bfA qu\u00e9 se debe este aumento?<\/h3><\/div>\n\n\n\n<p>El incremento est\u00e1 relacionado especialmente con las nuevas v\u00edas de regularizaci\u00f3n contempladas en el Reglamento, que han facilitado el acceso a permisos de residencia:<\/p>\n\n\n\n<ul class=\"wp-block-list\">\n<li>Autorizaciones iniciales<\/li>\n\n\n\n<li>Renovaciones<\/li>\n\n\n\n<li>Residencias de larga duraci\u00f3n<\/li>\n\n\n\n<li>V\u00edas de arraigo reguladas en el nuevo texto<\/li>\n<\/ul>\n\n\n\n<div class=\"wp-block-uagb-advanced-heading uagb-block-13004949\"><h3 class=\"uagb-heading-text\">\u00bfCu\u00e1ntas personas han podido regularizar su situaci\u00f3n?<\/h3><\/div>\n\n\n\n<p>Durante el periodo comprendido entre el 20 de mayo y el 31 de octubre, 95.000 personas han logrado regularizar su situaci\u00f3n mediante alguna de las v\u00edas de arraigo previstas en el Reglamento.<\/p>\n\n\n\n<p>Tambi\u00e9n es importante mencionar la situaci\u00f3n de las personas que se han quedado en situaci\u00f3n de desprotecci\u00f3n, nos referimos a las graves consecuencias para las m\u00e1s de 190.000 personas solicitantes de asilo que se encuentran pendientes de resoluci\u00f3n, ya que las deja en situaci\u00f3n administrativa irregular si sus peticiones son denegadas. Estas personas, durante el periodo de tramitaci\u00f3n de la solicitud, que suele estar entre uno y dos a\u00f1os, cuentan con una autorizaci\u00f3n para permanecer y trabajar en el Estado espa\u00f1ol. Con la reforma del Reglamento, la denegaci\u00f3n de la solicitud de asilo supondr\u00e1 no solo la p\u00e9rdida de esta autorizaci\u00f3n sino que, durante el primer a\u00f1o de vigencia del Reglamento, tendr\u00e1n que permanecer&nbsp;<strong>seis meses en situaci\u00f3n irregular si quieren solicitar los permisos por arraigo<\/strong>, y una vez pase este tiempo, deber\u00e1n esperar dos a\u00f1os m\u00e1s para poder solicitar las autorizaciones, porque no se les reconocer\u00e1 el tiempo de residencia previo.<\/p>\n\n\n\n<div class=\"wp-block-uagb-advanced-heading uagb-block-3e7df776\"><h3 class=\"uagb-heading-text\">\u00bfQu\u00e9 conclusiones podemos extraer?<\/h3><\/div>\n\n\n\n<p>Este primer a\u00f1o pone de manifiesto que el nuevo Reglamento est\u00e1 teniendo un impacto relevante en la gesti\u00f3n migratoria, tanto en el aumento de solicitudes como en la agilizaci\u00f3n de los procesos de regularizaci\u00f3n.<br>Los datos indican que el marco normativo est\u00e1 respondiendo a una realidad social en evoluci\u00f3n y ofreciendo nuevas oportunidades de integraci\u00f3n para miles de personas. <\/p>\n\n\n\n<p><\/p>\n\n\n\n<div class=\"wp-block-buttons is-content-justification-center is-layout-flex wp-container-core-buttons-is-layout-a89b3969 wp-block-buttons-is-layout-flex\">\n<div class=\"wp-block-button\"><a class=\"wp-block-button__link wp-element-button\" href=\"https:\/\/www.cinc.com\/es\/contacto\/\" target=\"_blank\" rel=\"noreferrer noopener\">\u00bfNecesitas m\u00e1s informaci\u00f3n? Env\u00edanos tu consulta<\/a><\/div>\n<\/div>\n\n\n\n<p><\/p>\n","protected":false},"excerpt":{"rendered":"<p>Con mejoras como la agilizaci\u00f3n de tr\u00e1mites y permisos de trabajo desde el inicio, la normativa ofrece nuevas oportunidades de integraci\u00f3n, aunque persisten desaf\u00edos para quienes esperan resoluci\u00f3n de asilo.<\/p>\n","protected":false},"author":25,"featured_media":32495,"comment_status":"closed","ping_status":"closed","sticky":false,"template":"","format":"standard","meta":{"_acf_changed":false,"_uag_custom_page_level_css":"","_jetpack_memberships_contains_paid_content":false,"footnotes":""},"categories":[26,95],"tags":[258],"class_list":["post-32559","post","type-post","status-publish","format-standard","has-post-thumbnail","hentry","category-asesoria","category-extranjeria","tag-extranjeria-2"],"acf":[],"jetpack_featured_media_url":"https:\/\/www.cinc.com\/wp-content\/uploads\/visa-3653492_1280.webp","uagb_featured_image_src":{"full":["https:\/\/www.cinc.com\/wp-content\/uploads\/visa-3653492_1280.webp",1280,786,false],"thumbnail":["https:\/\/www.cinc.com\/wp-content\/uploads\/visa-3653492_1280-150x150.webp",150,150,true],"medium":["https:\/\/www.cinc.com\/wp-content\/uploads\/visa-3653492_1280-300x184.webp",300,184,true],"medium_large":["https:\/\/www.cinc.com\/wp-content\/uploads\/visa-3653492_1280-768x472.webp",768,472,true],"large":["https:\/\/www.cinc.com\/wp-content\/uploads\/visa-3653492_1280-1024x629.webp",960,590,true],"1536x1536":["https:\/\/www.cinc.com\/wp-content\/uploads\/visa-3653492_1280.webp",1280,786,false],"2048x2048":["https:\/\/www.cinc.com\/wp-content\/uploads\/visa-3653492_1280.webp",1280,786,false],"gform-image-choice-sm":["https:\/\/www.cinc.com\/wp-content\/uploads\/visa-3653492_1280.webp",300,184,false],"gform-image-choice-md":["https:\/\/www.cinc.com\/wp-content\/uploads\/visa-3653492_1280.webp",400,246,false],"gform-image-choice-lg":["https:\/\/www.cinc.com\/wp-content\/uploads\/visa-3653492_1280.webp",600,368,false]},"uagb_author_info":{"display_name":"Neus Coll","author_link":"https:\/\/www.cinc.com\/es\/author\/neus-coll\/"},"uagb_comment_info":0,"uagb_excerpt":"Con mejoras como la agilizaci\u00f3n de tr\u00e1mites y permisos de trabajo desde el inicio, la normativa ofrece nuevas oportunidades de integraci\u00f3n, aunque persisten desaf\u00edos para quienes esperan resoluci\u00f3n de asilo.","jetpack_sharing_enabled":true,"_links":{"self":[{"href":"https:\/\/www.cinc.com\/es\/wp-json\/wp\/v2\/posts\/32559","targetHints":{"allow":["GET"]}}],"collection":[{"href":"https:\/\/www.cinc.com\/es\/wp-json\/wp\/v2\/posts"}],"about":[{"href":"https:\/\/www.cinc.com\/es\/wp-json\/wp\/v2\/types\/post"}],"author":[{"embeddable":true,"href":"https:\/\/www.cinc.com\/es\/wp-json\/wp\/v2\/users\/25"}],"replies":[{"embeddable":true,"href":"https:\/\/www.cinc.com\/es\/wp-json\/wp\/v2\/comments?post=32559"}],"version-history":[{"count":7,"href":"https:\/\/www.cinc.com\/es\/wp-json\/wp\/v2\/posts\/32559\/revisions"}],"predecessor-version":[{"id":32779,"href":"https:\/\/www.cinc.com\/es\/wp-json\/wp\/v2\/posts\/32559\/revisions\/32779"}],"wp:featuredmedia":[{"embeddable":true,"href":"https:\/\/www.cinc.com\/es\/wp-json\/wp\/v2\/media\/32495"}],"wp:attachment":[{"href":"https:\/\/www.cinc.com\/es\/wp-json\/wp\/v2\/media?parent=32559"}],"wp:term":[{"taxonomy":"category","embeddable":true,"href":"https:\/\/www.cinc.com\/es\/wp-json\/wp\/v2\/categories?post=32559"},{"taxonomy":"post_tag","embeddable":true,"href":"https:\/\/www.cinc.com\/es\/wp-json\/wp\/v2\/tags?post=32559"}],"curies":[{"name":"wp","href":"https:\/\/api.w.org\/{rel}","templated":true}]}}