{"id":32414,"date":"2025-11-18T19:02:11","date_gmt":"2025-11-18T18:02:11","guid":{"rendered":"https:\/\/www.cinc.com\/?p=32414"},"modified":"2025-11-27T19:41:54","modified_gmt":"2025-11-27T18:41:54","slug":"nuevo-real-decreto-sobre-el-servicio-del-hogar-familiar-que-obligaciones-tienen-ahora-los-particulares","status":"publish","type":"post","link":"https:\/\/www.cinc.com\/es\/nuevo-real-decreto-sobre-el-servicio-del-hogar-familiar-que-obligaciones-tienen-ahora-los-particulares\/","title":{"rendered":"Nuevo Real Decreto sobre el servicio del hogar familiar: \u00bfqu\u00e9 obligaciones tienen ahora los particulares?"},"content":{"rendered":"\n<div class=\"wp-block-uagb-advanced-heading uagb-block-b49a275d\"><h3 class=\"uagb-heading-text\">\u00bfQu\u00e9 es el Real Decreto 893\/2024 y por qu\u00e9 es importante?<\/h3><\/div>\n\n\n\n<p>El 10 de septiembre de 2024 se public\u00f3 el Real Decreto 893\/2024, una norma que regula por primera vez de manera detallada la protecci\u00f3n de la seguridad y la salud en el \u00e1mbito del servicio del hogar familiar.<br>Esta regulaci\u00f3n supone un avance significativo en la profesionalizaci\u00f3n del sector y en la equiparaci\u00f3n de los derechos preventivos de las personas trabajadoras del hogar.<\/p>\n\n\n\n<div class=\"wp-block-uagb-advanced-heading uagb-block-c75a48a3\"><h3 class=\"uagb-heading-text\">\u00bfA qui\u00e9n afecta esta nueva normativa?<\/h3><\/div>\n\n\n\n<p>El decreto afecta a todos los particulares que contraten personal del hogar, independientemente de que la prestaci\u00f3n del servicio sea por horas, parcial o a jornada completa.<br>Es decir, cualquier persona que tenga ayuda dom\u00e9stica contratada debe cumplir estas obligaciones.<\/p>\n\n\n\n<div class=\"wp-block-uagb-advanced-heading uagb-block-33e3deec\"><h3 class=\"uagb-heading-text\">\u00bfQu\u00e9 obligaciones deber\u00e1n cumplir los empleadores particulares?<\/h3><\/div>\n\n\n\n<p>El Real Decreto establece un conjunto de nuevos requisitos que deben tenerse muy presentes:<\/p>\n\n\n\n<ol start=\"1\" class=\"wp-block-list\">\n<li><strong>Elaborar una evaluaci\u00f3n de riesgos<\/strong><br>Los particulares deben confeccionar una evaluaci\u00f3n de riesgos laborales, identificando los posibles peligros vinculados a las tareas del domicilio (limpieza, uso de productos qu\u00edmicos, movimientos repetitivos, cargas, etc.) y estableciendo las medidas preventivas necesarias.<\/li>\n\n\n\n<li><strong>Proporcionar equipos de protecci\u00f3n individual (EPI)<\/strong><br>Cuando las tareas lo requieran, la persona trabajadora debe disponer de los EPI correspondientes, como guantes, calzado antideslizante o protecciones espec\u00edficas para el manejo de determinados productos.<\/li>\n\n\n\n<li><strong>Facilitar formaci\u00f3n espec\u00edfica en prevenci\u00f3n de riesgos laborales<\/strong><br>La persona trabajadora debe recibir formaci\u00f3n adecuada y espec\u00edfica sobre c\u00f3mo llevar a cabo sus tareas con seguridad, c\u00f3mo utilizar los EPI y c\u00f3mo prevenir situaciones de riesgo en el entorno dom\u00e9stico.<\/li>\n\n\n\n<li><strong>Informar sobre riesgos y medidas preventivas<\/strong><br>Adem\u00e1s de la formaci\u00f3n, es obligatorio proporcionar informaci\u00f3n clara y comprensible sobre los riesgos concretos asociados al puesto de trabajo y las medidas de prevenci\u00f3n que deben aplicarse.<\/li>\n\n\n\n<li><strong>Garantizar la posibilidad de realizar una revisi\u00f3n m\u00e9dica<\/strong><br>El decreto establece que la persona trabajadora debe tener la posibilidad de acceder a una vigilancia de la salud, es decir, a una revisi\u00f3n m\u00e9dica relacionada con los riesgos de su actividad.<\/li>\n<\/ol>\n\n\n\n<h3 class=\"wp-block-heading\">\u00bfQu\u00e9 ocurre si no se cumplen estas obligaciones?<\/h3>\n\n\n\n<p>Esta normativa refuerza la protecci\u00f3n de un colectivo especialmente vulnerable. Su incumplimiento puede suponer responsabilidades legales y posibles sanciones, adem\u00e1s de incrementar el riesgo de accidentes e incidencias en el hogar.<\/p>\n\n\n\n<div class=\"wp-block-uagb-advanced-heading uagb-block-1cf484d7\"><h3 class=\"uagb-heading-text\">\u00bfC\u00f3mo puede ayudar CINC?<\/h3><\/div>\n\n\n\n<p>En CINC ofrecemos informaci\u00f3n normativa y apoyo en el cumplimiento del Real Decreto, para que particulares y familias puedan adaptarse a esta nueva regulaci\u00f3n con total seguridad,&nbsp;as\u00ed como el contacto con servicios de prevenci\u00f3n homologados que puedan elaborar las &nbsp;evaluaciones de riesgos.<\/p>\n\n\n\n<div class=\"wp-block-buttons is-content-justification-center is-layout-flex wp-container-core-buttons-is-layout-a89b3969 wp-block-buttons-is-layout-flex\">\n<div class=\"wp-block-button\"><a class=\"wp-block-button__link wp-element-button\" href=\"https:\/\/www.cinc.com\/ca\/contacte\/\" target=\"_blank\" rel=\"noreferrer noopener\">\u00bfNecesitas m\u00e1s informaci\u00f3n? Contacta con nosotros<\/a><\/div>\n<\/div>\n\n\n\n<p><\/p>\n","protected":false},"excerpt":{"rendered":"<p>Esta regulaci\u00f3n supone un avance significativo en la profesionalizaci\u00f3n del sector y en la equiparaci\u00f3n de los derechos preventivos de las personas trabajadoras del hogar.<\/p>\n","protected":false},"author":25,"featured_media":32410,"comment_status":"closed","ping_status":"open","sticky":false,"template":"","format":"standard","meta":{"_acf_changed":false,"_uag_custom_page_level_css":"","_jetpack_memberships_contains_paid_content":false,"footnotes":""},"categories":[194],"tags":[],"class_list":["post-32414","post","type-post","status-publish","format-standard","has-post-thumbnail","hentry","category-general"],"acf":[],"jetpack_featured_media_url":"https:\/\/www.cinc.com\/wp-content\/uploads\/cleaning-8853519_960_720.webp","uagb_featured_image_src":{"full":["https:\/\/www.cinc.com\/wp-content\/uploads\/cleaning-8853519_960_720.webp",960,549,false],"thumbnail":["https:\/\/www.cinc.com\/wp-content\/uploads\/cleaning-8853519_960_720-150x150.webp",150,150,true],"medium":["https:\/\/www.cinc.com\/wp-content\/uploads\/cleaning-8853519_960_720-300x172.webp",300,172,true],"medium_large":["https:\/\/www.cinc.com\/wp-content\/uploads\/cleaning-8853519_960_720-768x439.webp",768,439,true],"large":["https:\/\/www.cinc.com\/wp-content\/uploads\/cleaning-8853519_960_720.webp",960,549,false],"1536x1536":["https:\/\/www.cinc.com\/wp-content\/uploads\/cleaning-8853519_960_720.webp",960,549,false],"2048x2048":["https:\/\/www.cinc.com\/wp-content\/uploads\/cleaning-8853519_960_720.webp",960,549,false],"gform-image-choice-sm":["https:\/\/www.cinc.com\/wp-content\/uploads\/cleaning-8853519_960_720.webp",300,172,false],"gform-image-choice-md":["https:\/\/www.cinc.com\/wp-content\/uploads\/cleaning-8853519_960_720.webp",400,229,false],"gform-image-choice-lg":["https:\/\/www.cinc.com\/wp-content\/uploads\/cleaning-8853519_960_720.webp",600,343,false]},"uagb_author_info":{"display_name":"Neus Coll","author_link":"https:\/\/www.cinc.com\/es\/author\/neus-coll\/"},"uagb_comment_info":0,"uagb_excerpt":"Esta regulaci\u00f3n supone un avance significativo en la profesionalizaci\u00f3n del sector y en la equiparaci\u00f3n de los derechos preventivos de las personas trabajadoras del hogar.","jetpack_sharing_enabled":true,"_links":{"self":[{"href":"https:\/\/www.cinc.com\/es\/wp-json\/wp\/v2\/posts\/32414","targetHints":{"allow":["GET"]}}],"collection":[{"href":"https:\/\/www.cinc.com\/es\/wp-json\/wp\/v2\/posts"}],"about":[{"href":"https:\/\/www.cinc.com\/es\/wp-json\/wp\/v2\/types\/post"}],"author":[{"embeddable":true,"href":"https:\/\/www.cinc.com\/es\/wp-json\/wp\/v2\/users\/25"}],"replies":[{"embeddable":true,"href":"https:\/\/www.cinc.com\/es\/wp-json\/wp\/v2\/comments?post=32414"}],"version-history":[{"count":7,"href":"https:\/\/www.cinc.com\/es\/wp-json\/wp\/v2\/posts\/32414\/revisions"}],"predecessor-version":[{"id":32583,"href":"https:\/\/www.cinc.com\/es\/wp-json\/wp\/v2\/posts\/32414\/revisions\/32583"}],"wp:featuredmedia":[{"embeddable":true,"href":"https:\/\/www.cinc.com\/es\/wp-json\/wp\/v2\/media\/32410"}],"wp:attachment":[{"href":"https:\/\/www.cinc.com\/es\/wp-json\/wp\/v2\/media?parent=32414"}],"wp:term":[{"taxonomy":"category","embeddable":true,"href":"https:\/\/www.cinc.com\/es\/wp-json\/wp\/v2\/categories?post=32414"},{"taxonomy":"post_tag","embeddable":true,"href":"https:\/\/www.cinc.com\/es\/wp-json\/wp\/v2\/tags?post=32414"}],"curies":[{"name":"wp","href":"https:\/\/api.w.org\/{rel}","templated":true}]}}