{"id":32365,"date":"2025-11-18T13:19:38","date_gmt":"2025-11-18T12:19:38","guid":{"rendered":"https:\/\/www.cinc.com\/?p=32365"},"modified":"2025-11-27T19:43:08","modified_gmt":"2025-11-27T18:43:08","slug":"la-gestion-colectiva-de-contrataciones-en-origen-una-forma-de-agilizar-las-incorporaciones-de-trabajadores-extracomunitarios","status":"publish","type":"post","link":"https:\/\/www.cinc.com\/es\/la-gestion-colectiva-de-contrataciones-en-origen-una-forma-de-agilizar-las-incorporaciones-de-trabajadores-extracomunitarios\/","title":{"rendered":"La gesti\u00f3n colectiva de contrataciones en origen, una forma de agilizar las incorporaciones de trabajadores extracomunitarios"},"content":{"rendered":"\n<div class=\"wp-block-uagb-advanced-heading uagb-block-f5f86d16\"><h3 class=\"uagb-heading-text\">\u00bfA qui\u00e9n va dirigido este tipo de contrataciones?<\/h3><\/div>\n\n\n\n<p>La <strong>gesti\u00f3n colectiva de contrataciones en origen<\/strong> (GECCO) est\u00e1 pensado para empresas o personas empleadoras individuales que necesiten incorporar varias personas trabajadoras en un mismo per\u00edodo o campa\u00f1a, ya sea de forma temporal o estable, y quieran concentrar en un \u00fanico procedimiento la tramitaci\u00f3n de todas las autorizaciones. De este modo, se facilita una planificaci\u00f3n m\u00e1s ordenada de las necesidades de personal, se simplifican los tr\u00e1mites administrativos y se reduce la carga de gestiones individuales para cada contrataci\u00f3n.<\/p>\n\n\n\n<div class=\"wp-block-uagb-advanced-heading uagb-block-a3076c60\"><h3 class=\"uagb-heading-text\">Requisitos b\u00e1sicos que deben cumplir<\/h3><\/div>\n\n\n\n<ul class=\"wp-block-list\">\n<li>M\u00ednimo de cinco plazas de naturaleza homog\u00e9nea: Es necesario que la solicitud incluya al menos cinco puestos de trabajo con funciones similares o iguales, de manera que se considere una contrataci\u00f3n colectiva y no individual.<\/li>\n\n\n\n<li>Selecci\u00f3n de personas trabajadoras extracomunitarias que no se encuentren ni residan en Espa\u00f1a: Las personas a contratar deben ser nacionales de terceros pa\u00edses (no pertenecientes a la Uni\u00f3n Europea) y encontrarse en su pa\u00eds de origen o de residencia habitual en el momento de la solicitud.<\/li>\n\n\n\n<li>Certificado negativo sobre la gesti\u00f3n de la oferta de los puestos de trabajo: Es obligatorio acreditar, mediante un certificado emitido por los servicios p\u00fablicos de empleo, que no ha sido posible cubrir esos puestos con personas ya disponibles en el mercado laboral interno.<\/li>\n<\/ul>\n\n\n\n<div class=\"wp-block-uagb-advanced-heading uagb-block-ebb9366b\"><h3 class=\"uagb-heading-text\">\u00bfQu\u00e9 tipo de puestos de trabajo est\u00e1 orientado a cubrir este tipo de contrataci\u00f3n?<\/h3><\/div>\n\n\n\n<p>La GECCO se puede utilizar para cubrir <strong>puestos de trabajo estacionales o de temporada<\/strong>, con un m\u00e1ximo 9 meses de actividad en un periodo de 12 meses. Esta posibilidad se enmarca en la llamada migraci\u00f3n circular, de la cual es competente la Administraci\u00f3n General del Estado.<\/p>\n\n\n\n<p>La gesti\u00f3n colectiva tambi\u00e9n se puede utilizar para efectuar <strong>contrataciones estables<\/strong>; es decir, para periodos de actividad continuada de, como m\u00ednimo, un a\u00f1o.<\/p>\n\n\n\n<div class=\"wp-block-uagb-advanced-heading uagb-block-0e84986d\"><h3 class=\"uagb-heading-text\">\u00bfC\u00f3mo se selecciona a los trabajadores extracomunitarios?<\/h3><\/div>\n\n\n\n<p>Las gestiones colectivas, tanto en el marco de la migraci\u00f3n circular como de la contrataci\u00f3n estable, pueden ser <strong>gen\u00e9ricas<\/strong> \u2014cuando se solicitan trabajadores\/as de forma general desde el Estado espa\u00f1ol\u2014 o <strong>nominativas<\/strong>, cuando la selecci\u00f3n ya se ha realizado previamente y la solicitud se presenta directamente con los datos identificativos de las personas trabajadoras que se prev\u00e9 contratar.&nbsp;<\/p>\n\n\n\n<div class=\"wp-block-uagb-advanced-heading uagb-block-b20cebfa\"><h3 class=\"uagb-heading-text\">Plazo<\/h3><\/div>\n\n\n\n<p>El plazo para solicitar este tr\u00e1mite es de entre los 3 y 6 meses anteriores a la previsi\u00f3n del inicio de la actividad laboral, por lo que es importante planificar con suficiente antelaci\u00f3n las necesidades de contrataci\u00f3n.<\/p>\n\n\n\n<p>La gesti\u00f3n colectiva de contrataciones en origen (GECCO) permite a las empresas planificar y cubrir de forma \u00e1gil y ordenada sus necesidades de personal extracomunitario, tanto para campa\u00f1as temporales como para contrataciones estables. Si est\u00e1s interesado en la gesti\u00f3n colectiva de contrataciones en origen, en CINC ofrecemos asesoramiento especializado en esta materia. Si tienes dudas o deseas comenzar, no dudes en&nbsp;<a href=\"https:\/\/www.cinc.com\/es\/contacto\/\">contactar<\/a>&nbsp;con el Departamento de&nbsp;<a href=\"https:\/\/www.cinc.com\/es\/asesoria-de-empresas-y-gestoria\/\">Extranjer\u00eda de CINC Asesor\u00eda<\/a>.<\/p>\n","protected":false},"excerpt":{"rendered":"<p>\u00bfA qui\u00e9n va dirigido este tipo de contrataciones?<\/p>\n","protected":false},"author":493,"featured_media":32366,"comment_status":"closed","ping_status":"open","sticky":false,"template":"","format":"standard","meta":{"_acf_changed":false,"_uag_custom_page_level_css":"","_jetpack_memberships_contains_paid_content":false,"footnotes":""},"categories":[95],"tags":[],"class_list":["post-32365","post","type-post","status-publish","format-standard","has-post-thumbnail","hentry","category-extranjeria"],"acf":[],"jetpack_featured_media_url":"https:\/\/www.cinc.com\/wp-content\/uploads\/empresario-adulto-medio-dando-una-presentacion-un-grupo-de-trabajadores-industriales-en-una-fabrica.webp","uagb_featured_image_src":{"full":["https:\/\/www.cinc.com\/wp-content\/uploads\/empresario-adulto-medio-dando-una-presentacion-un-grupo-de-trabajadores-industriales-en-una-fabrica.webp",1920,1080,false],"thumbnail":["https:\/\/www.cinc.com\/wp-content\/uploads\/empresario-adulto-medio-dando-una-presentacion-un-grupo-de-trabajadores-industriales-en-una-fabrica-150x150.webp",150,150,true],"medium":["https:\/\/www.cinc.com\/wp-content\/uploads\/empresario-adulto-medio-dando-una-presentacion-un-grupo-de-trabajadores-industriales-en-una-fabrica-300x169.webp",300,169,true],"medium_large":["https:\/\/www.cinc.com\/wp-content\/uploads\/empresario-adulto-medio-dando-una-presentacion-un-grupo-de-trabajadores-industriales-en-una-fabrica-768x432.webp",768,432,true],"large":["https:\/\/www.cinc.com\/wp-content\/uploads\/empresario-adulto-medio-dando-una-presentacion-un-grupo-de-trabajadores-industriales-en-una-fabrica-1024x576.webp",960,540,true],"1536x1536":["https:\/\/www.cinc.com\/wp-content\/uploads\/empresario-adulto-medio-dando-una-presentacion-un-grupo-de-trabajadores-industriales-en-una-fabrica-1536x864.webp",1536,864,true],"2048x2048":["https:\/\/www.cinc.com\/wp-content\/uploads\/empresario-adulto-medio-dando-una-presentacion-un-grupo-de-trabajadores-industriales-en-una-fabrica.webp",1920,1080,false],"gform-image-choice-sm":["https:\/\/www.cinc.com\/wp-content\/uploads\/empresario-adulto-medio-dando-una-presentacion-un-grupo-de-trabajadores-industriales-en-una-fabrica.webp",300,169,false],"gform-image-choice-md":["https:\/\/www.cinc.com\/wp-content\/uploads\/empresario-adulto-medio-dando-una-presentacion-un-grupo-de-trabajadores-industriales-en-una-fabrica.webp",400,225,false],"gform-image-choice-lg":["https:\/\/www.cinc.com\/wp-content\/uploads\/empresario-adulto-medio-dando-una-presentacion-un-grupo-de-trabajadores-industriales-en-una-fabrica.webp",600,338,false]},"uagb_author_info":{"display_name":"marti","author_link":"https:\/\/www.cinc.com\/es\/author\/marti\/"},"uagb_comment_info":0,"uagb_excerpt":"\u00bfA qui\u00e9n va dirigido este tipo de contrataciones?","jetpack_sharing_enabled":true,"_links":{"self":[{"href":"https:\/\/www.cinc.com\/es\/wp-json\/wp\/v2\/posts\/32365","targetHints":{"allow":["GET"]}}],"collection":[{"href":"https:\/\/www.cinc.com\/es\/wp-json\/wp\/v2\/posts"}],"about":[{"href":"https:\/\/www.cinc.com\/es\/wp-json\/wp\/v2\/types\/post"}],"author":[{"embeddable":true,"href":"https:\/\/www.cinc.com\/es\/wp-json\/wp\/v2\/users\/493"}],"replies":[{"embeddable":true,"href":"https:\/\/www.cinc.com\/es\/wp-json\/wp\/v2\/comments?post=32365"}],"version-history":[{"count":5,"href":"https:\/\/www.cinc.com\/es\/wp-json\/wp\/v2\/posts\/32365\/revisions"}],"predecessor-version":[{"id":32589,"href":"https:\/\/www.cinc.com\/es\/wp-json\/wp\/v2\/posts\/32365\/revisions\/32589"}],"wp:featuredmedia":[{"embeddable":true,"href":"https:\/\/www.cinc.com\/es\/wp-json\/wp\/v2\/media\/32366"}],"wp:attachment":[{"href":"https:\/\/www.cinc.com\/es\/wp-json\/wp\/v2\/media?parent=32365"}],"wp:term":[{"taxonomy":"category","embeddable":true,"href":"https:\/\/www.cinc.com\/es\/wp-json\/wp\/v2\/categories?post=32365"},{"taxonomy":"post_tag","embeddable":true,"href":"https:\/\/www.cinc.com\/es\/wp-json\/wp\/v2\/tags?post=32365"}],"curies":[{"name":"wp","href":"https:\/\/api.w.org\/{rel}","templated":true}]}}