{"id":32170,"date":"2025-10-29T15:01:49","date_gmt":"2025-10-29T14:01:49","guid":{"rendered":"https:\/\/www.cinc.com\/?p=32170"},"modified":"2025-11-28T17:30:54","modified_gmt":"2025-11-28T16:30:54","slug":"cinc-impulsa-el-concurs-felicita-el-nadal-a-cinc-per-fomentar-el-talent-jove-del-disseny","status":"publish","type":"post","link":"https:\/\/www.cinc.com\/es\/cinc-impulsa-el-concurs-felicita-el-nadal-a-cinc-per-fomentar-el-talent-jove-del-disseny\/","title":{"rendered":"CINC impulsa el concurso \u00abFelicita la Navidad en CINC\u00bb para fomentar el talento joven del dise\u00f1o"},"content":{"rendered":"\n<p>CINC pone en marcha una nueva edici\u00f3n del concurso \u00abFelicita la Navidad a CINC\u00bb, una iniciativa que quiere conectar el mundo educativo y el empresarial mediante un proyecto creativo real: la elaboraci\u00f3n de la felicitaci\u00f3n de Navidad y el calendario 2026 de CINC.<\/p>\n\n\n\n<div class=\"wp-block-uagb-advanced-heading uagb-block-c0e75d92\"><h3 class=\"uagb-heading-text\">Un proyecto de colaboraci\u00f3n con escuelas de arte y dise\u00f1o<\/h3><\/div>\n\n\n\n<p>El programa est\u00e1 dirigido al alumnado de tres centros de referencia en el campo del dise\u00f1o:<\/p>\n\n\n\n<ul class=\"wp-block-list\">\n<li>La Escuela de Arte y Dise\u00f1o de Terrassa<\/li>\n\n\n\n<li>La Escuela de Arte y Dise\u00f1o de Rub\u00ed<\/li>\n\n\n\n<li>La Escuela Superior de Dise\u00f1o ESDi<\/li>\n<\/ul>\n\n\n\n<p>Con esta iniciativa, CINC reafirma su compromiso con la formaci\u00f3n y talento emergente, ofreciendo a los estudiantes una oportunidad para desarrollar un encargo real y dar visibilidad a su trabajo en un entorno profesional.<\/p>\n\n\n\n<div class=\"wp-block-uagb-advanced-heading uagb-block-ccfc1139\"><h3 class=\"uagb-heading-text\">Cuatro premios para reconocer la creatividad y la innovaci\u00f3n<\/h3><\/div>\n\n\n\n<p>El concurso contempla cuatro galardones para las propuestas m\u00e1s destacadas:<\/p>\n\n\n\n<ul class=\"wp-block-list\">\n<li>Primer premio: 700 \u20ac para la felicitaci\u00f3n y calendario ganadores<\/li>\n\n\n\n<li>Segundo premio: 200 \u20ac<\/li>\n\n\n\n<li>Tercer premio: 100 \u20ac<\/li>\n\n\n\n<li>Premio multimedia: 500 \u20ac para la adaptaci\u00f3n de la felicitaci\u00f3n en formato de microv\u00eddeo<\/li>\n<\/ul>\n\n\n\n<p>El Premio multimedia es compatible con el Primer Premio, por lo que la misma persona puede recibir ambos reconocimientos si realiza tambi\u00e9n la versi\u00f3n audiovisual del villancico.<\/p>\n\n\n\n<div class=\"wp-block-uagb-advanced-heading uagb-block-abb23fa4\"><h3 class=\"uagb-heading-text\">Un jurado formado por profesionales del dise\u00f1o y representantes de CINC<\/h3><\/div>\n\n\n\n<p>El jurado del concurso estar\u00e1 integrado por cinco miembros: dos personas del departamento de comunicaci\u00f3n de CINC, un directivo de la empresa y dos docentes, uno de cada uno de los centros participantes.<\/p>\n\n\n\n<ul class=\"wp-block-list\">\n<li>Los criterios de valoraci\u00f3n ser\u00e1n:<\/li>\n\n\n\n<li>La originalidad y creatividad de la propuesta<\/li>\n\n\n\n<li>Su ejecuci\u00f3n t\u00e9cnica y calidad gr\u00e1fica<\/li>\n\n\n\n<li>La adecuaci\u00f3n al p\u00fablico destinatario<\/li>\n\n\n\n<li>La capacidad de adaptaci\u00f3n a los diferentes formatos descritos en las bases<\/li>\n<\/ul>\n\n\n\n<div class=\"wp-block-uagb-advanced-heading uagb-block-465641e8\"><h3 class=\"uagb-heading-text\">Publicaci\u00f3n de los resultados<\/h3><\/div>\n\n\n\n<p>El nombre de la persona ganadora se har\u00e1 p\u00fablico el 4 de noviembre de 2025 a trav\u00e9s de los canales corporativos de CINC.<\/p>\n\n\n\n<p>Con este concurso, CINC quiere seguir fomentando el talento joven y la colaboraci\u00f3n entre empresas y centros educativos, impulsando proyectos que combinan creatividad, innovaci\u00f3n y valores compartidos.<\/p>\n\n\n\n<p><\/p>\n","protected":false},"excerpt":{"rendered":"<p>CINC pone en marcha una nueva edici\u00f3n del concurso \u00abFelicita la Navidad a CINC\u00bb, una iniciativa que quiere conectar el mundo educativo y el empresarial mediante un proyecto creativo real: la elaboraci\u00f3n de la felicitaci\u00f3n de Navidad y el calendario 2026 de CINC.<\/p>\n","protected":false},"author":424,"featured_media":32172,"comment_status":"closed","ping_status":"open","sticky":false,"template":"","format":"standard","meta":{"_acf_changed":false,"_uag_custom_page_level_css":"","_jetpack_memberships_contains_paid_content":false,"footnotes":""},"categories":[194],"tags":[],"class_list":["post-32170","post","type-post","status-publish","format-standard","has-post-thumbnail","hentry","category-general"],"acf":[],"jetpack_featured_media_url":"https:\/\/www.cinc.com\/wp-content\/uploads\/christmas-6931584_1280.jpg","uagb_featured_image_src":{"full":["https:\/\/www.cinc.com\/wp-content\/uploads\/christmas-6931584_1280.jpg",1280,853,false],"thumbnail":["https:\/\/www.cinc.com\/wp-content\/uploads\/christmas-6931584_1280-150x150.jpg",150,150,true],"medium":["https:\/\/www.cinc.com\/wp-content\/uploads\/christmas-6931584_1280-300x200.jpg",300,200,true],"medium_large":["https:\/\/www.cinc.com\/wp-content\/uploads\/christmas-6931584_1280-768x512.jpg",768,512,true],"large":["https:\/\/www.cinc.com\/wp-content\/uploads\/christmas-6931584_1280-1024x682.jpg",960,639,true],"1536x1536":["https:\/\/www.cinc.com\/wp-content\/uploads\/christmas-6931584_1280.jpg",1280,853,false],"2048x2048":["https:\/\/www.cinc.com\/wp-content\/uploads\/christmas-6931584_1280.jpg",1280,853,false],"gform-image-choice-sm":["https:\/\/www.cinc.com\/wp-content\/uploads\/christmas-6931584_1280.jpg",300,200,false],"gform-image-choice-md":["https:\/\/www.cinc.com\/wp-content\/uploads\/christmas-6931584_1280.jpg",400,267,false],"gform-image-choice-lg":["https:\/\/www.cinc.com\/wp-content\/uploads\/christmas-6931584_1280.jpg",600,400,false]},"uagb_author_info":{"display_name":"Recepci\u00f3 BCN","author_link":"https:\/\/www.cinc.com\/es\/author\/recepcio\/"},"uagb_comment_info":0,"uagb_excerpt":"CINC pone en marcha una nueva edici\u00f3n del concurso \"Felicita la Navidad a CINC\", una iniciativa que quiere conectar el mundo educativo y el empresarial mediante un proyecto creativo real: la elaboraci\u00f3n de la felicitaci\u00f3n de Navidad y el calendario 2026 de CINC.","jetpack_sharing_enabled":true,"_links":{"self":[{"href":"https:\/\/www.cinc.com\/es\/wp-json\/wp\/v2\/posts\/32170","targetHints":{"allow":["GET"]}}],"collection":[{"href":"https:\/\/www.cinc.com\/es\/wp-json\/wp\/v2\/posts"}],"about":[{"href":"https:\/\/www.cinc.com\/es\/wp-json\/wp\/v2\/types\/post"}],"author":[{"embeddable":true,"href":"https:\/\/www.cinc.com\/es\/wp-json\/wp\/v2\/users\/424"}],"replies":[{"embeddable":true,"href":"https:\/\/www.cinc.com\/es\/wp-json\/wp\/v2\/comments?post=32170"}],"version-history":[{"count":7,"href":"https:\/\/www.cinc.com\/es\/wp-json\/wp\/v2\/posts\/32170\/revisions"}],"predecessor-version":[{"id":32790,"href":"https:\/\/www.cinc.com\/es\/wp-json\/wp\/v2\/posts\/32170\/revisions\/32790"}],"wp:featuredmedia":[{"embeddable":true,"href":"https:\/\/www.cinc.com\/es\/wp-json\/wp\/v2\/media\/32172"}],"wp:attachment":[{"href":"https:\/\/www.cinc.com\/es\/wp-json\/wp\/v2\/media?parent=32170"}],"wp:term":[{"taxonomy":"category","embeddable":true,"href":"https:\/\/www.cinc.com\/es\/wp-json\/wp\/v2\/categories?post=32170"},{"taxonomy":"post_tag","embeddable":true,"href":"https:\/\/www.cinc.com\/es\/wp-json\/wp\/v2\/tags?post=32170"}],"curies":[{"name":"wp","href":"https:\/\/api.w.org\/{rel}","templated":true}]}}