{"id":32144,"date":"2025-10-27T18:15:57","date_gmt":"2025-10-27T17:15:57","guid":{"rendered":"https:\/\/www.cinc.com\/?p=32144"},"modified":"2025-11-28T17:31:41","modified_gmt":"2025-11-28T16:31:41","slug":"acceso-indebido-a-historiales-clinicos-un-recordatorio-sobre-la-responsabilidad-en-el-uso-de-datos-sanitarios","status":"publish","type":"post","link":"https:\/\/www.cinc.com\/es\/acceso-indebido-a-historiales-clinicos-un-recordatorio-sobre-la-responsabilidad-en-el-uso-de-datos-sanitarios\/","title":{"rendered":"Acceso indebido a historiales cl\u00ednicos: un recordatorio sobre la responsabilidad en el uso de datos sanitarios"},"content":{"rendered":"\n<p class=\"has-x-large-font-size\">\u00bfPor qu\u00e9 es importante proteger el acceso a los historiales m\u00e9dicos?<\/p>\n\n\n\n<p>Los historiales cl\u00ednicos contienen informaci\u00f3n especialmente sensible sobre la salud de las personas. Su acceso est\u00e1 estrictamente limitado a profesionales que intervienen directamente en la atenci\u00f3n sanitaria del paciente. Cualquier uso diferente, incluso por parte de personal sanitario, puede suponer una vulneraci\u00f3n grave del derecho a la intimidad y de la normativa de protecci\u00f3n de datos.<\/p>\n\n\n\n<p class=\"has-x-large-font-size\">\u00bfQu\u00e9 ha ocurrido recientemente?<\/p>\n\n\n\n<p>La Audiencia Provincial de Cantabria ha condenado a una auxiliar de enfermer\u00eda por acceder sin autorizaci\u00f3n al historial cl\u00ednico de su exmarido. La profesional consult\u00f3 sus datos m\u00e9dicos en 16 ocasiones, a pesar de no tener relaci\u00f3n asistencial con \u00e9l, y utiliz\u00f3 parte de la informaci\u00f3n en procedimientos judiciales personales.<\/p>\n\n\n\n<p>Aunque el caso tiene un componente personal, su importancia va m\u00e1s all\u00e1: demuestra c\u00f3mo el mal uso del acceso a datos m\u00e9dicos puede derivar en consecuencias penales.<\/p>\n\n\n\n<p class=\"has-x-large-font-size\">\u00bfCu\u00e1l ha sido la resoluci\u00f3n judicial?<\/p>\n\n\n\n<p>El tribunal ha impuesto una condena de un a\u00f1o y nueve meses de prisi\u00f3n, junto con una multa de 1.680 euros y una inhabilitaci\u00f3n para ejercer funciones p\u00fablicas durante cinco a\u00f1os y nueve meses.<br>La sentencia reconoce que la acusada realiz\u00f3 un uso indebido de informaci\u00f3n confidencial obtenida gracias a su puesto de trabajo, lo que constituye un delito de descubrimiento y revelaci\u00f3n de secretos.<\/p>\n\n\n\n<p>El pago anticipado de 6.000 euros en concepto de reparaci\u00f3n del da\u00f1o y la colaboraci\u00f3n de la acusada con la justicia fueron tenidos en cuenta como factores atenuantes.<\/p>\n\n\n\n<p class=\"has-x-large-font-size\">\u00bfQu\u00e9 implica este caso para las organizaciones sanitarias?<\/p>\n\n\n\n<p>Este caso subraya la necesidad de reforzar las medidas internas de control y formaci\u00f3n en materia de protecci\u00f3n de datos. Los centros sanitarios deben garantizar que el acceso a la informaci\u00f3n cl\u00ednica:<\/p>\n\n\n\n<ul class=\"wp-block-list\">\n<li>Se limite \u00fanicamente a quienes participan directamente en la asistencia del paciente.<\/li>\n\n\n\n<li>Quede registrado en sistemas de auditor\u00eda que permitan detectar usos indebidos.<\/li>\n\n\n\n<li>Sea objeto de formaci\u00f3n y sensibilizaci\u00f3n continua entre el personal sanitario.<\/li>\n\n\n\n<li>Est\u00e9 respaldado por protocolos disciplinarios claros frente a infracciones.<\/li>\n<\/ul>\n\n\n\n<p class=\"has-x-large-font-size\">\u00bfQu\u00e9 consecuencias puede tener un acceso indebido?<\/p>\n\n\n\n<p>Adem\u00e1s de sanciones disciplinarias o laborales, los accesos no autorizados a datos m\u00e9dicos pueden derivar en responsabilidad penal y multas econ\u00f3micas, ya que se trata de informaci\u00f3n especialmente protegida por la legislaci\u00f3n vigente.<br>El da\u00f1o reputacional para la organizaci\u00f3n sanitaria tambi\u00e9n puede ser significativo, afectando a la confianza de los pacientes y a la percepci\u00f3n p\u00fablica de seguridad.<\/p>\n\n\n\n<p class=\"has-x-large-font-size\">\u00bfQu\u00e9 podemos aprender de este caso?<\/p>\n\n\n\n<p>M\u00e1s all\u00e1 de la condena concreta, este suceso sirve como recordatorio para todas las entidades que tratan datos sensibles, no solo en el \u00e1mbito sanitario, de la importancia de:<\/p>\n\n\n\n<ul class=\"wp-block-list\">\n<li>Mantener una cultura de confidencialidad y respeto a la privacidad.<\/li>\n\n\n\n<li>Revisar peri\u00f3dicamente los protocolos de acceso a la informaci\u00f3n.<\/li>\n\n\n\n<li>Establecer mecanismos efectivos de supervisi\u00f3n y detecci\u00f3n de incidentes.<\/li>\n<\/ul>\n\n\n\n<p>La protecci\u00f3n de los datos personales no es solo una obligaci\u00f3n legal: es tambi\u00e9n una cuesti\u00f3n de \u00e9tica profesional y de confianza entre las organizaciones y las personas a las que atienden.<\/p>\n\n\n\n<p style=\"margin-top:0;margin-bottom:var(--wp--preset--spacing--60)\">En&nbsp;<strong>CINC Asesor\u00eda<\/strong>, nuestro&nbsp;<strong><a href=\"https:\/\/www.cinc.com\/es\/asesoria-de-empresas-y-gestoria\/proteccion-de-datos\/\">Departamento de Protecci\u00f3n de Datos<\/a>&nbsp;<\/strong>ayuda a las empresas a tratar con todo tipo de datos, tambi\u00e9n aquellos que son sensibles.<\/p>\n\n\n\n<div class=\"wp-block-buttons is-content-justification-center is-layout-flex wp-container-core-buttons-is-layout-a89b3969 wp-block-buttons-is-layout-flex\">\n<div class=\"wp-block-button\"><a class=\"wp-block-button__link wp-element-button\" href=\"https:\/\/www.cinc.com\/es\/contacto\/\" target=\"_blank\" rel=\"noreferrer noopener\">Contacta con nosotros<\/a><\/div>\n<\/div>\n\n\n\n<p><\/p>\n","protected":false},"excerpt":{"rendered":"<p>\u00bfPor qu\u00e9 es importante proteger el acceso a los historiales m\u00e9dicos?<\/p>\n","protected":false},"author":25,"featured_media":32156,"comment_status":"closed","ping_status":"open","sticky":false,"template":"","format":"standard","meta":{"_acf_changed":false,"_uag_custom_page_level_css":"","_jetpack_memberships_contains_paid_content":false,"footnotes":""},"categories":[194,104],"tags":[],"class_list":["post-32144","post","type-post","status-publish","format-standard","has-post-thumbnail","hentry","category-general","category-proteccion-de-datos"],"acf":[],"jetpack_featured_media_url":"https:\/\/www.cinc.com\/wp-content\/uploads\/medico-anotando-los-sintomas-de-un-paciente.webp","uagb_featured_image_src":{"full":["https:\/\/www.cinc.com\/wp-content\/uploads\/medico-anotando-los-sintomas-de-un-paciente.webp",1920,1080,false],"thumbnail":["https:\/\/www.cinc.com\/wp-content\/uploads\/medico-anotando-los-sintomas-de-un-paciente-150x150.webp",150,150,true],"medium":["https:\/\/www.cinc.com\/wp-content\/uploads\/medico-anotando-los-sintomas-de-un-paciente-300x169.webp",300,169,true],"medium_large":["https:\/\/www.cinc.com\/wp-content\/uploads\/medico-anotando-los-sintomas-de-un-paciente-768x432.webp",768,432,true],"large":["https:\/\/www.cinc.com\/wp-content\/uploads\/medico-anotando-los-sintomas-de-un-paciente-1024x576.webp",960,540,true],"1536x1536":["https:\/\/www.cinc.com\/wp-content\/uploads\/medico-anotando-los-sintomas-de-un-paciente-1536x864.webp",1536,864,true],"2048x2048":["https:\/\/www.cinc.com\/wp-content\/uploads\/medico-anotando-los-sintomas-de-un-paciente.webp",1920,1080,false],"gform-image-choice-sm":["https:\/\/www.cinc.com\/wp-content\/uploads\/medico-anotando-los-sintomas-de-un-paciente.webp",300,169,false],"gform-image-choice-md":["https:\/\/www.cinc.com\/wp-content\/uploads\/medico-anotando-los-sintomas-de-un-paciente.webp",400,225,false],"gform-image-choice-lg":["https:\/\/www.cinc.com\/wp-content\/uploads\/medico-anotando-los-sintomas-de-un-paciente.webp",600,338,false]},"uagb_author_info":{"display_name":"Neus Coll","author_link":"https:\/\/www.cinc.com\/es\/author\/neus-coll\/"},"uagb_comment_info":0,"uagb_excerpt":"\u00bfPor qu\u00e9 es importante proteger el acceso a los historiales m\u00e9dicos?","jetpack_sharing_enabled":true,"_links":{"self":[{"href":"https:\/\/www.cinc.com\/es\/wp-json\/wp\/v2\/posts\/32144","targetHints":{"allow":["GET"]}}],"collection":[{"href":"https:\/\/www.cinc.com\/es\/wp-json\/wp\/v2\/posts"}],"about":[{"href":"https:\/\/www.cinc.com\/es\/wp-json\/wp\/v2\/types\/post"}],"author":[{"embeddable":true,"href":"https:\/\/www.cinc.com\/es\/wp-json\/wp\/v2\/users\/25"}],"replies":[{"embeddable":true,"href":"https:\/\/www.cinc.com\/es\/wp-json\/wp\/v2\/comments?post=32144"}],"version-history":[{"count":6,"href":"https:\/\/www.cinc.com\/es\/wp-json\/wp\/v2\/posts\/32144\/revisions"}],"predecessor-version":[{"id":32359,"href":"https:\/\/www.cinc.com\/es\/wp-json\/wp\/v2\/posts\/32144\/revisions\/32359"}],"wp:featuredmedia":[{"embeddable":true,"href":"https:\/\/www.cinc.com\/es\/wp-json\/wp\/v2\/media\/32156"}],"wp:attachment":[{"href":"https:\/\/www.cinc.com\/es\/wp-json\/wp\/v2\/media?parent=32144"}],"wp:term":[{"taxonomy":"category","embeddable":true,"href":"https:\/\/www.cinc.com\/es\/wp-json\/wp\/v2\/categories?post=32144"},{"taxonomy":"post_tag","embeddable":true,"href":"https:\/\/www.cinc.com\/es\/wp-json\/wp\/v2\/tags?post=32144"}],"curies":[{"name":"wp","href":"https:\/\/api.w.org\/{rel}","templated":true}]}}