{"id":31946,"date":"2025-09-29T10:57:07","date_gmt":"2025-09-29T09:57:07","guid":{"rendered":"https:\/\/www.cinc.com\/?p=31946"},"modified":"2025-11-07T17:02:11","modified_gmt":"2025-11-07T16:02:11","slug":"cinc-pedalea-en-el-oncogravel-2025-con-el-equipo-bicinc-para-apoyar-a-la-fundacio-oncolliga","status":"publish","type":"post","link":"https:\/\/www.cinc.com\/es\/cinc-pedalea-en-el-oncogravel-2025-con-el-equipo-bicinc-para-apoyar-a-la-fundacio-oncolliga\/","title":{"rendered":"CINC pedalea en el Oncogravel 2025 con el equipo Bicinc para apoyar a la Fundaci\u00f3 Oncolliga"},"content":{"rendered":"\n<p>El pr\u00f3ximo 8 de noviembre, CINC volver\u00e1 a participar en el <strong>Oncogravel 2025<\/strong>, la prueba ciclista solidaria organizada en Palam\u00f3s por la Fundaci\u00f3 Oncolliga Girona, junto con Gran Fondo Community y el Ayuntamiento de Palam\u00f3s.<\/p>\n\n\n\n<p>El Oncogravel es mucho m\u00e1s que un reto deportivo: es una jornada en la que equipos de entre 4 y 6 ciclistas recorren caminos y pistas del Baix Empord\u00e0, el Giron\u00e8s y la Selva, en dos posibles recorridos de 123 km o 234 km. La carrera se puede hacer por relevos, pero siempre con un m\u00ednimo de 3 participantes en marcha. Adem\u00e1s, cada equipo debe aportar una donaci\u00f3n solidaria, que se suma a las inscripciones individuales, y que se destina \u00edntegramente a los proyectos de la Fundaci\u00f3 Oncolliga en apoyo a personas con c\u00e1ncer y a sus familias.<\/p>\n\n\n\n<p>Este 2025, participaremos con el dorsal n.\u00ba 31 bajo el nombre de Bicinc, un equipo formado por 6 compa\u00f1eros: Salvador Planas (l\u00edder del grupo), \u00c0ngel Blay, \u00c8rica Cufr\u00e9, Francesc Peri\u00e1\u00f1ez, Llu\u00eds Feliu y J\u00falia Colomer.<\/p>\n\n\n\n<p>Nuestro objetivo no es solo completar el recorrido, sino tambi\u00e9n alcanzar un reto solidario: recaudar 1.000 \u20ac para la Fundaci\u00f3 Oncolliga. \u00bfNos ayudas a hacerlo posible? &nbsp;Te animamos a colaborar con el equipo Bicinc haciendo tu donaci\u00f3n aqu\u00ed:<\/p>\n\n\n\n<div class=\"wp-block-uagb-buttons uagb-buttons__outer-wrap uagb-btn__default-btn uagb-btn-tablet__default-btn uagb-btn-mobile__default-btn uagb-block-976bd5a1\"><div class=\"uagb-buttons__wrap uagb-buttons-layout-wrap \">\n<div class=\"wp-block-uagb-buttons-child uagb-buttons__outer-wrap uagb-block-755028d5 wp-block-button\"><div class=\"uagb-button__wrapper\"><a class=\"uagb-buttons-repeater wp-block-button__link\" aria-label=\"\" href=\"https:\/\/participa.oncolligagirona.cat\/oncos\/oncogravel\/equips\/1050-bicinc.html\" rel=\"follow noopener\" target=\"_blank\" role=\"button\"><div class=\"uagb-button__link\">Haz tu donaci\u00f3n<\/div><\/a><\/div><\/div>\n<\/div><\/div>\n\n\n\n<p>La Fundaci\u00f3 Oncolliga Girona es una entidad sin \u00e1nimo de lucro que desde hace m\u00e1s de 25 a\u00f1os trabaja para mejorar la calidad de vida de las personas con c\u00e1ncer y de sus familias en toda la provincia de Girona. Sus servicios abarcan desde atenci\u00f3n psicol\u00f3gica y fisioterapia oncol\u00f3gica hasta asesoramiento social, grupos de apoyo, banco de pelucas o talleres de bienestar.<\/p>\n\n\n\n<p>Gracias a iniciativas como el Oncogravel, Oncolliga puede seguir ofreciendo acompa\u00f1amiento gratuito y cercano a quienes atraviesan la enfermedad. \u00a1Cada aportaci\u00f3n cuenta y entre todos lo haremos posible!<\/p>\n","protected":false},"excerpt":{"rendered":"<p>El pr\u00f3ximo 8 de noviembre, CINC volver\u00e1 a participar en el Oncogravel 2025, la prueba ciclista solidaria organizada en Palam\u00f3s por la Fundaci\u00f3 Oncolliga Girona, junto con Gran Fondo Community y el Ayuntamiento de Palam\u00f3s.<\/p>\n","protected":false},"author":8,"featured_media":31952,"comment_status":"closed","ping_status":"closed","sticky":false,"template":"","format":"standard","meta":{"_acf_changed":false,"_uag_custom_page_level_css":"","_jetpack_memberships_contains_paid_content":false,"footnotes":""},"categories":[194],"tags":[],"class_list":["post-31946","post","type-post","status-publish","format-standard","has-post-thumbnail","hentry","category-general"],"acf":[],"jetpack_featured_media_url":"https:\/\/www.cinc.com\/wp-content\/uploads\/Oncogravel-scaled.webp","uagb_featured_image_src":{"full":["https:\/\/www.cinc.com\/wp-content\/uploads\/Oncogravel-scaled.webp",2560,1440,false],"thumbnail":["https:\/\/www.cinc.com\/wp-content\/uploads\/Oncogravel-150x150.webp",150,150,true],"medium":["https:\/\/www.cinc.com\/wp-content\/uploads\/Oncogravel-300x169.webp",300,169,true],"medium_large":["https:\/\/www.cinc.com\/wp-content\/uploads\/Oncogravel-768x432.webp",768,432,true],"large":["https:\/\/www.cinc.com\/wp-content\/uploads\/Oncogravel-1024x576.webp",960,540,true],"1536x1536":["https:\/\/www.cinc.com\/wp-content\/uploads\/Oncogravel-1536x864.webp",1536,864,true],"2048x2048":["https:\/\/www.cinc.com\/wp-content\/uploads\/Oncogravel-2048x1152.webp",2048,1152,true],"gform-image-choice-sm":["https:\/\/www.cinc.com\/wp-content\/uploads\/Oncogravel-scaled.webp",300,169,false],"gform-image-choice-md":["https:\/\/www.cinc.com\/wp-content\/uploads\/Oncogravel-scaled.webp",400,225,false],"gform-image-choice-lg":["https:\/\/www.cinc.com\/wp-content\/uploads\/Oncogravel-scaled.webp",600,338,false]},"uagb_author_info":{"display_name":"F\u00e0tima Duran","author_link":"https:\/\/www.cinc.com\/es\/author\/fatima\/"},"uagb_comment_info":0,"uagb_excerpt":"El pr\u00f3ximo 8 de noviembre, CINC volver\u00e1 a participar en el Oncogravel 2025, la prueba ciclista solidaria organizada en Palam\u00f3s por la Fundaci\u00f3 Oncolliga Girona, junto con Gran Fondo Community y el Ayuntamiento de Palam\u00f3s.","jetpack_sharing_enabled":true,"_links":{"self":[{"href":"https:\/\/www.cinc.com\/es\/wp-json\/wp\/v2\/posts\/31946","targetHints":{"allow":["GET"]}}],"collection":[{"href":"https:\/\/www.cinc.com\/es\/wp-json\/wp\/v2\/posts"}],"about":[{"href":"https:\/\/www.cinc.com\/es\/wp-json\/wp\/v2\/types\/post"}],"author":[{"embeddable":true,"href":"https:\/\/www.cinc.com\/es\/wp-json\/wp\/v2\/users\/8"}],"replies":[{"embeddable":true,"href":"https:\/\/www.cinc.com\/es\/wp-json\/wp\/v2\/comments?post=31946"}],"version-history":[{"count":3,"href":"https:\/\/www.cinc.com\/es\/wp-json\/wp\/v2\/posts\/31946\/revisions"}],"predecessor-version":[{"id":32191,"href":"https:\/\/www.cinc.com\/es\/wp-json\/wp\/v2\/posts\/31946\/revisions\/32191"}],"wp:featuredmedia":[{"embeddable":true,"href":"https:\/\/www.cinc.com\/es\/wp-json\/wp\/v2\/media\/31952"}],"wp:attachment":[{"href":"https:\/\/www.cinc.com\/es\/wp-json\/wp\/v2\/media?parent=31946"}],"wp:term":[{"taxonomy":"category","embeddable":true,"href":"https:\/\/www.cinc.com\/es\/wp-json\/wp\/v2\/categories?post=31946"},{"taxonomy":"post_tag","embeddable":true,"href":"https:\/\/www.cinc.com\/es\/wp-json\/wp\/v2\/tags?post=31946"}],"curies":[{"name":"wp","href":"https:\/\/api.w.org\/{rel}","templated":true}]}}