{"id":31419,"date":"2025-09-08T10:42:40","date_gmt":"2025-09-08T09:42:40","guid":{"rendered":"https:\/\/www.cinc.com\/?p=31419"},"modified":"2025-09-08T10:44:24","modified_gmt":"2025-09-08T09:44:24","slug":"nueva-temporada-nuevas-metas-el-momento-de-apostar-por-una-oficina-flexible","status":"publish","type":"post","link":"https:\/\/www.cinc.com\/es\/nueva-temporada-nuevas-metas-el-momento-de-apostar-por-una-oficina-flexible\/","title":{"rendered":"Nueva temporada, nuevas metas: el momento de apostar por una oficina flexible"},"content":{"rendered":"\n<p>Cada septiembre renovamos prop\u00f3sitos: reorganizamos agendas, definimos nuevas metas, lanzamos proyectos y damos impulso a lo que queremos lograr en los pr\u00f3ximos meses. Pero hay un elemento clave que muchas empresas pasan por alto: el espacio donde trabajan.<\/p>\n\n\n\n<p>\u00bfTiene sentido exigir foco, eficiencia y crecimiento desde una oficina que ya no se adapta a tus necesidades? Lo que muchas pymes y profesionales no saben es que su oficina puede ser su mayor freno o su mejor aliado en este nuevo ciclo. Si vas a empezar con fuerza, hazlo desde un entorno que te acompa\u00f1e.<\/p>\n\n\n\n<h2 class=\"wp-block-heading\">El entorno de tu oficina marca el ritmo de tu equipo<\/h2>\n\n\n\n<p>Seg\u00fan la <em>American Society of Interior Designers<\/em>, el 68% de los empleados afirma que el dise\u00f1o de su oficina influye directamente en su rendimiento. Septiembre es el momento ideal para revisar si tu espacio suma\u2026 o resta.<\/p>\n\n\n\n<p>Una oficina luminosa, bien equipada y flexible no solo mejora la concentraci\u00f3n y la productividad, tambi\u00e9n reduce el estr\u00e9s y facilita la toma de decisiones. Lo contrario (espacios saturados, sin salas de reuni\u00f3n disponibles, con ruido constante o sin zonas de desconexi\u00f3n) convierte cada jornada en un desaf\u00edo a\u00f1adido.<\/p>\n\n\n\n<p>Si tu oficina actual te resta m\u00e1s que te suma, quiz\u00e1s ha llegado el momento de dar el paso. En <strong>CINC te ofrecemos oficinas flexibles en Barcelona y Girona<\/strong>, preparadas para acompa\u00f1ar el crecimiento de tu empresa:<\/p>\n\n\n\n<div class=\"wp-block-buttons is-content-justification-center is-layout-flex wp-container-core-buttons-is-layout-a89b3969 wp-block-buttons-is-layout-flex\">\n<div class=\"wp-block-button\"><a class=\"wp-block-button__link has-text-align-center wp-element-button\" href=\"https:\/\/www.cinc.com\/es\/oficinas-privadas-en-barcelona\/\">Descubre nuestras oficinas<\/a><\/div>\n<\/div>\n\n\n\n<p><\/p>\n\n\n\n<h2 class=\"wp-block-heading\">\u00bfTu oficina est\u00e1 alineada con tus nuevos objetivos?<\/h2>\n\n\n\n<p>Con el inicio de la temporada, muchas empresas crecen, incorporan talento o reestructuran equipos. Pero si el espacio no se adapta con agilidad, ese crecimiento se convierte en fricci\u00f3n. \u00bfTienes salas de reuni\u00f3n suficientes? \u00bfPuedes escalar sin mudarte? \u00bfTu equipo tiene zonas de concentraci\u00f3n y colaboraci\u00f3n?<\/p>\n\n\n\n<p>Un informe de <em>CBRE<\/em> destaca que las oficinas flexibles que se adaptan a las din\u00e1micas reales de las empresas aumentan la productividad en un 21%. No es una cuesti\u00f3n est\u00e9tica, sino estrat\u00e9gica. El espacio debe estar al nivel de tus metas.<\/p>\n\n\n\n<h2 class=\"wp-block-heading\">La oficina tambi\u00e9n impacta en la motivaci\u00f3n<\/h2>\n\n\n\n<p>Despu\u00e9s de las vacaciones, volver a un espacio agradable, cuidado, bien ubicado y preparado genera motivaci\u00f3n y acelera la recuperaci\u00f3n del ritmo. Una oficina no solo es un lugar de trabajo: es una herramienta de cultura, de marca y de cohesi\u00f3n.<\/p>\n\n\n\n<p>Crear un entorno que inspire al equipo transmite un mensaje claro de liderazgo: \u201cnos tomamos en serio c\u00f3mo trabajamos\u201d. Y eso, a largo plazo, marca la diferencia en el compromiso y la percepci\u00f3n de tu empresa.<\/p>\n\n\n\n<h2 class=\"wp-block-heading\">En CINC, tu oficina crece contigo<\/h2>\n\n\n\n<p>En CINC te ayudamos a empezar el curso con un entorno preparado para crecer contigo. Nuestras <a href=\"https:\/\/www.cinc.com\/es\/cinc-barcelona\/\">oficinas en Barcelona <\/a>(en el coraz\u00f3n del 22@ junto al mar) y <a href=\"https:\/\/www.cinc.com\/es\/cinc-girona\/\">Girona<\/a> (al lado del parque de la Devesa, en pleno centro) est\u00e1n pensadas para adaptarse a cada etapa de tu empresa.<\/p>\n\n\n\n<p><a href=\"https:\/\/www.cinc.com\/es\/oficinas-privadas-en-barcelona\/\">Oficinas privadas<\/a>, modulares, con salas de reuni\u00f3n profesionales, recepci\u00f3n, servicios incluidos y ubicaciones estrat\u00e9gicas que cuidan tanto de tu marca como de tu equipo. Porque empezar bien empieza por estar bien ubicado.<\/p>\n\n\n\n<p>Descubre nuestros espacios y da el siguiente paso con nosotros:<\/p>\n\n\n\n<div class=\"wp-block-buttons is-layout-flex wp-block-buttons-is-layout-flex\"><\/div>\n\n\n\n<div class=\"wp-block-buttons is-content-justification-center is-layout-flex wp-container-core-buttons-is-layout-a89b3969 wp-block-buttons-is-layout-flex\">\n<div class=\"wp-block-button\"><a class=\"wp-block-button__link has-text-align-center wp-element-button\" href=\"https:\/\/www.cinc.com\/es\/contacto\/\">Contacta con nosotros<\/a><\/div>\n<\/div>\n\n\n\n<p><\/p>\n","protected":false},"excerpt":{"rendered":"<p>Cada meta necesita un entorno que acompa\u00f1e. Transforma tu oficina en tu mejor aliada este septiembre.<\/p>\n","protected":false},"author":8,"featured_media":31512,"comment_status":"closed","ping_status":"open","sticky":false,"template":"","format":"standard","meta":{"_acf_changed":false,"_uag_custom_page_level_css":"","_jetpack_memberships_contains_paid_content":false,"footnotes":""},"categories":[214],"tags":[217],"class_list":["post-31419","post","type-post","status-publish","format-standard","has-post-thumbnail","hentry","category-business-hub-2","tag-oficinas-flexibles-2"],"acf":[],"jetpack_featured_media_url":"https:\/\/www.cinc.com\/wp-content\/uploads\/oficinas-flexibles-cinc.webp","uagb_featured_image_src":{"full":["https:\/\/www.cinc.com\/wp-content\/uploads\/oficinas-flexibles-cinc.webp",1920,1080,false],"thumbnail":["https:\/\/www.cinc.com\/wp-content\/uploads\/oficinas-flexibles-cinc-150x150.webp",150,150,true],"medium":["https:\/\/www.cinc.com\/wp-content\/uploads\/oficinas-flexibles-cinc-300x169.webp",300,169,true],"medium_large":["https:\/\/www.cinc.com\/wp-content\/uploads\/oficinas-flexibles-cinc-768x432.webp",768,432,true],"large":["https:\/\/www.cinc.com\/wp-content\/uploads\/oficinas-flexibles-cinc-1024x576.webp",960,540,true],"1536x1536":["https:\/\/www.cinc.com\/wp-content\/uploads\/oficinas-flexibles-cinc-1536x864.webp",1536,864,true],"2048x2048":["https:\/\/www.cinc.com\/wp-content\/uploads\/oficinas-flexibles-cinc.webp",1920,1080,false],"gform-image-choice-sm":["https:\/\/www.cinc.com\/wp-content\/uploads\/oficinas-flexibles-cinc.webp",300,169,false],"gform-image-choice-md":["https:\/\/www.cinc.com\/wp-content\/uploads\/oficinas-flexibles-cinc.webp",400,225,false],"gform-image-choice-lg":["https:\/\/www.cinc.com\/wp-content\/uploads\/oficinas-flexibles-cinc.webp",600,338,false]},"uagb_author_info":{"display_name":"F\u00e0tima Duran","author_link":"https:\/\/www.cinc.com\/es\/author\/fatima\/"},"uagb_comment_info":0,"uagb_excerpt":"Cada meta necesita un entorno que acompa\u00f1e. Transforma tu oficina en tu mejor aliada este septiembre.","jetpack_sharing_enabled":true,"_links":{"self":[{"href":"https:\/\/www.cinc.com\/es\/wp-json\/wp\/v2\/posts\/31419","targetHints":{"allow":["GET"]}}],"collection":[{"href":"https:\/\/www.cinc.com\/es\/wp-json\/wp\/v2\/posts"}],"about":[{"href":"https:\/\/www.cinc.com\/es\/wp-json\/wp\/v2\/types\/post"}],"author":[{"embeddable":true,"href":"https:\/\/www.cinc.com\/es\/wp-json\/wp\/v2\/users\/8"}],"replies":[{"embeddable":true,"href":"https:\/\/www.cinc.com\/es\/wp-json\/wp\/v2\/comments?post=31419"}],"version-history":[{"count":5,"href":"https:\/\/www.cinc.com\/es\/wp-json\/wp\/v2\/posts\/31419\/revisions"}],"predecessor-version":[{"id":31524,"href":"https:\/\/www.cinc.com\/es\/wp-json\/wp\/v2\/posts\/31419\/revisions\/31524"}],"wp:featuredmedia":[{"embeddable":true,"href":"https:\/\/www.cinc.com\/es\/wp-json\/wp\/v2\/media\/31512"}],"wp:attachment":[{"href":"https:\/\/www.cinc.com\/es\/wp-json\/wp\/v2\/media?parent=31419"}],"wp:term":[{"taxonomy":"category","embeddable":true,"href":"https:\/\/www.cinc.com\/es\/wp-json\/wp\/v2\/categories?post=31419"},{"taxonomy":"post_tag","embeddable":true,"href":"https:\/\/www.cinc.com\/es\/wp-json\/wp\/v2\/tags?post=31419"}],"curies":[{"name":"wp","href":"https:\/\/api.w.org\/{rel}","templated":true}]}}