{"id":30749,"date":"2025-06-27T09:03:16","date_gmt":"2025-06-27T08:03:16","guid":{"rendered":"https:\/\/www.cinc.com\/?p=30749"},"modified":"2025-07-10T12:10:59","modified_gmt":"2025-07-10T11:10:59","slug":"tu-oficina-no-es-solo-un-espacio-es-una-herramienta-de-liderazgo","status":"publish","type":"post","link":"https:\/\/www.cinc.com\/es\/tu-oficina-no-es-solo-un-espacio-es-una-herramienta-de-liderazgo\/","title":{"rendered":"Tu oficina no es solo un espacio: es una herramienta de liderazgo"},"content":{"rendered":"\n<p>Cuando hablamos de liderazgo empresarial, solemos pensar en soft skills, estrategia, visi\u00f3n o toma de decisiones. Pero hay algo que rara vez se menciona y que, sin embargo, influye silenciosamente en todo ello: el espacio de trabajo.<\/p>\n\n\n\n<p>Tu oficina no es solo el lugar donde se desarrollan las operaciones del d\u00eda a d\u00eda. Es un reflejo de tu cultura, un altavoz de tu marca y, sobre todo, una herramienta de liderazgo poderosa. \u00bfC\u00f3mo? Facilitando decisiones, potenciando la comunicaci\u00f3n y proyectando autoridad. Si el espacio est\u00e1 alineado con tu prop\u00f3sito, liderar se vuelve m\u00e1s f\u00e1cil. Y m\u00e1s natural.<\/p>\n\n\n\n<h2 class=\"wp-block-heading\">Un espacio profesional mejora la toma de decisiones<\/h2>\n\n\n\n<p>La claridad f\u00edsica impulsa la claridad mental. Un entorno bien dise\u00f1ado (con luz natural, buena ac\u00fastica, organizaci\u00f3n visual y zonas bien delimitadas) reduce la sobrecarga cognitiva y favorece la toma de decisiones m\u00e1s r\u00e1pidas y eficaces.<\/p>\n\n\n\n<p>Seg\u00fan un estudio de la Universidad de Cornell, las oficinas con iluminaci\u00f3n natural mejoran la funci\u00f3n cognitiva de los empleados en un 23%. Esto se traduce en una mayor agilidad mental, mejor capacidad anal\u00edtica y, por tanto, decisiones m\u00e1s acertadas. Liderar requiere foco, y el foco empieza en el entorno.<\/p>\n\n\n\n<p>Adem\u00e1s, disponer de salas privadas, \u00e1reas de concentraci\u00f3n y zonas de colaboraci\u00f3n adecuadas evita interrupciones innecesarias y te permite gestionar el tiempo de forma estrat\u00e9gica. Cuando cada rinc\u00f3n de la oficina responde a una necesidad real y, de esta manera, liderar no solo se vuelve m\u00e1s eficiente, sino m\u00e1s sostenible.<\/p>\n\n\n\n<h2 class=\"wp-block-heading\">Una oficina pensada para comunicar (de verdad)<\/h2>\n\n\n\n<p>La comunicaci\u00f3n interna no depende solo de herramientas digitales. El espacio f\u00edsico tambi\u00e9n comunica. \u00bfHay zonas para intercambiar ideas de forma informal? \u00bfHay salas bien equipadas para reuniones decisivas? \u00bfEl equipo puede reunirse sin pelearse por una sala disponible?<\/p>\n\n\n\n<p>Seg\u00fan un estudio publicado en <em>Harvard Business Review<\/em>, los espacios de oficina mal dise\u00f1ados pueden reducir la interacci\u00f3n cara a cara hasta en un 70%, ya que las personas tienden a aislarse y sustituir la colaboraci\u00f3n por mensajes digitales. Esto demuestra que el entorno f\u00edsico no solo condiciona c\u00f3mo trabajamos, sino tambi\u00e9n c\u00f3mo nos comunicamos. Un l\u00edder necesita transmitir con claridad. Y eso no depende solo de lo que dice, sino tambi\u00e9n de d\u00f3nde y c\u00f3mo lo dice.<\/p>\n\n\n\n<p>Una oficina flexible, con zonas dise\u00f1adas para distintos tipos de interacci\u00f3n (colaboraci\u00f3n, enfoque, inspiraci\u00f3n) crea un ecosistema que amplifica tu liderazgo sin necesidad de imponerlo. La fluidez del entorno se convierte en aliada de tu mensaje.<\/p>\n\n\n\n<h2 class=\"wp-block-heading\">Liderazgo tambi\u00e9n es proyectar autoridad y visi\u00f3n<\/h2>\n\n\n\n<p>La oficina es un canal de comunicaci\u00f3n silencioso, pero constante. Lo que transmite al cliente, al proveedor o al nuevo talento que entra por la puerta puede reforzar (o debilitar) tu autoridad como l\u00edder.<\/p>\n\n\n\n<p>Un estudio de Steelcase demuestra que el 88% de los empleados considera que el entorno de trabajo refleja la cultura y los valores de la empresa. \u00bfQu\u00e9 dice tu espacio sobre ti? \u00bfProyecta orden, ambici\u00f3n, modernidad? \u00bfO m\u00e1s bien transmite improvisaci\u00f3n y desorganizaci\u00f3n?<\/p>\n\n\n\n<p>Cuando eliges una oficina que cuida los detalles, que est\u00e1 bien ubicada, equipada y adaptada a tu modelo de negocio, est\u00e1s enviando un mensaje claro: aqu\u00ed se toman las cosas en serio. Y ese es el tipo de liderazgo que inspira confianza.<\/p>\n\n\n\n<h2 class=\"wp-block-heading\">En CINC, tu oficina tambi\u00e9n lidera<\/h2>\n\n\n\n<p>En CINC entendemos que liderar una empresa va mucho m\u00e1s all\u00e1 del d\u00eda a d\u00eda operativo. Por eso ofrecemos <a href=\"https:\/\/www.cinc.com\/es\/oficinas-privadas-en-barcelona\/\" target=\"_blank\" rel=\"noreferrer noopener\">oficinas privadas<\/a> y flexibles en Barcelona y Girona, dise\u00f1adas para ser una verdadera extensi\u00f3n de tu liderazgo: espacios que te ayudan a pensar con claridad, comunicar con impacto y transmitir profesionalidad.<\/p>\n\n\n\n<p>Nuestras oficinas est\u00e1n completamente equipadas, con salas de reuniones modernas, atenci\u00f3n personalizada, zonas comunes inspiradoras y ubicaciones estrat\u00e9gicas y muy bien comunicadas, como el 22@ junto al mar o el centro de Girona, a pocos minutos de la estaci\u00f3n de AVE. En CINC encontrar\u00e1s el lugar donde tu espacio de trabajo est\u00e9 a la altura de tu visi\u00f3n.<\/p>\n\n\n\n<p>Descubre c\u00f3mo podemos ayudarte a liderar mejor desde tu oficina:<\/p>\n\n\n\n<div class=\"wp-block-uagb-buttons uagb-buttons__outer-wrap uagb-btn__default-btn uagb-btn-tablet__default-btn uagb-btn-mobile__default-btn uagb-block-09540626\"><div class=\"uagb-buttons__wrap uagb-buttons-layout-wrap \">\n<div class=\"wp-block-uagb-buttons-child uagb-buttons__outer-wrap uagb-block-86a72bf3 wp-block-button\"><div class=\"uagb-button__wrapper\"><a class=\"uagb-buttons-repeater wp-block-button__link\" aria-label=\"\" href=\"https:\/\/www.cinc.com\/es\/contacto\/\" rel=\"follow noopener\" target=\"_blank\" role=\"button\"><div class=\"uagb-button__link\">Contacta con nosotros<\/div><\/a><\/div><\/div>\n<\/div><\/div>\n\n\n\n<p><\/p>\n","protected":false},"excerpt":{"rendered":"<p>El espacio de trabajo influye m\u00e1s de lo que crees en c\u00f3mo lideras. Descubre por qu\u00e9 tu oficina tambi\u00e9n habla por ti.<\/p>\n","protected":false},"author":8,"featured_media":30750,"comment_status":"closed","ping_status":"open","sticky":false,"template":"","format":"standard","meta":{"_acf_changed":false,"_uag_custom_page_level_css":"","_jetpack_memberships_contains_paid_content":false,"footnotes":""},"categories":[31,214],"tags":[217],"class_list":["post-30749","post","type-post","status-publish","format-standard","has-post-thumbnail","hentry","category-business-center","category-business-hub-2","tag-oficinas-flexibles-2"],"acf":[],"jetpack_featured_media_url":"https:\/\/www.cinc.com\/wp-content\/uploads\/oficinas-liderazgo.webp","uagb_featured_image_src":{"full":["https:\/\/www.cinc.com\/wp-content\/uploads\/oficinas-liderazgo.webp",1920,1080,false],"thumbnail":["https:\/\/www.cinc.com\/wp-content\/uploads\/oficinas-liderazgo-150x150.webp",150,150,true],"medium":["https:\/\/www.cinc.com\/wp-content\/uploads\/oficinas-liderazgo-300x169.webp",300,169,true],"medium_large":["https:\/\/www.cinc.com\/wp-content\/uploads\/oficinas-liderazgo-768x432.webp",768,432,true],"large":["https:\/\/www.cinc.com\/wp-content\/uploads\/oficinas-liderazgo-1024x576.webp",960,540,true],"1536x1536":["https:\/\/www.cinc.com\/wp-content\/uploads\/oficinas-liderazgo-1536x864.webp",1536,864,true],"2048x2048":["https:\/\/www.cinc.com\/wp-content\/uploads\/oficinas-liderazgo.webp",1920,1080,false],"gform-image-choice-sm":["https:\/\/www.cinc.com\/wp-content\/uploads\/oficinas-liderazgo.webp",300,169,false],"gform-image-choice-md":["https:\/\/www.cinc.com\/wp-content\/uploads\/oficinas-liderazgo.webp",400,225,false],"gform-image-choice-lg":["https:\/\/www.cinc.com\/wp-content\/uploads\/oficinas-liderazgo.webp",600,338,false]},"uagb_author_info":{"display_name":"F\u00e0tima Duran","author_link":"https:\/\/www.cinc.com\/es\/author\/fatima\/"},"uagb_comment_info":0,"uagb_excerpt":"El espacio de trabajo influye m\u00e1s de lo que crees en c\u00f3mo lideras. Descubre por qu\u00e9 tu oficina tambi\u00e9n habla por ti.","jetpack_sharing_enabled":true,"_links":{"self":[{"href":"https:\/\/www.cinc.com\/es\/wp-json\/wp\/v2\/posts\/30749","targetHints":{"allow":["GET"]}}],"collection":[{"href":"https:\/\/www.cinc.com\/es\/wp-json\/wp\/v2\/posts"}],"about":[{"href":"https:\/\/www.cinc.com\/es\/wp-json\/wp\/v2\/types\/post"}],"author":[{"embeddable":true,"href":"https:\/\/www.cinc.com\/es\/wp-json\/wp\/v2\/users\/8"}],"replies":[{"embeddable":true,"href":"https:\/\/www.cinc.com\/es\/wp-json\/wp\/v2\/comments?post=30749"}],"version-history":[{"count":1,"href":"https:\/\/www.cinc.com\/es\/wp-json\/wp\/v2\/posts\/30749\/revisions"}],"predecessor-version":[{"id":30754,"href":"https:\/\/www.cinc.com\/es\/wp-json\/wp\/v2\/posts\/30749\/revisions\/30754"}],"wp:featuredmedia":[{"embeddable":true,"href":"https:\/\/www.cinc.com\/es\/wp-json\/wp\/v2\/media\/30750"}],"wp:attachment":[{"href":"https:\/\/www.cinc.com\/es\/wp-json\/wp\/v2\/media?parent=30749"}],"wp:term":[{"taxonomy":"category","embeddable":true,"href":"https:\/\/www.cinc.com\/es\/wp-json\/wp\/v2\/categories?post=30749"},{"taxonomy":"post_tag","embeddable":true,"href":"https:\/\/www.cinc.com\/es\/wp-json\/wp\/v2\/tags?post=30749"}],"curies":[{"name":"wp","href":"https:\/\/api.w.org\/{rel}","templated":true}]}}