{"id":30727,"date":"2025-06-20T11:21:29","date_gmt":"2025-06-20T10:21:29","guid":{"rendered":"https:\/\/www.cinc.com\/?p=30727"},"modified":"2025-06-20T11:21:30","modified_gmt":"2025-06-20T10:21:30","slug":"nuevo-procedimiento-para-anticipar-la-jubilacion-en-actividades-de-riesgo-que-cambia-y-a-quien-afecta","status":"publish","type":"post","link":"https:\/\/www.cinc.com\/es\/nuevo-procedimiento-para-anticipar-la-jubilacion-en-actividades-de-riesgo-que-cambia-y-a-quien-afecta\/","title":{"rendered":"Nuevo procedimiento para anticipar la jubilaci\u00f3n en actividades de riesgo: \u00bfqu\u00e9 cambia y a qui\u00e9n afecta?"},"content":{"rendered":"\n<p>El pasado 10 de junio de 2025 se aprob\u00f3 el Real Decreto 402\/2025, que establece el procedimiento oficial para anticipar la edad de jubilaci\u00f3n en funci\u00f3n de la actividad desempe\u00f1ada. Este nuevo marco normativo permite que determinados colectivos puedan acceder antes a la jubilaci\u00f3n si se acredita que sus condiciones laborales implican penosidad, peligrosidad, toxicidad o insalubridad.<\/p>\n\n\n\n<p>Esta medida, que se aplica tanto al sector p\u00fablico como al privado, no constituye un derecho autom\u00e1tico, sino que requiere la puesta en marcha de un procedimiento espec\u00edfico promovido por las empresas o administraciones empleadoras.<\/p>\n\n\n\n<h2 class=\"wp-block-heading\">\u00bfA qui\u00e9n afecta este procedimiento y c\u00f3mo se puede solicitar?<\/h2>\n\n\n\n<p>Hasta ahora, solo algunos colectivos ten\u00edan reconocido el acceso anticipado a la jubilaci\u00f3n mediante coeficientes reductores, como los trabajadores del mar, mineros y mineras, bomberos, mossos d&#8217;esquadra y polic\u00edas locales, entre otros. Con el Real Decreto 402\/2025, este derecho se ampl\u00eda para que otros sectores con condiciones laborales especialmente duras puedan acogerse a \u00e9l, siempre que se acredite la penosidad, toxicidad, peligrosidad o insalubridad de la actividad y se inicie el procedimiento correspondiente.<\/p>\n\n\n\n<p>Por tanto, este nuevo procedimiento puede afectar a cualquier colectivo profesional que desarrolle una actividad con condiciones laborales especialmente exigentes, pero solo si se cumplen determinados requisitos y si la entidad empleadora inicia el tr\u00e1mite correspondiente. El texto no define una lista cerrada de profesiones afectadas, pero se abre a sectores como los servicios de emergencia, sanitarios, industriales, educativos o log\u00edsticos, siempre que se justifiquen las condiciones requeridas.<\/p>\n\n\n\n<p>Para que un colectivo pueda acceder a la jubilaci\u00f3n anticipada, es necesario que su empresa o administraci\u00f3n p\u00fablica presente una solicitud previa al Ministerio de Inclusi\u00f3n, Seguridad Social y Migraciones, acompa\u00f1ada de un informe t\u00e9cnico y una memoria justificativa. Estos documentos deben acreditar las caracter\u00edsticas de la actividad y su impacto sobre la salud y el bienestar del personal.<\/p>\n\n\n\n<p>Solo una vez aprobado este reconocimiento podr\u00e1 aplicarse un coeficiente reductor de la edad de jubilaci\u00f3n para el personal afectado.<\/p>\n\n\n\n<h2 class=\"wp-block-heading\">\u00bfCu\u00e1les son los requisitos para acceder a este procedimiento?<\/h2>\n\n\n\n<p>El Real Decreto establece diversos requisitos que deben cumplirse para iniciar este tr\u00e1mite. A continuaci\u00f3n, se detallan los principales:<\/p>\n\n\n\n<ul class=\"wp-block-list\">\n<li>La iniciativa del procedimiento debe partir de la entidad empleadora (empresa privada o administraci\u00f3n p\u00fablica), no del trabajador a t\u00edtulo individual.<\/li>\n\n\n\n<li>La actividad debe implicar condiciones comprobables de penosidad, toxicidad, peligrosidad o insalubridad que puedan afectar a la salud de manera generalizada dentro del colectivo.<\/li>\n\n\n\n<li>Es necesario presentar una memoria justificativa y un informe t\u00e9cnico independiente, elaborados por entidades especializadas.<\/li>\n\n\n\n<li>La actividad debe haberse ejercido durante un per\u00edodo m\u00ednimo de tiempo, y de forma continuada, por parte de las personas afectadas.<\/li>\n\n\n\n<li>Una vez evaluada y aprobada la solicitud por parte del Ministerio, se podr\u00e1 determinar un coeficiente reductor aplicable a la edad ordinaria de jubilaci\u00f3n, proporcional a los a\u00f1os trabajados bajo dichas condiciones.<\/li>\n<\/ul>\n\n\n\n<p>Estas condiciones hacen que la anticipaci\u00f3n de la jubilaci\u00f3n no sea una medida generalizada, sino restringida a colectivos espec\u00edficos previamente reconocidos mediante este procedimiento.<\/p>\n\n\n\n<h2 class=\"wp-block-heading\">\u00bfQu\u00e9 es el coeficiente reductor y c\u00f3mo afecta a la pensi\u00f3n?<\/h2>\n\n\n\n<p>El coeficiente reductor es un mecanismo que permite reducir la edad ordinaria de jubilaci\u00f3n para colectivos que desempe\u00f1an actividades laborales especialmente duras o con riesgo para la salud. Este coeficiente se aplica en funci\u00f3n del n\u00famero de a\u00f1os trabajados en dichas condiciones y establece una anticipaci\u00f3n proporcional a ese periodo.<\/p>\n\n\n\n<p>A diferencia de otras modalidades de jubilaci\u00f3n anticipada, la aplicaci\u00f3n de este coeficiente no implica una penalizaci\u00f3n econ\u00f3mica sobre la pensi\u00f3n. Es decir, la persona puede acceder a la pensi\u00f3n antes de la edad ordinaria manteniendo el c\u00e1lculo \u00edntegro de la prestaci\u00f3n seg\u00fan los a\u00f1os cotizados. Esto solo es posible si el colectivo ha sido reconocido formalmente y se cumplen todos los requisitos del procedimiento.<\/p>\n\n\n\n<p>Este mecanismo tiene como objetivo corregir desequilibrios y proteger la salud laboral en sectores especialmente exigentes, y refuerza el principio de justicia social dentro del sistema p\u00fablico de pensiones.<\/p>\n\n\n\n<h2 class=\"wp-block-heading\">\u00bfTienes dudas sobre c\u00f3mo aplicar este nuevo procedimiento?<\/h2>\n\n\n\n<p>Desde el <a href=\"https:\/\/www.cinc.com\/es\/asesoria-de-empresas-y-gestoria\/asesoria-laboral\/\">Departamento Laboral <\/a>de CINC Asesor\u00eda, estamos al d\u00eda de todas las novedades normativas que pueden afectar a la gesti\u00f3n de personas en empresas y administraciones.<\/p>\n\n\n\n<p>Si tienes dudas sobre si este nuevo mecanismo puede aplicarse en tu organizaci\u00f3n o deseas iniciar el procedimiento, no dudes en ponerte en contacto con nosotros. Podemos ofrecerte un an\u00e1lisis personalizado y acompa\u00f1arte en cada paso para garantizar el cumplimiento normativo y los derechos de tu equipo.<\/p>\n\n\n\n<p><\/p>\n","protected":false},"excerpt":{"rendered":"<p>Un nuevo decreto permite jubilarse antes a ciertos colectivos por condiciones laborales exigentes. Consulta los criterios y requisitos clave.<\/p>\n","protected":false},"author":8,"featured_media":30728,"comment_status":"closed","ping_status":"open","sticky":false,"template":"","format":"standard","meta":{"_acf_changed":false,"_uag_custom_page_level_css":"","_jetpack_memberships_contains_paid_content":false,"footnotes":""},"categories":[26],"tags":[86],"class_list":["post-30727","post","type-post","status-publish","format-standard","has-post-thumbnail","hentry","category-asesoria","tag-laboral-2"],"acf":[],"jetpack_featured_media_url":"https:\/\/www.cinc.com\/wp-content\/uploads\/anticipacio-edat-jubiliacio.webp","uagb_featured_image_src":{"full":["https:\/\/www.cinc.com\/wp-content\/uploads\/anticipacio-edat-jubiliacio.webp",1920,1080,false],"thumbnail":["https:\/\/www.cinc.com\/wp-content\/uploads\/anticipacio-edat-jubiliacio-150x150.webp",150,150,true],"medium":["https:\/\/www.cinc.com\/wp-content\/uploads\/anticipacio-edat-jubiliacio-300x169.webp",300,169,true],"medium_large":["https:\/\/www.cinc.com\/wp-content\/uploads\/anticipacio-edat-jubiliacio-768x432.webp",768,432,true],"large":["https:\/\/www.cinc.com\/wp-content\/uploads\/anticipacio-edat-jubiliacio-1024x576.webp",960,540,true],"1536x1536":["https:\/\/www.cinc.com\/wp-content\/uploads\/anticipacio-edat-jubiliacio-1536x864.webp",1536,864,true],"2048x2048":["https:\/\/www.cinc.com\/wp-content\/uploads\/anticipacio-edat-jubiliacio.webp",1920,1080,false],"gform-image-choice-sm":["https:\/\/www.cinc.com\/wp-content\/uploads\/anticipacio-edat-jubiliacio.webp",300,169,false],"gform-image-choice-md":["https:\/\/www.cinc.com\/wp-content\/uploads\/anticipacio-edat-jubiliacio.webp",400,225,false],"gform-image-choice-lg":["https:\/\/www.cinc.com\/wp-content\/uploads\/anticipacio-edat-jubiliacio.webp",600,338,false]},"uagb_author_info":{"display_name":"F\u00e0tima Duran","author_link":"https:\/\/www.cinc.com\/es\/author\/fatima\/"},"uagb_comment_info":0,"uagb_excerpt":"Un nuevo decreto permite jubilarse antes a ciertos colectivos por condiciones laborales exigentes. Consulta los criterios y requisitos clave.","jetpack_sharing_enabled":true,"_links":{"self":[{"href":"https:\/\/www.cinc.com\/es\/wp-json\/wp\/v2\/posts\/30727","targetHints":{"allow":["GET"]}}],"collection":[{"href":"https:\/\/www.cinc.com\/es\/wp-json\/wp\/v2\/posts"}],"about":[{"href":"https:\/\/www.cinc.com\/es\/wp-json\/wp\/v2\/types\/post"}],"author":[{"embeddable":true,"href":"https:\/\/www.cinc.com\/es\/wp-json\/wp\/v2\/users\/8"}],"replies":[{"embeddable":true,"href":"https:\/\/www.cinc.com\/es\/wp-json\/wp\/v2\/comments?post=30727"}],"version-history":[{"count":2,"href":"https:\/\/www.cinc.com\/es\/wp-json\/wp\/v2\/posts\/30727\/revisions"}],"predecessor-version":[{"id":30736,"href":"https:\/\/www.cinc.com\/es\/wp-json\/wp\/v2\/posts\/30727\/revisions\/30736"}],"wp:featuredmedia":[{"embeddable":true,"href":"https:\/\/www.cinc.com\/es\/wp-json\/wp\/v2\/media\/30728"}],"wp:attachment":[{"href":"https:\/\/www.cinc.com\/es\/wp-json\/wp\/v2\/media?parent=30727"}],"wp:term":[{"taxonomy":"category","embeddable":true,"href":"https:\/\/www.cinc.com\/es\/wp-json\/wp\/v2\/categories?post=30727"},{"taxonomy":"post_tag","embeddable":true,"href":"https:\/\/www.cinc.com\/es\/wp-json\/wp\/v2\/tags?post=30727"}],"curies":[{"name":"wp","href":"https:\/\/api.w.org\/{rel}","templated":true}]}}