{"id":30537,"date":"2025-06-06T11:18:55","date_gmt":"2025-06-06T10:18:55","guid":{"rendered":"https:\/\/www.cinc.com\/?p=30537"},"modified":"2025-07-10T13:01:00","modified_gmt":"2025-07-10T12:01:00","slug":"oficinas-modulares-por-que-tu-empresa-necesita-un-espacio-que-crezca-contigo","status":"publish","type":"post","link":"https:\/\/www.cinc.com\/es\/oficinas-modulares-por-que-tu-empresa-necesita-un-espacio-que-crezca-contigo\/","title":{"rendered":"Oficinas modulares: por qu\u00e9 tu empresa necesita un espacio que crezca contigo"},"content":{"rendered":"\n<p>\u00bfY si el crecimiento de tu empresa no viniera solo de tus ventas, sino tambi\u00e9n del espacio que eliges para trabajar? Imagina una oficina que se adapta a ti, que cambia de forma seg\u00fan tus necesidades, que no te obliga a elegir entre sobredimensionar o quedarte corto. Las oficinas modulares est\u00e1n revolucionando la manera en que las empresas piensan su d\u00eda a d\u00eda. Y no es casualidad: en un entorno donde la agilidad y la flexibilidad son sin\u00f3nimo de competitividad, tu espacio de trabajo puede ser tu mejor aliado.<\/p>\n\n\n\n<h2 class=\"wp-block-heading\">Espacios que evolucionan al ritmo de tu empresa<\/h2>\n\n\n\n<p>Seg\u00fan un informe de Savills, el 68,3% de las empresas l\u00edderes en Espa\u00f1a ya ha realizado alg\u00fan cambio en sus oficinas en los \u00faltimos cinco a\u00f1os debido al impacto del trabajo h\u00edbrido. Adem\u00e1s, el 75% de estas empresas planea modificar el dise\u00f1o de sus oficinas en los pr\u00f3ximos diez a\u00f1os para adaptarse a la evoluci\u00f3n de los modelos de trabajo. <\/p>\n\n\n\n<p>Cambiar la sede de tu empresa implica costes de mudanza y reformas: significa interrupciones, distracciones, y p\u00e9rdida de tiempo. Sin embargo, las oficinas modulares permiten que el espacio evolucione contigo, sin necesidad de moverte de lugar. \u00bfContratas a m\u00e1s personas? Ampl\u00edas. \u00bfNecesitas reducir temporalmente? Reduces. F\u00e1cil, pr\u00e1ctico y sin fricciones.<\/p>\n\n\n\n<h2 class=\"wp-block-heading\">M\u00e1s eficiencia, menos desperdicio<\/h2>\n\n\n\n<p>Pagar por metros cuadrados que no usas o quedarte corto cuando m\u00e1s los necesitas es un lujo que ninguna empresa \u00e1gil puede permitirse. Las oficinas modulares eliminan este dilema: ajustas los espacios en funci\u00f3n de la actividad real. Esto no solo optimiza recursos, sino que tambi\u00e9n permite una gesti\u00f3n m\u00e1s sostenible del entorno de trabajo.<\/p>\n\n\n\n<h2 class=\"wp-block-heading\">Dise\u00f1o inteligente para equipos din\u00e1micos<\/h2>\n\n\n\n<p>Hoy, m\u00e1s que nunca, el trabajo es fluido. Reuniones h\u00edbridas, equipos en remoto, proyectos que requieren concentraci\u00f3n un d\u00eda y colaboraci\u00f3n intensa al siguiente. Con un dise\u00f1o pensado para adaptarse, las oficinas modulares permiten crear zonas de trabajo enfocadas, espacios creativos, \u00e1reas comunes o salas de reuni\u00f3n seg\u00fan el uso real, no seg\u00fan una estructura fija y anticuada.<\/p>\n\n\n\n<h2 class=\"wp-block-heading\">Mejor experiencia para tus equipos (y para tus clientes)<\/h2>\n\n\n\n<p>Un espacio que se adapta transmite una idea muy poderosa: aqu\u00ed pensamos en las personas. Para los equipos, trabajar en un entorno c\u00f3modo y vers\u00e1til mejora el bienestar y la productividad. Para los clientes, visitar unas oficinas que se sienten vivas y actuales genera confianza y buena impresi\u00f3n. Seg\u00fan un estudio de Harvard Business Review, el dise\u00f1o del espacio puede impactar en hasta un 20% la percepci\u00f3n positiva del cliente sobre una empresa.<\/p>\n\n\n\n<h2 class=\"wp-block-heading\">El futuro es flexible, y ya est\u00e1 aqu\u00ed<\/h2>\n\n\n\n<p>No se trata solo de modas: la transformaci\u00f3n de los espacios de trabajo responde a un cambio de mentalidad m\u00e1s profundo. Las empresas que eligen espacios flexibles no solo optimizan recursos, tambi\u00e9n env\u00edan un mensaje claro: estamos preparados para el cambio. Y eso, en tiempos de incertidumbre, es un valor incalculable.<\/p>\n\n\n\n<p>En CINC, te ofrecemos soluciones que se adaptan a ti: <a href=\"https:\/\/www.cinc.com\/es\/oficinas-privadas-en-barcelona\/\">oficinas privadas<\/a> modulares, puestos de coworking, salas de reuni\u00f3n vers\u00e1tiles y servicios de domiciliaci\u00f3n para empresas que quieren crecer sin perder el foco. Descubre c\u00f3mo podemos ayudarte a construir un espacio tan din\u00e1mico como tu empresa:<\/p>\n\n\n\n<div class=\"wp-block-uagb-buttons uagb-buttons__outer-wrap uagb-btn__default-btn uagb-btn-tablet__default-btn uagb-btn-mobile__default-btn uagb-block-401ec8c1\"><div class=\"uagb-buttons__wrap uagb-buttons-layout-wrap \">\n<div class=\"wp-block-uagb-buttons-child uagb-buttons__outer-wrap uagb-block-007c6c3f wp-block-button\"><div class=\"uagb-button__wrapper\"><a class=\"uagb-buttons-repeater wp-block-button__link\" aria-label=\"\" href=\"https:\/\/www.cinc.com\/es\/contacto\/\" rel=\"follow noopener\" target=\"_self\" role=\"button\"><div class=\"uagb-button__link\">Contacta con nosotros<\/div><\/a><\/div><\/div>\n<\/div><\/div>\n\n\n\n<p><\/p>\n","protected":false},"excerpt":{"rendered":"<p>Una oficina que crece contigo: las claves del modelo modular que transforma el espacio en motor de flexibilidad. Desc\u00fabrelo aqu\u00ed.<\/p>\n","protected":false},"author":8,"featured_media":30545,"comment_status":"closed","ping_status":"open","sticky":false,"template":"","format":"standard","meta":{"_acf_changed":false,"_uag_custom_page_level_css":"","_jetpack_memberships_contains_paid_content":false,"footnotes":""},"categories":[31,194],"tags":[],"class_list":["post-30537","post","type-post","status-publish","format-standard","has-post-thumbnail","hentry","category-business-center","category-general"],"acf":[],"jetpack_featured_media_url":"https:\/\/www.cinc.com\/wp-content\/uploads\/oficinas-modulares.webp","uagb_featured_image_src":{"full":["https:\/\/www.cinc.com\/wp-content\/uploads\/oficinas-modulares.webp",1920,1080,false],"thumbnail":["https:\/\/www.cinc.com\/wp-content\/uploads\/oficinas-modulares-150x150.webp",150,150,true],"medium":["https:\/\/www.cinc.com\/wp-content\/uploads\/oficinas-modulares-300x169.webp",300,169,true],"medium_large":["https:\/\/www.cinc.com\/wp-content\/uploads\/oficinas-modulares-768x432.webp",768,432,true],"large":["https:\/\/www.cinc.com\/wp-content\/uploads\/oficinas-modulares-1024x576.webp",960,540,true],"1536x1536":["https:\/\/www.cinc.com\/wp-content\/uploads\/oficinas-modulares-1536x864.webp",1536,864,true],"2048x2048":["https:\/\/www.cinc.com\/wp-content\/uploads\/oficinas-modulares.webp",1920,1080,false],"gform-image-choice-sm":["https:\/\/www.cinc.com\/wp-content\/uploads\/oficinas-modulares.webp",300,169,false],"gform-image-choice-md":["https:\/\/www.cinc.com\/wp-content\/uploads\/oficinas-modulares.webp",400,225,false],"gform-image-choice-lg":["https:\/\/www.cinc.com\/wp-content\/uploads\/oficinas-modulares.webp",600,338,false]},"uagb_author_info":{"display_name":"F\u00e0tima Duran","author_link":"https:\/\/www.cinc.com\/es\/author\/fatima\/"},"uagb_comment_info":0,"uagb_excerpt":"Una oficina que crece contigo: las claves del modelo modular que transforma el espacio en motor de flexibilidad. Desc\u00fabrelo aqu\u00ed.","jetpack_sharing_enabled":true,"_links":{"self":[{"href":"https:\/\/www.cinc.com\/es\/wp-json\/wp\/v2\/posts\/30537","targetHints":{"allow":["GET"]}}],"collection":[{"href":"https:\/\/www.cinc.com\/es\/wp-json\/wp\/v2\/posts"}],"about":[{"href":"https:\/\/www.cinc.com\/es\/wp-json\/wp\/v2\/types\/post"}],"author":[{"embeddable":true,"href":"https:\/\/www.cinc.com\/es\/wp-json\/wp\/v2\/users\/8"}],"replies":[{"embeddable":true,"href":"https:\/\/www.cinc.com\/es\/wp-json\/wp\/v2\/comments?post=30537"}],"version-history":[{"count":3,"href":"https:\/\/www.cinc.com\/es\/wp-json\/wp\/v2\/posts\/30537\/revisions"}],"predecessor-version":[{"id":30548,"href":"https:\/\/www.cinc.com\/es\/wp-json\/wp\/v2\/posts\/30537\/revisions\/30548"}],"wp:featuredmedia":[{"embeddable":true,"href":"https:\/\/www.cinc.com\/es\/wp-json\/wp\/v2\/media\/30545"}],"wp:attachment":[{"href":"https:\/\/www.cinc.com\/es\/wp-json\/wp\/v2\/media?parent=30537"}],"wp:term":[{"taxonomy":"category","embeddable":true,"href":"https:\/\/www.cinc.com\/es\/wp-json\/wp\/v2\/categories?post=30537"},{"taxonomy":"post_tag","embeddable":true,"href":"https:\/\/www.cinc.com\/es\/wp-json\/wp\/v2\/tags?post=30537"}],"curies":[{"name":"wp","href":"https:\/\/api.w.org\/{rel}","templated":true}]}}