{"id":30190,"date":"2025-05-21T13:23:18","date_gmt":"2025-05-21T12:23:18","guid":{"rendered":"https:\/\/www.cinc.com\/?p=30190"},"modified":"2025-07-11T07:15:45","modified_gmt":"2025-07-11T06:15:45","slug":"jornada-laboral-de-375-horas-y-nuevo-registro-horario-digital-que-deben-saber-las-empresas","status":"publish","type":"post","link":"https:\/\/www.cinc.com\/es\/jornada-laboral-de-375-horas-y-nuevo-registro-horario-digital-que-deben-saber-las-empresas\/","title":{"rendered":"Jornada laboral de 37,5 horas y nuevo registro horario digital: \u00bfqu\u00e9 deben saber las empresas?"},"content":{"rendered":"\n<p>El Consejo de Ministros ha aprobado recientemente el proyecto de ley que establece la reducci\u00f3n de la jornada laboral a 37,5 horas semanales y un nuevo sistema obligatorio de registro horario digital. Se trata de una reforma laboral con un fuerte impacto en el d\u00eda a d\u00eda de las empresas, especialmente en lo que respecta a la gesti\u00f3n del tiempo, el control interno y el cumplimiento normativo.<\/p>\n\n\n\n<p>A pesar del anuncio, la normativa todav\u00eda no ha entrado en vigor: el proyecto debe iniciar su recorrido parlamentario y no ser\u00e1 aplicable hasta que se publique oficialmente en el BOE. Seg\u00fan el calendario del Gobierno, se prev\u00e9 que el nuevo sistema est\u00e9 operativo antes del verano de 2025.<\/p>\n\n\n\n<h2 class=\"wp-block-heading\">\u00bfQu\u00e9 incluye la nueva reforma laboral?<\/h2>\n\n\n\n<h3 class=\"wp-block-heading\">Reducci\u00f3n de la jornada laboral<\/h3>\n\n\n\n<p>El texto contempla una reducci\u00f3n progresiva de la jornada laboral sin reducci\u00f3n salarial. Inicialmente, se fij\u00f3 la jornada m\u00e1xima en 38,5 horas semanales (a partir de 2024) y se prev\u00e9 que se llegue a las 37,5 horas en 2025. Las empresas con convenios que superen esta media anual tendr\u00e1n hasta el 31 de diciembre de 2025 para adaptarse.<\/p>\n\n\n\n<h3 class=\"wp-block-heading\">Un registro horario m\u00e1s riguroso<\/h3>\n\n\n\n<p>Una de las grandes novedades es la implantaci\u00f3n obligatoria de un sistema digital de registro horario, con medidas orientadas a garantizar la fiabilidad y autenticidad del control de jornada. Este sistema deber\u00e1:<\/p>\n\n\n\n<ul class=\"wp-block-list\">\n<li>Registrar de forma personal las entradas y salidas del trabajador.<\/li>\n\n\n\n<li>Identificar de forma inequ\u00edvoca a la persona que ficha.<\/li>\n\n\n\n<li>Considerar como tiempo de trabajo efectivo todo el periodo entre la entrada y la salida.<\/li>\n\n\n\n<li>Permitir el acceso remoto y en tiempo real por parte de la Inspecci\u00f3n de Trabajo.<\/li>\n<\/ul>\n\n\n\n<p>En caso de no poder acreditar correctamente las horas trabajadas, se presumir\u00e1 que el contrato es a jornada completa.<\/p>\n\n\n\n<h3 class=\"wp-block-heading\">Resumen mensual de jornada y horas extra<\/h3>\n\n\n\n<p>Otra medida destacada es la obligaci\u00f3n de entregar, junto con la n\u00f3mina, un resumen mensual con el detalle de las horas ordinarias, extraordinarias y complementarias. Esta transparencia pretende acabar con el fraude de horas extra no declaradas y permitir que los trabajadores comprueben si su jornada est\u00e1 siendo registrada correctamente.<\/p>\n\n\n\n<p>Tambi\u00e9n se aplicar\u00e1 a los contratos a tiempo parcial: si no se puede justificar la jornada real, el contrato se considerar\u00e1 de jornada completa.<\/p>\n\n\n\n<h2 class=\"wp-block-heading\">Un cambio profundo en la cultura horaria empresarial<\/h2>\n\n\n\n<p>Este conjunto de medidas supone un cambio estructural en el funcionamiento interno de muchas empresas, que deber\u00e1n revisar sus horarios, reorganizar tareas y adoptar tecnolog\u00eda fiable para el registro. Adem\u00e1s, ser\u00e1 necesario tener en cuenta el impacto en los convenios colectivos, la planificaci\u00f3n de plantillas y el derecho a la desconexi\u00f3n digital.<\/p>\n\n\n\n<h2 class=\"wp-block-heading\">CINC Asesor\u00eda te ayuda a prepararte para el cambio<\/h2>\n\n\n\n<p>En el <a href=\"https:\/\/www.cinc.com\/es\/asesoria-de-empresas-y-gestoria\/asesoria-laboral\/\">Departamento Laboral <\/a>CINC Asesor\u00eda te ayudamos a adaptar tu empresa a la nueva normativa con garant\u00edas:<\/p>\n\n\n\n<ul class=\"wp-block-list\">\n<li>Implantaci\u00f3n de sistemas digitales de registro horario.<\/li>\n\n\n\n<li>Asesoramiento legal en materia laboral y de convenios.<\/li>\n\n\n\n<li>Revisi\u00f3n y adaptaci\u00f3n de las jornadas a la nueva regulaci\u00f3n.<\/li>\n\n\n\n<li>Prevenci\u00f3n de riesgos y sanciones por incumplimientos.<\/li>\n<\/ul>\n\n\n\n<p>\u00bfQuieres anticiparte al cambio legal? Contacta con CINC Asesor\u00eda y te acompa\u00f1aremos en todo el proceso.<\/p>\n\n\n\n<div class=\"wp-block-uagb-buttons uagb-buttons__outer-wrap uagb-btn__default-btn uagb-btn-tablet__default-btn uagb-btn-mobile__default-btn uagb-block-2ae62e2d\"><div class=\"uagb-buttons__wrap uagb-buttons-layout-wrap \">\n<div class=\"wp-block-uagb-buttons-child uagb-buttons__outer-wrap uagb-block-b299f364 wp-block-button\"><div class=\"uagb-button__wrapper\"><a class=\"uagb-buttons-repeater wp-block-button__link\" aria-label=\"\" href=\"#\" rel=\"follow noopener\" target=\"_self\" role=\"button\"><div class=\"uagb-button__link\">Contacta con nosotros<\/div><\/a><\/div><\/div>\n<\/div><\/div>\n\n\n\n<p><\/p>\n","protected":false},"excerpt":{"rendered":"<p>La nueva jornada laboral de 37,5h y el registro digital cambiar\u00e1n tu forma de trabajar. Mira qu\u00e9 implica para tu empresa.<\/p>\n","protected":false},"author":8,"featured_media":30191,"comment_status":"closed","ping_status":"open","sticky":false,"template":"","format":"standard","meta":{"_acf_changed":false,"_uag_custom_page_level_css":"","_jetpack_memberships_contains_paid_content":false,"footnotes":""},"categories":[26,3],"tags":[85],"class_list":["post-30190","post","type-post","status-publish","format-standard","has-post-thumbnail","hentry","category-asesoria","category-uncategorized","tag-laboral"],"acf":[],"jetpack_featured_media_url":"https:\/\/www.cinc.com\/wp-content\/uploads\/jornada-37hores-registre-horari.png","uagb_featured_image_src":{"full":["https:\/\/www.cinc.com\/wp-content\/uploads\/jornada-37hores-registre-horari.png",1920,1080,false],"thumbnail":["https:\/\/www.cinc.com\/wp-content\/uploads\/jornada-37hores-registre-horari-150x150.png",150,150,true],"medium":["https:\/\/www.cinc.com\/wp-content\/uploads\/jornada-37hores-registre-horari-300x169.png",300,169,true],"medium_large":["https:\/\/www.cinc.com\/wp-content\/uploads\/jornada-37hores-registre-horari-768x432.png",768,432,true],"large":["https:\/\/www.cinc.com\/wp-content\/uploads\/jornada-37hores-registre-horari-1024x576.png",960,540,true],"1536x1536":["https:\/\/www.cinc.com\/wp-content\/uploads\/jornada-37hores-registre-horari-1536x864.png",1536,864,true],"2048x2048":["https:\/\/www.cinc.com\/wp-content\/uploads\/jornada-37hores-registre-horari.png",1920,1080,false],"gform-image-choice-sm":["https:\/\/www.cinc.com\/wp-content\/uploads\/jornada-37hores-registre-horari.png",300,169,false],"gform-image-choice-md":["https:\/\/www.cinc.com\/wp-content\/uploads\/jornada-37hores-registre-horari.png",400,225,false],"gform-image-choice-lg":["https:\/\/www.cinc.com\/wp-content\/uploads\/jornada-37hores-registre-horari.png",600,338,false]},"uagb_author_info":{"display_name":"F\u00e0tima Duran","author_link":"https:\/\/www.cinc.com\/es\/author\/fatima\/"},"uagb_comment_info":0,"uagb_excerpt":"La nueva jornada laboral de 37,5h y el registro digital cambiar\u00e1n tu forma de trabajar. Mira qu\u00e9 implica para tu empresa.","jetpack_sharing_enabled":true,"_links":{"self":[{"href":"https:\/\/www.cinc.com\/es\/wp-json\/wp\/v2\/posts\/30190","targetHints":{"allow":["GET"]}}],"collection":[{"href":"https:\/\/www.cinc.com\/es\/wp-json\/wp\/v2\/posts"}],"about":[{"href":"https:\/\/www.cinc.com\/es\/wp-json\/wp\/v2\/types\/post"}],"author":[{"embeddable":true,"href":"https:\/\/www.cinc.com\/es\/wp-json\/wp\/v2\/users\/8"}],"replies":[{"embeddable":true,"href":"https:\/\/www.cinc.com\/es\/wp-json\/wp\/v2\/comments?post=30190"}],"version-history":[{"count":1,"href":"https:\/\/www.cinc.com\/es\/wp-json\/wp\/v2\/posts\/30190\/revisions"}],"predecessor-version":[{"id":30195,"href":"https:\/\/www.cinc.com\/es\/wp-json\/wp\/v2\/posts\/30190\/revisions\/30195"}],"wp:featuredmedia":[{"embeddable":true,"href":"https:\/\/www.cinc.com\/es\/wp-json\/wp\/v2\/media\/30191"}],"wp:attachment":[{"href":"https:\/\/www.cinc.com\/es\/wp-json\/wp\/v2\/media?parent=30190"}],"wp:term":[{"taxonomy":"category","embeddable":true,"href":"https:\/\/www.cinc.com\/es\/wp-json\/wp\/v2\/categories?post=30190"},{"taxonomy":"post_tag","embeddable":true,"href":"https:\/\/www.cinc.com\/es\/wp-json\/wp\/v2\/tags?post=30190"}],"curies":[{"name":"wp","href":"https:\/\/api.w.org\/{rel}","templated":true}]}}