{"id":29979,"date":"2025-05-07T12:34:27","date_gmt":"2025-05-07T11:34:27","guid":{"rendered":"https:\/\/www.cinc.com\/?p=29979"},"modified":"2025-07-11T07:45:09","modified_gmt":"2025-07-11T06:45:09","slug":"por-que-cada-vez-mas-empresas-prefieren-alquilar-oficinas-privadas-en-vez-de-coworkings","status":"publish","type":"post","link":"https:\/\/www.cinc.com\/es\/por-que-cada-vez-mas-empresas-prefieren-alquilar-oficinas-privadas-en-vez-de-coworkings\/","title":{"rendered":"\u00bfPor qu\u00e9 cada vez m\u00e1s empresas prefieren alquilar oficinas privadas en vez de coworkings?"},"content":{"rendered":"\n<p>La forma en que trabajamos ha cambiado, y con ello, tambi\u00e9n lo ha hecho la manera de entender los espacios profesionales. Ya no basta con tener un escritorio disponible; las empresas buscan entornos que acompa\u00f1en su evoluci\u00f3n, transmitan su identidad y se adapten a su ritmo de crecimiento<\/p>\n\n\n\n<p>El <strong>alquiler espacio de trabajo<\/strong> ha evolucionado m\u00e1s all\u00e1 del coworking tradicional, y las empresas lo saben.<\/p>\n\n\n\n<p><\/p>\n\n\n\n<div class=\"wp-block-uagb-advanced-heading uagb-block-3a00ad4e\"><h2 class=\"uagb-heading-text\">Nuevas demandas en el alquiler de espacio de trabajo<\/h2><\/div>\n\n\n\n<p>Cada vez son m\u00e1s las empresas que valoran aspectos como la privacidad, la personalizaci\u00f3n y la escalabilidad a la hora de elegir un entorno de trabajo. Estas nuevas prioridades han convertido al modelo de oficina privada en una de las opciones m\u00e1s buscadas por empresas que desean proyectar una imagen profesional y tener mayor control sobre su d\u00eda a d\u00eda.<\/p>\n\n\n\n<p>A la hora de decidir un alquiler espacio de trabajo, muchas empresas ya no priorizan solo el precio o la ubicaci\u00f3n, sino tambi\u00e9n la posibilidad de adaptar el espacio a su operativa. Nuestro<a href=\"https:\/\/www.cinc.com\/es\/oficinas-privadas-en-barcelona\/\"> alquiler de oficinas en Barcelona<\/a>, ofrece un entorno exclusivo, m\u00e1s silencioso y preparado para reuniones, llamadas o tareas que requieren concentraci\u00f3n. As\u00ed mismo, para quienes buscan flexibilidad, contamos con el modelo de <a href=\"https:\/\/www.cinc.com\/es\/oficinas-flexibles-la-solucion-ideal-para-empresas-en-crecimiento\/\">oficina flexible<\/a>, espacios que permiten escalar sin compromisos a largo plazo y con servicios integrados.<\/p>\n\n\n\n<p>Este enfoque mixto combina la privacidad con la adaptabilidad y redefine c\u00f3mo debe ser el entorno ideal para trabajar.<\/p>\n\n\n\n<p><\/p>\n\n\n\n<div class=\"wp-block-uagb-advanced-heading uagb-block-2eb11af4\"><h2 class=\"uagb-heading-text\">\u00bfCu\u00e1ndo es mejor optar por coworking o por oficina privada?<\/h2><\/div>\n\n\n\n<p>Los coworkings pueden ser \u00fatiles en etapas iniciales o para profesionales independientes que buscan espacios colaborativos. Sin embargo, cuando una empresa requiere estabilidad, un entorno profesional propio y mayor concentraci\u00f3n, optar por un espacio exclusivo es la decisi\u00f3n m\u00e1s estrat\u00e9gica.<\/p>\n\n\n\n<p>Contar con un entorno a medida permite organizar el d\u00eda a d\u00eda con mayor eficacia y reforzar la identidad de marca, algo dif\u00edcil de lograr en espacios compartidos.<\/p>\n\n\n\n<p>Adem\u00e1s del entorno f\u00edsico, disponer de un espacio propio influye tambi\u00e9n en la din\u00e1mica del equipo. Contar con un entorno definido favorece la creaci\u00f3n de una cultura interna m\u00e1s s\u00f3lida, mejora la sensaci\u00f3n de pertenencia y facilita que las personas se sientan parte de un proyecto estable.<br><br>Mientras que los espacios compartidos fomentan el intercambio y la socializaci\u00f3n, un entorno exclusivo permite establecer rutinas m\u00e1s enfocadas, mejorar la concentraci\u00f3n y crear una identidad de empresa m\u00e1s clara. Esto es especialmente importante en equipos que trabajan con metodolog\u00edas \u00e1giles, procesos confidenciales o atenci\u00f3n directa a clientes.<\/p>\n\n\n\n<p><\/p>\n\n\n\n<div class=\"wp-block-uagb-advanced-heading uagb-block-93381609\"><h2 class=\"uagb-heading-text\">\u00bfBuscas un alquiler de espacio de trabajo profesional y flexible?<\/h2><\/div>\n\n\n\n<p>En CINC ponemos a tu alcance el alquiler espacio de trabajo ideal para que tu empresa crezca con las mejores condiciones: desde oficinas privadas en Barcelona totalmente equipadas y con imagen profesional, hasta soluciones de oficina flexible pensadas para empresas en expansi\u00f3n.<\/p>\n\n\n\n<p><\/p>\n\n\n\n<div class=\"wp-block-uagb-buttons uagb-buttons__outer-wrap uagb-btn__default-btn uagb-btn-tablet__default-btn uagb-btn-mobile__default-btn uagb-block-fcc13934\"><div class=\"uagb-buttons__wrap uagb-buttons-layout-wrap \">\n<div class=\"wp-block-uagb-buttons-child uagb-buttons__outer-wrap uagb-block-6b2c5ff3 wp-block-button\"><div class=\"uagb-button__wrapper\"><a class=\"uagb-buttons-repeater wp-block-button__link\" aria-label=\"\" href=\"#\" rel=\"follow noopener\" target=\"_self\" role=\"button\"><div class=\"uagb-button__link\">Click Here<\/div><\/a><\/div><\/div>\n<\/div><\/div>\n\n\n\n<div class=\"wp-block-uagb-buttons uagb-buttons__outer-wrap uagb-btn__default-btn uagb-btn-tablet__default-btn uagb-btn-mobile__default-btn uagb-block-83a394e1\"><div class=\"uagb-buttons__wrap uagb-buttons-layout-wrap \">\n<div class=\"wp-block-uagb-buttons-child uagb-buttons__outer-wrap uagb-block-099916d1 wp-block-button\"><div class=\"uagb-button__wrapper\"><a class=\"uagb-buttons-repeater wp-block-button__link\" aria-label=\"\" href=\"https:\/\/www.cinc.com\/es\/contacto\/\" rel=\"follow noopener\" target=\"_blank\" role=\"button\"><div class=\"uagb-button__link\">Contacta con nosotros<\/div><\/a><\/div><\/div>\n<\/div><\/div>\n\n\n\n<p><\/p>\n","protected":false},"excerpt":{"rendered":"<p>Cada vez m\u00e1s empresas optan por oficinas privadas frente al coworking. Te contamos por qu\u00e9 y qu\u00e9 ventajas ofrece el alquiler espacio de trabajo.<\/p>\n","protected":false},"author":302,"featured_media":29980,"comment_status":"closed","ping_status":"open","sticky":false,"template":"","format":"standard","meta":{"_acf_changed":false,"_uag_custom_page_level_css":"","_jetpack_memberships_contains_paid_content":false,"footnotes":""},"categories":[31,214],"tags":[],"class_list":["post-29979","post","type-post","status-publish","format-standard","has-post-thumbnail","hentry","category-business-center","category-business-hub-2"],"acf":[],"jetpack_featured_media_url":"https:\/\/www.cinc.com\/wp-content\/uploads\/editada-4-26.webp","uagb_featured_image_src":{"full":["https:\/\/www.cinc.com\/wp-content\/uploads\/editada-4-26.webp",2048,1365,false],"thumbnail":["https:\/\/www.cinc.com\/wp-content\/uploads\/editada-4-26-150x150.webp",150,150,true],"medium":["https:\/\/www.cinc.com\/wp-content\/uploads\/editada-4-26-300x200.webp",300,200,true],"medium_large":["https:\/\/www.cinc.com\/wp-content\/uploads\/editada-4-26-768x512.webp",768,512,true],"large":["https:\/\/www.cinc.com\/wp-content\/uploads\/editada-4-26-1024x683.webp",960,640,true],"1536x1536":["https:\/\/www.cinc.com\/wp-content\/uploads\/editada-4-26-1536x1024.webp",1536,1024,true],"2048x2048":["https:\/\/www.cinc.com\/wp-content\/uploads\/editada-4-26.webp",2048,1365,false],"gform-image-choice-sm":["https:\/\/www.cinc.com\/wp-content\/uploads\/editada-4-26.webp",300,200,false],"gform-image-choice-md":["https:\/\/www.cinc.com\/wp-content\/uploads\/editada-4-26.webp",400,267,false],"gform-image-choice-lg":["https:\/\/www.cinc.com\/wp-content\/uploads\/editada-4-26.webp",600,400,false]},"uagb_author_info":{"display_name":"Houda","author_link":"https:\/\/www.cinc.com\/es\/author\/houda\/"},"uagb_comment_info":0,"uagb_excerpt":"Cada vez m\u00e1s empresas optan por oficinas privadas frente al coworking. Te contamos por qu\u00e9 y qu\u00e9 ventajas ofrece el alquiler espacio de trabajo.","jetpack_sharing_enabled":true,"_links":{"self":[{"href":"https:\/\/www.cinc.com\/es\/wp-json\/wp\/v2\/posts\/29979","targetHints":{"allow":["GET"]}}],"collection":[{"href":"https:\/\/www.cinc.com\/es\/wp-json\/wp\/v2\/posts"}],"about":[{"href":"https:\/\/www.cinc.com\/es\/wp-json\/wp\/v2\/types\/post"}],"author":[{"embeddable":true,"href":"https:\/\/www.cinc.com\/es\/wp-json\/wp\/v2\/users\/302"}],"replies":[{"embeddable":true,"href":"https:\/\/www.cinc.com\/es\/wp-json\/wp\/v2\/comments?post=29979"}],"version-history":[{"count":8,"href":"https:\/\/www.cinc.com\/es\/wp-json\/wp\/v2\/posts\/29979\/revisions"}],"predecessor-version":[{"id":30905,"href":"https:\/\/www.cinc.com\/es\/wp-json\/wp\/v2\/posts\/29979\/revisions\/30905"}],"wp:featuredmedia":[{"embeddable":true,"href":"https:\/\/www.cinc.com\/es\/wp-json\/wp\/v2\/media\/29980"}],"wp:attachment":[{"href":"https:\/\/www.cinc.com\/es\/wp-json\/wp\/v2\/media?parent=29979"}],"wp:term":[{"taxonomy":"category","embeddable":true,"href":"https:\/\/www.cinc.com\/es\/wp-json\/wp\/v2\/categories?post=29979"},{"taxonomy":"post_tag","embeddable":true,"href":"https:\/\/www.cinc.com\/es\/wp-json\/wp\/v2\/tags?post=29979"}],"curies":[{"name":"wp","href":"https:\/\/api.w.org\/{rel}","templated":true}]}}