{"id":29539,"date":"2025-04-11T12:10:16","date_gmt":"2025-04-11T11:10:16","guid":{"rendered":"https:\/\/www.cinc.com\/?p=29539"},"modified":"2025-04-14T14:01:00","modified_gmt":"2025-04-14T13:01:00","slug":"entrevista-a-alpinaluz","status":"publish","type":"post","link":"https:\/\/www.cinc.com\/es\/entrevista-a-alpinaluz\/","title":{"rendered":"Entrevista a Alpinaluz"},"content":{"rendered":"\n<p><strong>A\u00f1o de fundaci\u00f3n<\/strong>: 2023<\/p>\n\n\n\n<p><strong>Sector<\/strong>: Iluminaci\u00f3n decorativa y t\u00e9cnica para hogares, comercios y proyectos profesionales.<\/p>\n\n\n\n<p><strong>Ubicaci\u00f3n<\/strong>: Cardedeu (Barcelona)<\/p>\n\n\n\n<p><strong>Sitio web<\/strong>: <a href=\"https:\/\/www.alpinaluz.com\/\">https:\/\/www.alpinaluz.com\/<\/a><\/p>\n\n\n\n<p><\/p>\n\n\n\n<h3 class=\"wp-block-heading\">\u00bfA qu\u00e9 se dedica Alpinaluz y c\u00f3mo surgi\u00f3 su creaci\u00f3n?<\/h3>\n\n\n\n<p><strong>ALPINALUZ<\/strong>&nbsp;es una empresa especializada en soluciones de iluminaci\u00f3n decorativa y t\u00e9cnica para hogares, comercios y proyectos profesionales. Naci\u00f3 con el prop\u00f3sito de ofrecer productos de iluminaci\u00f3n de dise\u00f1o, eficientes y accesibles, eliminando intermediarios. Nuestra creaci\u00f3n responde a una pasi\u00f3n por la luz y por mejorar los espacios de nuestros clientes con soluciones pr\u00e1cticas, est\u00e9ticas y sostenibles.<\/p>\n\n\n\n<p><\/p>\n\n\n\n<h3 class=\"wp-block-heading\">Ofrec\u00e9is productos de iluminaci\u00f3n directa de f\u00e1brica. \u00bfC\u00f3mo beneficia este modelo a vuestros clientes en precio y calidad?<\/h3>\n\n\n\n<p>Al trabajar de forma directa con f\u00e1brica, en&nbsp;<strong>ALPINALUZ<\/strong>&nbsp;controlamos todo el proceso: dise\u00f1o, fabricaci\u00f3n y venta. Esto nos permite ofrecer productos con una&nbsp;<strong>excelente relaci\u00f3n calidad-precio<\/strong>, sin sobrecostes por distribuci\u00f3n. Adem\u00e1s, al no depender de terceros, aseguramos la&nbsp;<strong>consistencia en la calidad<\/strong>, adapt\u00e1ndonos r\u00e1pidamente a las necesidades del mercado y ofreciendo productos fiables y con garant\u00edas.<\/p>\n\n\n\n<p><\/p>\n\n\n\n<h3 class=\"wp-block-heading\">Vuestros cat\u00e1logos abarcan desde iluminaci\u00f3n interior hasta soluciones profesionales. \u00bfC\u00f3mo seleccion\u00e1is los productos que ofrec\u00e9is para satisfacer las diversas necesidades de los clientes?<\/h3>\n\n\n\n<p>En ALPINALUZ seleccionamos cada producto con un enfoque muy cuidado. Nos guiamos por&nbsp;<strong>las tendencias de dise\u00f1o, las exigencias t\u00e9cnicas y la funcionalidad real<\/strong>&nbsp;que buscan nuestros clientes. Siempre evaluamos cada producto antes de incluirlo en nuestro cat\u00e1logo, asegurando que cumpla con criterios de est\u00e9tica, eficiencia y durabilidad. Adem\u00e1s, valoramos mucho la experiencia del usuario y el impacto ambiental de cada soluci\u00f3n.<\/p>\n\n\n\n<p><\/p>\n\n\n\n<h3 class=\"wp-block-heading\">Para quienes buscan mejorar la iluminaci\u00f3n de su hogar o negocio, \u00bfqu\u00e9 recomendaciones b\u00e1sicas les dar\u00edan para tomar decisiones acertadas?<\/h3>\n\n\n\n<p>Recomendamos tener en cuenta tres claves:<\/p>\n\n\n\n<ol start=\"1\" class=\"wp-block-list\">\n<li><strong>Definir el uso del espacio.<\/strong>&nbsp;No es lo mismo iluminar un sal\u00f3n que un pasillo o una oficina.<\/li>\n\n\n\n<li><strong>Elegir la temperatura de color adecuada.<\/strong>&nbsp;Las luces c\u00e1lidas (2700\u20133000K) son ideales para el hogar; las neutras o fr\u00edas (4000\u20136000K) para zonas de trabajo.<\/li>\n\n\n\n<li><strong>Combinar capas de luz.<\/strong>&nbsp;Una buena iluminaci\u00f3n no solo es funcional, tambi\u00e9n aporta ambiente. Mezclar luz general, puntual y decorativa siempre mejora el resultado.<br><\/li>\n<\/ol>\n\n\n\n<h3 class=\"wp-block-heading\">Os mostr\u00e1is orgullosos de haber iluminado Rac\u00f3 dels Campions del campo de f\u00fatbol de Bufal\u00e0. \u00bfC\u00f3mo surgi\u00f3 esta iniciativa y qu\u00e9 significa para vosotros apoyar proyectos comunitarios?<\/h3>\n\n\n\n<p>El&nbsp;<strong>Rac\u00f3 dels Campions<\/strong>&nbsp;representa una historia de esfuerzo y orgullo local. Como empresa con ra\u00edces en Badalona, para ALPINALUZ fue un honor poder colaborar en este proyecto. La iniciativa surgi\u00f3 a trav\u00e9s del v\u00ednculo con la comunidad y refleja nuestro compromiso con los valores sociales, el deporte y el entorno. Creemos que la luz tambi\u00e9n puede contar historias y destacar lo mejor de nuestros barrios.<\/p>\n\n\n\n<p><\/p>\n\n\n\n<h3 class=\"wp-block-heading\">El comercio online ofrece muchas oportunidades para llegar a m\u00e1s clientes. \u00bfCu\u00e1les han sido los principales retos en este \u00e1mbito y c\u00f3mo hab\u00e9is logrado aprovechar al m\u00e1ximo sus ventajas?<\/h3>\n\n\n\n<p>El mayor reto ha sido transmitir&nbsp;<strong>la calidad del producto sin contacto f\u00edsico<\/strong>. Para afrontarlo, hemos trabajado en mejorar nuestras descripciones, im\u00e1genes, v\u00eddeos y atenci\u00f3n al cliente.<br>A trav\u00e9s de nuestra tienda online y los marketplaces,&nbsp;<strong>ALPINALUZ<\/strong>&nbsp;ha podido crecer, exportar a varios pa\u00edses y entender mejor las preferencias de cada perfil de cliente. Aprovechamos el canal digital para estar m\u00e1s cerca, responder m\u00e1s r\u00e1pido y adaptarnos mejor.<br><\/p>\n\n\n\n<h3 class=\"wp-block-heading\">\u00bfQu\u00e9 es lo que m\u00e1s valor\u00e1is de CINC Asesor\u00eda?<\/h3>\n\n\n\n<p>Lo que m\u00e1s valoramos de&nbsp;<strong>CINC Asesor\u00eda<\/strong>&nbsp;es su&nbsp;<strong>atenci\u00f3n personalizada, su compromiso y su eficiencia<\/strong>. Nos asesoran con claridad, resuelven dudas con rapidez y nos ayudan a tomar decisiones estrat\u00e9gicas con confianza. Sentimos que tenemos un equipo de apoyo que se involucra en nuestro crecimiento y nos acompa\u00f1a en los retos del d\u00eda a d\u00eda.<\/p>\n\n\n\n<p><\/p>\n","protected":false},"excerpt":{"rendered":"<p>Desde Cardedeu, Alpina Luz ilumina hogares, comercios y proyectos profesionales combinando dise\u00f1o y eficiencia. Hablamos con su equipo para descubrir c\u00f3mo nace su pasi\u00f3n por la luz, qu\u00e9 hay detr\u00e1s de su modelo directo de venta sin intermediarios y por qu\u00e9 creen que una buena iluminaci\u00f3n no solo transforma espacios, sino que tambi\u00e9n puede fortalecer comunidades.<\/p>\n","protected":false},"author":302,"featured_media":29540,"comment_status":"open","ping_status":"open","sticky":false,"template":"","format":"standard","meta":{"_acf_changed":false,"_uag_custom_page_level_css":"","_jetpack_memberships_contains_paid_content":false,"footnotes":""},"categories":[70],"tags":[],"class_list":["post-29539","post","type-post","status-publish","format-standard","has-post-thumbnail","hentry","category-entrevistas"],"acf":[],"jetpack_featured_media_url":"https:\/\/www.cinc.com\/wp-content\/uploads\/ee-2.jpg","uagb_featured_image_src":{"full":["https:\/\/www.cinc.com\/wp-content\/uploads\/ee-2.jpg",1920,1080,false],"thumbnail":["https:\/\/www.cinc.com\/wp-content\/uploads\/ee-2-150x150.jpg",150,150,true],"medium":["https:\/\/www.cinc.com\/wp-content\/uploads\/ee-2-300x169.jpg",300,169,true],"medium_large":["https:\/\/www.cinc.com\/wp-content\/uploads\/ee-2-768x432.jpg",768,432,true],"large":["https:\/\/www.cinc.com\/wp-content\/uploads\/ee-2-1024x576.jpg",960,540,true],"1536x1536":["https:\/\/www.cinc.com\/wp-content\/uploads\/ee-2-1536x864.jpg",1536,864,true],"2048x2048":["https:\/\/www.cinc.com\/wp-content\/uploads\/ee-2.jpg",1920,1080,false],"gform-image-choice-sm":["https:\/\/www.cinc.com\/wp-content\/uploads\/ee-2.jpg",300,169,false],"gform-image-choice-md":["https:\/\/www.cinc.com\/wp-content\/uploads\/ee-2.jpg",400,225,false],"gform-image-choice-lg":["https:\/\/www.cinc.com\/wp-content\/uploads\/ee-2.jpg",600,338,false]},"uagb_author_info":{"display_name":"Houda","author_link":"https:\/\/www.cinc.com\/es\/author\/houda\/"},"uagb_comment_info":0,"uagb_excerpt":"Desde Cardedeu, Alpina Luz ilumina hogares, comercios y proyectos profesionales combinando dise\u00f1o y eficiencia. Hablamos con su equipo para descubrir c\u00f3mo nace su pasi\u00f3n por la luz, qu\u00e9 hay detr\u00e1s de su modelo directo de venta sin intermediarios y por qu\u00e9 creen que una buena iluminaci\u00f3n no solo transforma espacios, sino que tambi\u00e9n puede fortalecer&hellip;","jetpack_sharing_enabled":true,"_links":{"self":[{"href":"https:\/\/www.cinc.com\/es\/wp-json\/wp\/v2\/posts\/29539","targetHints":{"allow":["GET"]}}],"collection":[{"href":"https:\/\/www.cinc.com\/es\/wp-json\/wp\/v2\/posts"}],"about":[{"href":"https:\/\/www.cinc.com\/es\/wp-json\/wp\/v2\/types\/post"}],"author":[{"embeddable":true,"href":"https:\/\/www.cinc.com\/es\/wp-json\/wp\/v2\/users\/302"}],"replies":[{"embeddable":true,"href":"https:\/\/www.cinc.com\/es\/wp-json\/wp\/v2\/comments?post=29539"}],"version-history":[{"count":3,"href":"https:\/\/www.cinc.com\/es\/wp-json\/wp\/v2\/posts\/29539\/revisions"}],"predecessor-version":[{"id":29621,"href":"https:\/\/www.cinc.com\/es\/wp-json\/wp\/v2\/posts\/29539\/revisions\/29621"}],"wp:featuredmedia":[{"embeddable":true,"href":"https:\/\/www.cinc.com\/es\/wp-json\/wp\/v2\/media\/29540"}],"wp:attachment":[{"href":"https:\/\/www.cinc.com\/es\/wp-json\/wp\/v2\/media?parent=29539"}],"wp:term":[{"taxonomy":"category","embeddable":true,"href":"https:\/\/www.cinc.com\/es\/wp-json\/wp\/v2\/categories?post=29539"},{"taxonomy":"post_tag","embeddable":true,"href":"https:\/\/www.cinc.com\/es\/wp-json\/wp\/v2\/tags?post=29539"}],"curies":[{"name":"wp","href":"https:\/\/api.w.org\/{rel}","templated":true}]}}