{"id":29479,"date":"2025-04-07T14:19:05","date_gmt":"2025-04-07T13:19:05","guid":{"rendered":"https:\/\/www.cinc.com\/?p=29479"},"modified":"2025-04-10T09:17:13","modified_gmt":"2025-04-10T08:17:13","slug":"el-reglamento-verifactu-retrasa-su-entrada-en-vigor-hasta-2026","status":"publish","type":"post","link":"https:\/\/www.cinc.com\/es\/el-reglamento-verifactu-retrasa-su-entrada-en-vigor-hasta-2026\/","title":{"rendered":"El Reglamento Verifactu retrasa su entrada en vigor hasta 2026"},"content":{"rendered":"\n<p>El Gobierno ha anunciado la modificaci\u00f3n de los plazos de implementaci\u00f3n del Reglamento Verifactu, que establece los requisitos para los sistemas y programas inform\u00e1ticos de facturaci\u00f3n utilizados por empresarios y profesionales. Esta decisi\u00f3n busca otorgar m\u00e1s tiempo a los obligados tributarios para adaptarse a las nuevas exigencias y garantizar una transici\u00f3n ordenada.\u200b<\/p>\n\n\n\n<h2 class=\"wp-block-heading\">Nuevos plazos de implementaci\u00f3n<\/h2>\n\n\n\n<p>Inicialmente, el Reglamento Verifactu contemplaba que los productores y comercializadores de software de facturaci\u00f3n adaptaran sus productos antes del 29 de julio de 2025, mientras que los usuarios finales deb\u00edan tener operativos estos sistemas para el 1 de julio de 2025. Sin embargo, esta programaci\u00f3n presentaba una incongruencia, ya que los usuarios deb\u00edan cumplir con la normativa antes que los propios desarrolladores.\u200b<\/p>\n\n\n\n<p>Para corregir esta situaci\u00f3n, se ha propuesto un nuevo calendario de implementaci\u00f3n escalonado:\u200b<\/p>\n\n\n\n<ul class=\"wp-block-list\">\n<li><strong>1 de enero de 2026<\/strong>: Entrada en vigor para contribuyentes del Impuesto sobre Sociedades (personas jur\u00eddicas).<\/li>\n\n\n\n<li><strong>1 de julio de 2026<\/strong>: Entrada en vigor para el resto de obligados tributarios, incluyendo personas f\u00edsicas.<\/li>\n<\/ul>\n\n\n\n<p>Este ajuste permite que los desarrolladores de software dispongan del tiempo necesario para adaptar sus productos, y que los usuarios finales puedan implementar las soluciones actualizadas de manera efectiva. \u200b<\/p>\n\n\n\n<h2 class=\"wp-block-heading\">Objetivos del Reglamento Verifactu<\/h2>\n\n\n\n<p>El Reglamento Verifactu tiene como finalidad principal garantizar la integridad, conservaci\u00f3n, accesibilidad, legibilidad, trazabilidad e inalterabilidad de los registros de facturaci\u00f3n. Esto se enmarca en los esfuerzos por combatir el fraude fiscal y promover la transparencia en las transacciones econ\u00f3micas. Adem\u00e1s, se contempla la posibilidad de remitir los registros de facturaci\u00f3n a la Agencia Estatal de Administraci\u00f3n Tributaria (AEAT) de forma voluntaria, facilitando as\u00ed la supervisi\u00f3n y control por parte de la administraci\u00f3n tributaria. \u200b<\/p>\n\n\n\n<h2 class=\"wp-block-heading\">Recomendaciones para empresas y profesionales<\/h2>\n\n\n\n<p><\/p>\n\n\n\n<p>Ante estos cambios, es esencial que las empresas y profesionales:\u200b<\/p>\n\n\n\n<ul class=\"wp-block-list\">\n<li>Mantengan una comunicaci\u00f3n constante con sus proveedores de software de facturaci\u00f3n para asegurarse de que las actualizaciones necesarias se implementen dentro de los nuevos plazos establecidos.\u200b<\/li>\n\n\n\n<li>Planifiquen con antelaci\u00f3n la adaptaci\u00f3n de sus sistemas y procesos internos para cumplir con los requisitos del Reglamento Verifactu.\u200b<\/li>\n\n\n\n<li>Est\u00e9n atentos a futuras comunicaciones oficiales que confirmen las fechas definitivas y proporcionen detalles adicionales sobre la implementaci\u00f3n.\u200b<\/li>\n<\/ul>\n\n\n\n<p>Para obtener asesoramiento personalizado sobre c\u00f3mo estas modificaciones pueden afectar a su empresa o actividad profesional, el equipo del departamento fiscal de CINC Asesor\u00eda est\u00e1 a su disposici\u00f3n. No dudes en ponerte en contacto con nosotros para recibir informaci\u00f3n detallada y orientaci\u00f3n adaptada a su situaci\u00f3n espec\u00edfica.<\/p>\n\n\n\n<div class=\"wp-block-uagb-buttons uagb-buttons__outer-wrap uagb-btn__default-btn uagb-btn-tablet__default-btn uagb-btn-mobile__default-btn uagb-block-f94e8124\"><div class=\"uagb-buttons__wrap uagb-buttons-layout-wrap \">\n<div class=\"wp-block-uagb-buttons-child uagb-buttons__outer-wrap uagb-block-e5a0e131 wp-block-button\"><div class=\"uagb-button__wrapper\"><a class=\"uagb-buttons-repeater wp-block-button__link\" aria-label=\"\" href=\"https:\/\/www.cinc.com\/es\/contacto\/\" rel=\"follow noopener\" target=\"_blank\" role=\"button\"><div class=\"uagb-button__link\">Contacta<\/div><\/a><\/div><\/div>\n<\/div><\/div>\n\n\n\n<p><\/p>\n","protected":false},"excerpt":{"rendered":"<p>El Gobierno ha establecido nuevos plazos de implementaci\u00f3n del Reglamento VeriFactu. Te explicamos con detalle cu\u00e1ndo est\u00e1 previsto llevar a cabo su entrada en vigor. <\/p>\n","protected":false},"author":8,"featured_media":29483,"comment_status":"open","ping_status":"open","sticky":false,"template":"","format":"standard","meta":{"_acf_changed":false,"_uag_custom_page_level_css":"","_jetpack_memberships_contains_paid_content":false,"footnotes":""},"categories":[26,2],"tags":[78],"class_list":["post-29479","post","type-post","status-publish","format-standard","has-post-thumbnail","hentry","category-asesoria","category-sin-categorizar","tag-fiscalidad"],"acf":[],"jetpack_featured_media_url":"https:\/\/www.cinc.com\/wp-content\/uploads\/nuevo-plazo-verifactu.webp","uagb_featured_image_src":{"full":["https:\/\/www.cinc.com\/wp-content\/uploads\/nuevo-plazo-verifactu.webp",1920,1080,false],"thumbnail":["https:\/\/www.cinc.com\/wp-content\/uploads\/nuevo-plazo-verifactu-150x150.webp",150,150,true],"medium":["https:\/\/www.cinc.com\/wp-content\/uploads\/nuevo-plazo-verifactu-300x169.webp",300,169,true],"medium_large":["https:\/\/www.cinc.com\/wp-content\/uploads\/nuevo-plazo-verifactu-768x432.webp",768,432,true],"large":["https:\/\/www.cinc.com\/wp-content\/uploads\/nuevo-plazo-verifactu-1024x576.webp",960,540,true],"1536x1536":["https:\/\/www.cinc.com\/wp-content\/uploads\/nuevo-plazo-verifactu-1536x864.webp",1536,864,true],"2048x2048":["https:\/\/www.cinc.com\/wp-content\/uploads\/nuevo-plazo-verifactu.webp",1920,1080,false],"gform-image-choice-sm":["https:\/\/www.cinc.com\/wp-content\/uploads\/nuevo-plazo-verifactu.webp",300,169,false],"gform-image-choice-md":["https:\/\/www.cinc.com\/wp-content\/uploads\/nuevo-plazo-verifactu.webp",400,225,false],"gform-image-choice-lg":["https:\/\/www.cinc.com\/wp-content\/uploads\/nuevo-plazo-verifactu.webp",600,338,false]},"uagb_author_info":{"display_name":"F\u00e0tima Duran","author_link":"https:\/\/www.cinc.com\/es\/author\/fatima\/"},"uagb_comment_info":0,"uagb_excerpt":"El Gobierno ha establecido nuevos plazos de implementaci\u00f3n del Reglamento VeriFactu. Te explicamos con detalle cu\u00e1ndo est\u00e1 previsto llevar a cabo su entrada en vigor.","jetpack_sharing_enabled":true,"_links":{"self":[{"href":"https:\/\/www.cinc.com\/es\/wp-json\/wp\/v2\/posts\/29479","targetHints":{"allow":["GET"]}}],"collection":[{"href":"https:\/\/www.cinc.com\/es\/wp-json\/wp\/v2\/posts"}],"about":[{"href":"https:\/\/www.cinc.com\/es\/wp-json\/wp\/v2\/types\/post"}],"author":[{"embeddable":true,"href":"https:\/\/www.cinc.com\/es\/wp-json\/wp\/v2\/users\/8"}],"replies":[{"embeddable":true,"href":"https:\/\/www.cinc.com\/es\/wp-json\/wp\/v2\/comments?post=29479"}],"version-history":[{"count":2,"href":"https:\/\/www.cinc.com\/es\/wp-json\/wp\/v2\/posts\/29479\/revisions"}],"predecessor-version":[{"id":29516,"href":"https:\/\/www.cinc.com\/es\/wp-json\/wp\/v2\/posts\/29479\/revisions\/29516"}],"wp:featuredmedia":[{"embeddable":true,"href":"https:\/\/www.cinc.com\/es\/wp-json\/wp\/v2\/media\/29483"}],"wp:attachment":[{"href":"https:\/\/www.cinc.com\/es\/wp-json\/wp\/v2\/media?parent=29479"}],"wp:term":[{"taxonomy":"category","embeddable":true,"href":"https:\/\/www.cinc.com\/es\/wp-json\/wp\/v2\/categories?post=29479"},{"taxonomy":"post_tag","embeddable":true,"href":"https:\/\/www.cinc.com\/es\/wp-json\/wp\/v2\/tags?post=29479"}],"curies":[{"name":"wp","href":"https:\/\/api.w.org\/{rel}","templated":true}]}}