{"id":29471,"date":"2025-04-07T12:18:31","date_gmt":"2025-04-07T11:18:31","guid":{"rendered":"https:\/\/www.cinc.com\/?p=29471"},"modified":"2025-04-10T09:15:07","modified_gmt":"2025-04-10T08:15:07","slug":"nuevas-medidas-fiscales-para-jovenes-colectivos-vulnerables-y-empresas-todos-los-cambios-clave","status":"publish","type":"post","link":"https:\/\/www.cinc.com\/es\/nuevas-medidas-fiscales-para-jovenes-colectivos-vulnerables-y-empresas-todos-los-cambios-clave\/","title":{"rendered":"Nuevas medidas fiscales para j\u00f3venes, colectivos vulnerables y empresas: todos los cambios clave"},"content":{"rendered":"\n<p>El Govern de la Generalitat ha aprobado un nuevo paquete de medidas fiscales a trav\u00e9s de dos decretos ley con el objetivo de beneficiar especialmente a los j\u00f3venes, las personas con rentas bajas, otros colectivos vulnerables y a las empresas. Estas reformas incluyen modificaciones en varios impuestos, como el Impuesto sobre Transmisiones Patrimoniales y Actos Jur\u00eddicos Documentados (ITP y AJD), el Impuesto sobre Sucesiones y Donaciones, el Impuesto sobre la Renta de las Personas F\u00edsicas (IRPF), as\u00ed como en el impuesto sobre las estancias en establecimientos tur\u00edsticos y tributos aplicables al sector p\u00fablico y empresarial. A continuaci\u00f3n, te explicamos en qu\u00e9 consisten las medidas aprobadas:<\/p>\n\n\n\n<h2 class=\"wp-block-heading\">1. Reducci\u00f3n del Impuesto sobre Transmisiones Patrimoniales  (ITP)<\/h2>\n\n\n\n<ul class=\"wp-block-list\">\n<li>&nbsp;Se eleva de 32 a 35 a\u00f1os la edad en la que los j\u00f3venes pueden beneficiarse del tipo reducido del 5% en la compra de vivienda habitual.<\/li>\n\n\n\n<li>Se incluye un tipo reducido del 5% para v\u00edctimas de violencia machista en la compra de vivienda habitual.<\/li>\n\n\n\n<li>Para la compra de inmuebles de valor elevado, se crean dos nuevos tramos: del 12% entre 900.000\u20ac y 1,5 millones de euros, y del 13% si el valor es superior a 1,5 millones.<\/li>\n\n\n\n<li>Para grandes tenedores, se establece un tipo del 20% en la adquisici\u00f3n de inmuebles.<\/li>\n<\/ul>\n\n\n\n<h2 class=\"wp-block-heading\">2. Impuesto de Actos Jur\u00eddicos Documentados (AJD)<\/h2>\n\n\n\n<ul class=\"wp-block-list\">\n<li> Bonificaci\u00f3n del 100% en AJD para facilitar el acceso a la vivienda a menores de 35 a\u00f1os cuando la compra est\u00e1 sujeta a IVA.<\/li>\n<\/ul>\n\n\n\n<ul class=\"wp-block-list\">\n<li>Bonificaci\u00f3n del 50% en operaciones sujetas a IVA: transmisi\u00f3n de edificios de oficinas sin terminar para destinarlos a vivienda protegida, as\u00ed como de inmuebles que vayan a ser sede social o centro de trabajo de empresas.<\/li>\n<\/ul>\n\n\n\n<ul class=\"wp-block-list\">\n<li>&nbsp;Tambi\u00e9n se aplica un tipo del 3,5% en la transmisi\u00f3n de inmuebles entre empresas cuando se renuncia a la exenci\u00f3n del IVA.<\/li>\n<\/ul>\n\n\n\n<h2 class=\"wp-block-heading\">3. Modificaciones en el Impuesto sobre Sucesiones y Donaciones<\/h2>\n\n\n\n<ul class=\"wp-block-list\">\n<li>Reducci\u00f3n del 95% en la donaci\u00f3n de vivienda habitual o del dinero para adquirirla a v\u00edctimas de violencia machista. Esta reducci\u00f3n puede alcanzar un m\u00e1ximo de 100.000 euros, o 200.000 euros en caso de una discapacidad igual o superior al 65%.<\/li>\n\n\n\n<li>Bonificaci\u00f3n del 99% de la cuota en sucesiones a herederos de una v\u00edctima de violencia machista. Se introducen nuevos tramos de reducci\u00f3n en este impuesto para favorecer la transmisi\u00f3n del patrimonio familiar a descendientes y c\u00f3nyuges. Adem\u00e1s, se incrementan las bonificaciones para herederos que cumplan ciertas condiciones econ\u00f3micas y sociales, lo que beneficia especialmente a las empresas familiares y facilita su continuidad.<\/li>\n<\/ul>\n\n\n\n<h2 class=\"wp-block-heading\">4. Aumento del impuesto sobre las estancias en establecimientos tur\u00edsticos (IEET)<\/h2>\n\n\n\n<ul class=\"wp-block-list\">\n<li>Se incluye un incremento del impuesto tur\u00edstico, que duplicar\u00e1 su importe actual (el pago oscila entre 1,2\u20ac y 7\u20ac por noche).<\/li>\n\n\n\n<li>El 25% de la recaudaci\u00f3n se destinar\u00e1 a pol\u00edticas de vivienda de la Generalitat.<\/li>\n\n\n\n<li>Se habilita a los ayuntamientos para aprobar un recargo municipal de hasta 4\u20ac por persona y noche. En Barcelona, este recargo puede ampliarse hasta los 8\u20ac por persona y noche.<\/li>\n<\/ul>\n\n\n\n<h2 class=\"wp-block-heading\">5. Reducci\u00f3n del IRPF para rentas bajas<\/h2>\n\n\n\n<p>Para j\u00f3venes, personas desempleadas, viudos\/as y personas con discapacidad:<\/p>\n\n\n\n<ul class=\"wp-block-list\">\n<li>Se incrementa hasta los 35 a\u00f1os el l\u00edmite de edad para deducirse el alquiler, con una deducci\u00f3n m\u00e1xima que pasa de 300 a 500 euros, y hasta 1000 euros en caso de tributaci\u00f3n conjunta, familias numerosas o monoparentales.<\/li>\n\n\n\n<li>El l\u00edmite de renta se incrementa de 20.000 a 30.000 euros (equivalente a un salario bruto de entre 35.000 y 40.000 euros).<\/li>\n\n\n\n<li>Ya no es necesario que el alquiler supere el 10% de la renta para aplicar la deducci\u00f3n.<\/li>\n\n\n\n<li>Para v\u00edctimas de violencia machista, se crea una nueva deducci\u00f3n de hasta el 20%, con un l\u00edmite de 1.000 euros (que puede llegar a 1.200 euros en caso de discapacidad igual o superior al 65%).<\/li>\n<\/ul>\n\n\n\n<h2 class=\"wp-block-heading\">5. Tributos sobre el sector p\u00fablico y empresarial <\/h2>\n\n\n\n<p>Se modifica la normativa reguladora para incluir a personas f\u00edsicas entre los beneficiarios de pr\u00e9stamos, especialmente en el \u00e1mbito de la vivienda protegida, la sostenibilidad y la protecci\u00f3n medioambiental.<\/p>\n\n\n\n<p>Tambi\u00e9n se proponen cambios en la fiscalidad de las empresas p\u00fablicas y otras entidades del sector, con el objetivo de optimizar recursos y garantizar una mejor gesti\u00f3n econ\u00f3mica.<\/p>\n\n\n\n<h2 class=\"wp-block-heading\">Contacta con CINC Asesor\u00eda para m\u00e1s informaci\u00f3n<\/h2>\n\n\n\n<p>Si tienes dudas sobre c\u00f3mo estas medidas pueden afectar a tu empresa o situaci\u00f3n fiscal, nuestro equipo de expertos de CINC Asesor\u00eda est\u00e1 a tu disposici\u00f3n. Contacta con nosotros para obtener asesoramiento personalizado y resolver cualquier cuesti\u00f3n fiscal que puedas tener.<\/p>\n\n\n\n<div class=\"wp-block-uagb-buttons uagb-buttons__outer-wrap uagb-btn__default-btn uagb-btn-tablet__default-btn uagb-btn-mobile__default-btn uagb-block-bed89cb1\"><div class=\"uagb-buttons__wrap uagb-buttons-layout-wrap \">\n<div class=\"wp-block-uagb-buttons-child uagb-buttons__outer-wrap uagb-block-53a7a6ec wp-block-button\"><div class=\"uagb-button__wrapper\"><a class=\"uagb-buttons-repeater wp-block-button__link\" aria-label=\"\" href=\"https:\/\/www.cinc.com\/es\/contacto\/\" rel=\"follow noopener\" target=\"_blank\" role=\"button\"><div class=\"uagb-button__link\">Contacta<\/div><\/a><\/div><\/div>\n<\/div><\/div>\n\n\n\n<p><\/p>\n","protected":false},"excerpt":{"rendered":"<p>Te explicamos con detalle en qu\u00e9 consiste el nuevo paquete de medidas de la Generalitat que incluyen modificaciones en el ITP y el AJD, Sucesiones y Donaciones, IRPF y estancias en establecimientos tur\u00edsticos.<\/p>\n","protected":false},"author":8,"featured_media":29469,"comment_status":"open","ping_status":"open","sticky":false,"template":"","format":"standard","meta":{"_acf_changed":false,"_uag_custom_page_level_css":"","_jetpack_memberships_contains_paid_content":false,"footnotes":""},"categories":[194],"tags":[],"class_list":["post-29471","post","type-post","status-publish","format-standard","has-post-thumbnail","hentry","category-general"],"acf":[],"jetpack_featured_media_url":"https:\/\/www.cinc.com\/wp-content\/uploads\/Noves-mesures-fiscals-generalitat-2025.webp","uagb_featured_image_src":{"full":["https:\/\/www.cinc.com\/wp-content\/uploads\/Noves-mesures-fiscals-generalitat-2025.webp",1920,1080,false],"thumbnail":["https:\/\/www.cinc.com\/wp-content\/uploads\/Noves-mesures-fiscals-generalitat-2025-150x150.webp",150,150,true],"medium":["https:\/\/www.cinc.com\/wp-content\/uploads\/Noves-mesures-fiscals-generalitat-2025-300x169.webp",300,169,true],"medium_large":["https:\/\/www.cinc.com\/wp-content\/uploads\/Noves-mesures-fiscals-generalitat-2025-768x432.webp",768,432,true],"large":["https:\/\/www.cinc.com\/wp-content\/uploads\/Noves-mesures-fiscals-generalitat-2025-1024x576.webp",960,540,true],"1536x1536":["https:\/\/www.cinc.com\/wp-content\/uploads\/Noves-mesures-fiscals-generalitat-2025-1536x864.webp",1536,864,true],"2048x2048":["https:\/\/www.cinc.com\/wp-content\/uploads\/Noves-mesures-fiscals-generalitat-2025.webp",1920,1080,false],"gform-image-choice-sm":["https:\/\/www.cinc.com\/wp-content\/uploads\/Noves-mesures-fiscals-generalitat-2025.webp",300,169,false],"gform-image-choice-md":["https:\/\/www.cinc.com\/wp-content\/uploads\/Noves-mesures-fiscals-generalitat-2025.webp",400,225,false],"gform-image-choice-lg":["https:\/\/www.cinc.com\/wp-content\/uploads\/Noves-mesures-fiscals-generalitat-2025.webp",600,338,false]},"uagb_author_info":{"display_name":"F\u00e0tima Duran","author_link":"https:\/\/www.cinc.com\/es\/author\/fatima\/"},"uagb_comment_info":0,"uagb_excerpt":"Te explicamos con detalle en qu\u00e9 consiste el nuevo paquete de medidas de la Generalitat que incluyen modificaciones en el ITP y el AJD, Sucesiones y Donaciones, IRPF y estancias en establecimientos tur\u00edsticos.","jetpack_sharing_enabled":true,"_links":{"self":[{"href":"https:\/\/www.cinc.com\/es\/wp-json\/wp\/v2\/posts\/29471","targetHints":{"allow":["GET"]}}],"collection":[{"href":"https:\/\/www.cinc.com\/es\/wp-json\/wp\/v2\/posts"}],"about":[{"href":"https:\/\/www.cinc.com\/es\/wp-json\/wp\/v2\/types\/post"}],"author":[{"embeddable":true,"href":"https:\/\/www.cinc.com\/es\/wp-json\/wp\/v2\/users\/8"}],"replies":[{"embeddable":true,"href":"https:\/\/www.cinc.com\/es\/wp-json\/wp\/v2\/comments?post=29471"}],"version-history":[{"count":2,"href":"https:\/\/www.cinc.com\/es\/wp-json\/wp\/v2\/posts\/29471\/revisions"}],"predecessor-version":[{"id":29514,"href":"https:\/\/www.cinc.com\/es\/wp-json\/wp\/v2\/posts\/29471\/revisions\/29514"}],"wp:featuredmedia":[{"embeddable":true,"href":"https:\/\/www.cinc.com\/es\/wp-json\/wp\/v2\/media\/29469"}],"wp:attachment":[{"href":"https:\/\/www.cinc.com\/es\/wp-json\/wp\/v2\/media?parent=29471"}],"wp:term":[{"taxonomy":"category","embeddable":true,"href":"https:\/\/www.cinc.com\/es\/wp-json\/wp\/v2\/categories?post=29471"},{"taxonomy":"post_tag","embeddable":true,"href":"https:\/\/www.cinc.com\/es\/wp-json\/wp\/v2\/tags?post=29471"}],"curies":[{"name":"wp","href":"https:\/\/api.w.org\/{rel}","templated":true}]}}