{"id":29164,"date":"2025-03-13T12:22:54","date_gmt":"2025-03-13T11:22:54","guid":{"rendered":"https:\/\/www.cinc.com\/?p=29164"},"modified":"2025-03-18T11:08:17","modified_gmt":"2025-03-18T10:08:17","slug":"cinc-conmemora-el-dia-de-la-mujer","status":"publish","type":"post","link":"https:\/\/www.cinc.com\/es\/cinc-conmemora-el-dia-de-la-mujer\/","title":{"rendered":"CINC conmemora el D\u00eda de la Mujer con dos eventos inspiradores"},"content":{"rendered":"\n<p>El pasado 7 de marzo, en el marco del D\u00eda Internacional de la Mujer, <strong>CINC organiz\u00f3 dos eventos especiales dirigidos a mujeres<\/strong>, con el objetivo de fomentar su liderazgo y crecimiento personal y profesional.<\/p>\n\n\n\n<p>En <strong>CINC Barcelona<\/strong>, tuvimos el placer de contar con <strong>Juanita Acevedo<\/strong>, coach profesional experta en marca personal, quien imparti\u00f3 el taller <em>\u00abRe-conecta con tus valores y pasa a la acci\u00f3n\u00bb<\/em>. La sesi\u00f3n reuni\u00f3 a m\u00e1s de <strong>30 mujeres<\/strong>, en un espacio donde la energ\u00eda y la participaci\u00f3n fueron protagonistas. Juanita logr\u00f3 generar un ambiente inspirador, ayudando a las asistentes a redescubrir su prop\u00f3sito y potenciar su presencia profesional.<\/p>\n\n\n\n<p><\/p>\n\n\n\n<p><\/p>\n\n\n\n<figure class=\"wp-block-image size-large\"><img loading=\"lazy\" decoding=\"async\" width=\"1024\" height=\"576\" src=\"https:\/\/www.cinc.com\/wp-content\/uploads\/acte-juanita-acevedo-1024x576.webp\" alt=\"\" class=\"wp-image-29278\" srcset=\"https:\/\/www.cinc.com\/wp-content\/uploads\/acte-juanita-acevedo-1024x576.webp 1024w, https:\/\/www.cinc.com\/wp-content\/uploads\/acte-juanita-acevedo-300x169.webp 300w, https:\/\/www.cinc.com\/wp-content\/uploads\/acte-juanita-acevedo-768x432.webp 768w, https:\/\/www.cinc.com\/wp-content\/uploads\/acte-juanita-acevedo-1536x864.webp 1536w, https:\/\/www.cinc.com\/wp-content\/uploads\/acte-juanita-acevedo.webp 1920w\" sizes=\"auto, (max-width: 1024px) 100vw, 1024px\" \/><\/figure>\n\n\n\n<p><\/p>\n\n\n\n<figure class=\"wp-block-embed is-type-video is-provider-youtube wp-block-embed-youtube wp-embed-aspect-4-3 wp-has-aspect-ratio\"><div class=\"wp-block-embed__wrapper\">\n<iframe loading=\"lazy\" title=\"Taller D\u00eda de la Mujer en CINC: Inspiraci\u00f3n, Valores y Conexi\u00f3n \u2728\" width=\"960\" height=\"720\" src=\"https:\/\/www.youtube.com\/embed\/XBHGjyTu0S0?feature=oembed\" frameborder=\"0\" allow=\"accelerometer; autoplay; clipboard-write; encrypted-media; gyroscope; picture-in-picture; web-share\" referrerpolicy=\"strict-origin-when-cross-origin\" allowfullscreen><\/iframe>\n<\/div><\/figure>\n\n\n\n<p><\/p>\n\n\n\n<p>Por otro lado, en <strong>CINC Girona<\/strong>, en colaboraci\u00f3n con la <strong>AGE, Associaci\u00f3 Gironina de Dones Empres\u00e0ries,<\/strong> organizamos el taller <em>\u00abRespirar, Conectar, Re\u00edr\u00bb<\/em>, impartido por la coach certificada <strong>M\u00f3nica Aldegunde<\/strong>. A trav\u00e9s de t\u00e9cnicas de respiraci\u00f3n consciente, las asistentes vivieron una experiencia din\u00e1mica y transformadora, conectando con su bienestar y autoconocimiento.<\/p>\n\n\n\n<p><\/p>\n\n\n\n<figure class=\"wp-block-image size-large\"><img loading=\"lazy\" decoding=\"async\" width=\"1024\" height=\"576\" src=\"https:\/\/www.cinc.com\/wp-content\/uploads\/acte-monica-aldegunde-1024x576.webp\" alt=\"\" class=\"wp-image-29282\" srcset=\"https:\/\/www.cinc.com\/wp-content\/uploads\/acte-monica-aldegunde-1024x576.webp 1024w, https:\/\/www.cinc.com\/wp-content\/uploads\/acte-monica-aldegunde-300x169.webp 300w, https:\/\/www.cinc.com\/wp-content\/uploads\/acte-monica-aldegunde-768x432.webp 768w, https:\/\/www.cinc.com\/wp-content\/uploads\/acte-monica-aldegunde-1536x864.webp 1536w, https:\/\/www.cinc.com\/wp-content\/uploads\/acte-monica-aldegunde.webp 1920w\" sizes=\"auto, (max-width: 1024px) 100vw, 1024px\" \/><\/figure>\n\n\n\n<p><\/p>\n\n\n\n<p>Ambos encuentros finalizaron con una fant\u00e1stica sesi\u00f3n de <strong>networking y un brunch con copa de cava<\/strong>, una oportunidad \u00fanica para compartir experiencias y crear nuevas conexiones.<\/p>\n\n\n\n<p>Desde <strong>CINC reafirmamos nuestro compromiso con el liderazgo femenino<\/strong>, impulsando espacios donde las mujeres puedan desarrollarse y fortalecerse profesionalmente. \u00a1Seguimos trabajando para ofrecer m\u00e1s iniciativas que inspiren y potencien su crecimiento!<\/p>\n\n\n\n<p><\/p>\n","protected":false},"excerpt":{"rendered":"<p>En CINC celebramos el D\u00eda de la Mujer con eventos para impulsar el liderazgo y crecimiento femenino.<\/p>\n","protected":false},"author":302,"featured_media":29168,"comment_status":"open","ping_status":"open","sticky":false,"template":"","format":"standard","meta":{"_acf_changed":false,"_uag_custom_page_level_css":"","_jetpack_memberships_contains_paid_content":false,"footnotes":""},"categories":[209,30,1],"tags":[234,233],"class_list":["post-29164","post","type-post","status-publish","format-standard","has-post-thumbnail","hentry","category-eventos","category-grupo-cinc","category-uncategorized-ca","tag-dia-de-la-mujer","tag-eventos"],"acf":[],"jetpack_featured_media_url":"https:\/\/www.cinc.com\/wp-content\/uploads\/image00006.webp","uagb_featured_image_src":{"full":["https:\/\/www.cinc.com\/wp-content\/uploads\/image00006.webp",1920,1080,false],"thumbnail":["https:\/\/www.cinc.com\/wp-content\/uploads\/image00006-150x150.webp",150,150,true],"medium":["https:\/\/www.cinc.com\/wp-content\/uploads\/image00006-300x169.webp",300,169,true],"medium_large":["https:\/\/www.cinc.com\/wp-content\/uploads\/image00006-768x432.webp",768,432,true],"large":["https:\/\/www.cinc.com\/wp-content\/uploads\/image00006-1024x576.webp",960,540,true],"1536x1536":["https:\/\/www.cinc.com\/wp-content\/uploads\/image00006-1536x864.webp",1536,864,true],"2048x2048":["https:\/\/www.cinc.com\/wp-content\/uploads\/image00006.webp",1920,1080,false],"gform-image-choice-sm":["https:\/\/www.cinc.com\/wp-content\/uploads\/image00006.webp",300,169,false],"gform-image-choice-md":["https:\/\/www.cinc.com\/wp-content\/uploads\/image00006.webp",400,225,false],"gform-image-choice-lg":["https:\/\/www.cinc.com\/wp-content\/uploads\/image00006.webp",600,338,false]},"uagb_author_info":{"display_name":"Houda","author_link":"https:\/\/www.cinc.com\/es\/author\/houda\/"},"uagb_comment_info":0,"uagb_excerpt":"En CINC celebramos el D\u00eda de la Mujer con eventos para impulsar el liderazgo y crecimiento femenino.","jetpack_sharing_enabled":true,"_links":{"self":[{"href":"https:\/\/www.cinc.com\/es\/wp-json\/wp\/v2\/posts\/29164","targetHints":{"allow":["GET"]}}],"collection":[{"href":"https:\/\/www.cinc.com\/es\/wp-json\/wp\/v2\/posts"}],"about":[{"href":"https:\/\/www.cinc.com\/es\/wp-json\/wp\/v2\/types\/post"}],"author":[{"embeddable":true,"href":"https:\/\/www.cinc.com\/es\/wp-json\/wp\/v2\/users\/302"}],"replies":[{"embeddable":true,"href":"https:\/\/www.cinc.com\/es\/wp-json\/wp\/v2\/comments?post=29164"}],"version-history":[{"count":8,"href":"https:\/\/www.cinc.com\/es\/wp-json\/wp\/v2\/posts\/29164\/revisions"}],"predecessor-version":[{"id":29294,"href":"https:\/\/www.cinc.com\/es\/wp-json\/wp\/v2\/posts\/29164\/revisions\/29294"}],"wp:featuredmedia":[{"embeddable":true,"href":"https:\/\/www.cinc.com\/es\/wp-json\/wp\/v2\/media\/29168"}],"wp:attachment":[{"href":"https:\/\/www.cinc.com\/es\/wp-json\/wp\/v2\/media?parent=29164"}],"wp:term":[{"taxonomy":"category","embeddable":true,"href":"https:\/\/www.cinc.com\/es\/wp-json\/wp\/v2\/categories?post=29164"},{"taxonomy":"post_tag","embeddable":true,"href":"https:\/\/www.cinc.com\/es\/wp-json\/wp\/v2\/tags?post=29164"}],"curies":[{"name":"wp","href":"https:\/\/api.w.org\/{rel}","templated":true}]}}