{"id":29147,"date":"2025-03-13T11:26:43","date_gmt":"2025-03-13T10:26:43","guid":{"rendered":"https:\/\/www.cinc.com\/?p=29147"},"modified":"2025-03-18T13:16:02","modified_gmt":"2025-03-18T12:16:02","slug":"entrevista-a-la-fundacion-jubert-figueras","status":"publish","type":"post","link":"https:\/\/www.cinc.com\/es\/entrevista-a-la-fundacion-jubert-figueras\/","title":{"rendered":"Entrevista a la Fundaci\u00f3n Jubert Figueras"},"content":{"rendered":"\n<p><strong>Sector:<\/strong> Fundaci\u00f3n<br><strong>Ubicaci\u00f3n:<\/strong> Barcelona<br><strong>Sitio web:<\/strong> <a href=\"https:\/\/jubertfigueras.org\/\">https:\/\/jubertfigueras.org\/<\/a><br><\/p>\n\n\n\n<div class=\"wp-block-uagb-advanced-heading uagb-block-751c66ce\"><h2 class=\"uagb-heading-text\">\u00bfC\u00f3mo y con qu\u00e9 prop\u00f3sito naci\u00f3 la Fundaci\u00f3n Jubert Figueras?<\/h2><\/div>\n\n\n\n<p>Hace veinte a\u00f1os, Paola Jubert, fundadora de la FJF y actual directora, trabajaba como m\u00e9dica de cuidados intensivos. Una noche, mientras estaba de guardia en un hospital de Barcelona, ingres\u00f3 un hombre tras ser operado del coraz\u00f3n. Su esposa pudo entrar a la sala para visitarlo, pero cuando lleg\u00f3 la hora de marcharse, le manifest\u00f3 a Paola que se sent\u00eda desamparada y no ten\u00eda un lugar donde pasar la noche. Sus \u00fanicas opciones eran dormir en el suelo del hospital o en un banco de la calle.<\/p>\n\n\n\n<p>En ese momento, Paola Jubert busc\u00f3 un alojamiento econ\u00f3mico cercano para que la mujer pudiera descansar, pero qued\u00f3 impactada por la situaci\u00f3n: \u00bfc\u00f3mo se podr\u00eda facilitar que las personas que acompa\u00f1an a los enfermos reciban un trato digno mientras se encuentran desplazadas?<\/p>\n\n\n\n<p>Fundaci\u00f3n Jubert Figueras ofrece alojamiento digno a cuidadores desplazados para atender a un enfermo.<\/p>\n\n\n\n<p><\/p>\n\n\n\n<div class=\"wp-block-uagb-advanced-heading uagb-block-94f95a60\"><h2 class=\"uagb-heading-text\">Su enfoque es proporcionar alojamiento a familiares de personas hospitalizadas. \u00bfC\u00f3mo impacta este apoyo en la vida de las familias que atienden?<\/h2><\/div>\n\n\n\n<p>Los estudios demuestran que la presencia de una persona cuidadora favorece una mejor recuperaci\u00f3n del paciente. Sin embargo, para que la familia pueda brindar apoyo de manera adecuada, primero debe poder cubrir sus necesidades b\u00e1sicas. Contar con un alojamiento cerca del hospital les permite descansar, ducharse y preparar comida caliente, adem\u00e1s de compartir experiencias con otras familias cuidadoras desplazadas.<\/p>\n\n\n\n<p>En cuanto al impacto econ\u00f3mico, el precio medio de una noche de hotel en Barcelona es de 190 \u20ac (seg\u00fan el estudio de 2024 del Gremio Hotelero de Barcelona). El a\u00f1o pasado, la estancia media en nuestros apartamentos fue de 31 d\u00edas, lo que significa que, solo en alojamiento, hemos ahorrado 5.900 \u20ac por familia. Uno de nuestros valores fundacionales es evitar que los cuidadores desplazados caigan en riesgo de pobreza o tengan que solicitar pr\u00e9stamos para hacer frente a su situaci\u00f3n.<\/p>\n\n\n\n<p><\/p>\n\n\n\n<div class=\"wp-block-uagb-advanced-heading uagb-block-2469cfa0\"><h2 class=\"uagb-heading-text\">\u00bfCu\u00e1les son los principales retos a los que se enfrentan al ofrecer este servicio?<\/h2><\/div>\n\n\n\n<p>El principal reto es que la demanda supera ampliamente nuestra capacidad de alojamiento. De las 527 solicitudes que recibimos en 2024, casi la mitad (40%) no pudieron ser atendidas por falta de recursos habitacionales.<\/p>\n\n\n\n<p>Asimismo, la presi\u00f3n del mercado inmobiliario y la especulaci\u00f3n dificultan encontrar alojamientos adecuados para las familias: ya sea por el precio del alquiler, la proximidad al hospital o la conexi\u00f3n con el transporte p\u00fablico, as\u00ed como la accesibilidad para personas con movilidad reducida.<\/p>\n\n\n\n<p>Tambi\u00e9n es importante destacar que el alojamiento por s\u00ed solo no resuelve la situaci\u00f3n de vulnerabilidad de las familias, ya que se necesita un plan de integraci\u00f3n que incluya apoyo psicol\u00f3gico y social.<br><\/p>\n\n\n\n<div class=\"wp-block-uagb-advanced-heading uagb-block-d1146b81\"><h2 class=\"uagb-heading-text\">Trabajan en un \u00e1mbito muy humano y sensible. \u00bfPodr\u00edan compartir alguna historia que les haya marcado especialmente?<\/h2><\/div>\n\n\n\n<p>La familia P\u00e9rez Casas, compuesta por el padre, la madre y su hijo, residentes en EE.UU., estaba disfrutando de unas vacaciones de verano en Barcelona cuando la madre entr\u00f3 en labor de parto prematuro y necesit\u00f3 una ces\u00e1rea urgente. Ante esta situaci\u00f3n, y con un beb\u00e9 que deb\u00eda permanecer en la incubadora, la familia tuvo que quedarse en Catalu\u00f1a a la espera de su evoluci\u00f3n. Sin embargo, no pod\u00edan prolongar su estancia en el hotel, tanto por razones econ\u00f3micas como por la incertidumbre sobre el tiempo necesario.<\/p>\n\n\n\n<p>Desde la Fundaci\u00f3n Jubert Figueras, les proporcionamos alojamiento y apoyo durante cuatro meses, hasta que, en v\u00edsperas de Navidad, el equipo m\u00e9dico del hospital les dio el alta para que pudieran regresar a casa todos juntos.<br><\/p>\n\n\n\n<div class=\"wp-block-uagb-advanced-heading uagb-block-c8bf9ec0\"><h2 class=\"uagb-heading-text\">Adem\u00e1s del alojamiento, \u00bfofrecen otros tipos de apoyo o acompa\u00f1amiento a las familias?<\/h2><\/div>\n\n\n\n<p>S\u00ed, brindamos apoyo a nuestros cuidadores alojados, ya que a menudo enfrentan un doble impacto emocional: la enfermedad grave de su ser querido y el traslado desde su domicilio habitual. Contamos con un programa de acompa\u00f1amiento para las familias, gestionado por nuestro equipo de trabajo social y un grupo de voluntarios que proporcionan apoyo emocional y compa\u00f1\u00eda durante su estancia.<br><\/p>\n\n\n\n<div class=\"wp-block-uagb-advanced-heading uagb-block-99e8faa0\"><h2 class=\"uagb-heading-text\">\u00bfQu\u00e9 estrategias siguen para dar visibilidad a su trabajo y atraer m\u00e1s recursos?<\/h2><\/div>\n\n\n\n<p>Adem\u00e1s de estar presentes en las principales redes sociales, donde actualizamos regularmente informaci\u00f3n sobre la Fundaci\u00f3n y las familias alojadas, enviamos un bolet\u00edn mensual a nuestra base de suscriptores con detalles sobre el d\u00eda a d\u00eda de la entidad y los resultados de nuestra actividad.<\/p>\n\n\n\n<p>Por otro lado, realizamos dos campa\u00f1as anuales de recaudaci\u00f3n de fondos dirigidas a empresas y particulares. Estas campa\u00f1as no solo ofrecen alternativas de donaci\u00f3n, sino que tambi\u00e9n nos permiten darnos a conocer en \u00e9pocas festivas y especiales.<br><\/p>\n\n\n\n<ul class=\"wp-block-list\">\n<li>En la <strong>campa\u00f1a de Navidad<\/strong>, vendemos un regalo solidario (el a\u00f1o pasado fue una llave de chocolate y una kokedama de poinsettia).<\/li>\n\n\n\n<li>En la <strong>campa\u00f1a de Sant Jordi<\/strong>, nuestra iniciativa m\u00e1s longeva, distribuimos rosas solidarias a domicilio o en nuestro puesto en la Rambla de Catalunya de Barcelona.<\/li>\n<\/ul>\n\n\n\n<p>Tambi\u00e9n colaboramos anualmente con un instituto p\u00fablico de Barcelona en la asignatura de Aprendizaje y Servicio Comunitario, sensibilizando a los j\u00f3venes sobre nuestra labor.<br><\/p>\n\n\n\n<div class=\"wp-block-uagb-advanced-heading uagb-block-64cca889\"><h2 class=\"uagb-heading-text\">\u00bfQu\u00e9 papel juega la colaboraci\u00f3n con empresas y entidades como CINC en su d\u00eda a d\u00eda?<\/h2><\/div>\n\n\n\n<p>Colaborar con entidades como CINC nos permite difundir nuestra misi\u00f3n a una nueva red de empresas que puedan sentirse sensibilizadas con nuestra labor y deseen colaborar con nosotros. Pueden hacerlo de manera puntual, mediante donaciones o participando en nuestras campa\u00f1as de Navidad y Sant Jordi, o bien estableciendo una relaci\u00f3n recurrente como financiadores de nuestros programas.<\/p>\n\n\n\n<p>En nuestro nuevo apartamento en Girona, contamos con el apoyo de Marlex e IB2 Seguretat.<\/p>\n\n\n\n<p><\/p>\n","protected":false},"excerpt":{"rendered":"<p>Fundaci\u00f3n Jubert Figueras ofrece alojamiento digno a cuidadores desplazados para atender a un enfermo.<\/p>\n","protected":false},"author":302,"featured_media":29148,"comment_status":"open","ping_status":"open","sticky":false,"template":"","format":"standard","meta":{"_acf_changed":false,"_uag_custom_page_level_css":"","_jetpack_memberships_contains_paid_content":false,"footnotes":""},"categories":[70],"tags":[230],"class_list":["post-29147","post","type-post","status-publish","format-standard","has-post-thumbnail","hentry","category-entrevistas","tag-fundacion"],"acf":[],"jetpack_featured_media_url":"https:\/\/www.cinc.com\/wp-content\/uploads\/WEB-jubert-figueres-scaled.webp","uagb_featured_image_src":{"full":["https:\/\/www.cinc.com\/wp-content\/uploads\/WEB-jubert-figueres-scaled.webp",2560,1440,false],"thumbnail":["https:\/\/www.cinc.com\/wp-content\/uploads\/WEB-jubert-figueres-150x150.webp",150,150,true],"medium":["https:\/\/www.cinc.com\/wp-content\/uploads\/WEB-jubert-figueres-300x169.webp",300,169,true],"medium_large":["https:\/\/www.cinc.com\/wp-content\/uploads\/WEB-jubert-figueres-768x432.webp",768,432,true],"large":["https:\/\/www.cinc.com\/wp-content\/uploads\/WEB-jubert-figueres-1024x576.webp",960,540,true],"1536x1536":["https:\/\/www.cinc.com\/wp-content\/uploads\/WEB-jubert-figueres-1536x864.webp",1536,864,true],"2048x2048":["https:\/\/www.cinc.com\/wp-content\/uploads\/WEB-jubert-figueres-2048x1152.webp",2048,1152,true],"gform-image-choice-sm":["https:\/\/www.cinc.com\/wp-content\/uploads\/WEB-jubert-figueres-scaled.webp",300,169,false],"gform-image-choice-md":["https:\/\/www.cinc.com\/wp-content\/uploads\/WEB-jubert-figueres-scaled.webp",400,225,false],"gform-image-choice-lg":["https:\/\/www.cinc.com\/wp-content\/uploads\/WEB-jubert-figueres-scaled.webp",600,338,false]},"uagb_author_info":{"display_name":"Houda","author_link":"https:\/\/www.cinc.com\/es\/author\/houda\/"},"uagb_comment_info":0,"uagb_excerpt":"Fundaci\u00f3n Jubert Figueras ofrece alojamiento digno a cuidadores desplazados para atender a un enfermo.","jetpack_sharing_enabled":true,"_links":{"self":[{"href":"https:\/\/www.cinc.com\/es\/wp-json\/wp\/v2\/posts\/29147","targetHints":{"allow":["GET"]}}],"collection":[{"href":"https:\/\/www.cinc.com\/es\/wp-json\/wp\/v2\/posts"}],"about":[{"href":"https:\/\/www.cinc.com\/es\/wp-json\/wp\/v2\/types\/post"}],"author":[{"embeddable":true,"href":"https:\/\/www.cinc.com\/es\/wp-json\/wp\/v2\/users\/302"}],"replies":[{"embeddable":true,"href":"https:\/\/www.cinc.com\/es\/wp-json\/wp\/v2\/comments?post=29147"}],"version-history":[{"count":2,"href":"https:\/\/www.cinc.com\/es\/wp-json\/wp\/v2\/posts\/29147\/revisions"}],"predecessor-version":[{"id":29304,"href":"https:\/\/www.cinc.com\/es\/wp-json\/wp\/v2\/posts\/29147\/revisions\/29304"}],"wp:featuredmedia":[{"embeddable":true,"href":"https:\/\/www.cinc.com\/es\/wp-json\/wp\/v2\/media\/29148"}],"wp:attachment":[{"href":"https:\/\/www.cinc.com\/es\/wp-json\/wp\/v2\/media?parent=29147"}],"wp:term":[{"taxonomy":"category","embeddable":true,"href":"https:\/\/www.cinc.com\/es\/wp-json\/wp\/v2\/categories?post=29147"},{"taxonomy":"post_tag","embeddable":true,"href":"https:\/\/www.cinc.com\/es\/wp-json\/wp\/v2\/tags?post=29147"}],"curies":[{"name":"wp","href":"https:\/\/api.w.org\/{rel}","templated":true}]}}