{"id":28871,"date":"2025-02-10T11:09:27","date_gmt":"2025-02-10T10:09:27","guid":{"rendered":"https:\/\/www.cinc.com\/?p=28871"},"modified":"2025-02-10T11:09:28","modified_gmt":"2025-02-10T10:09:28","slug":"el-gobierno-aprueba-la-subida-del-salario-minimo-interprofesional-a-1-184-euros-mensuales","status":"publish","type":"post","link":"https:\/\/www.cinc.com\/es\/el-gobierno-aprueba-la-subida-del-salario-minimo-interprofesional-a-1-184-euros-mensuales\/","title":{"rendered":"El Gobierno aprueba la subida del Salario M\u00ednimo Interprofesional a 1.184 euros mensuales"},"content":{"rendered":"\n<p>El Consejo de Ministros ha aprobado un nuevo incremento del Salario M\u00ednimo Interprofesional (SMI) para 2025, elev\u00e1ndolo hasta los 1.184 euros al mes en 14 pagas. Esto supone un aumento del 4,4% respecto al a\u00f1o anterior, lo que beneficiar\u00e1 a m\u00e1s de 2,1 millones de trabajadores en Espa\u00f1a. Esta subida se aplicar\u00e1 con car\u00e1cter retroactivo desde el 1 de enero de 2025.<\/p>\n\n\n\n<h2 class=\"wp-block-heading\">\u00bfC\u00f3mo afecta la subida del SMI a trabajadores y empresas?<\/h2>\n\n\n\n<p>El aumento del salario m\u00ednimo impacta directamente en diversos sectores de la econom\u00eda, principalmente en aquellos con una alta concentraci\u00f3n de trabajadores con salarios bajos, como la hosteler\u00eda, el comercio, la agricultura y los servicios. En particular, este incremento beneficiar\u00e1 en mayor medida a j\u00f3venes, mujeres y empleados con contratos temporales.<\/p>\n\n\n\n<p>Por otro lado, las empresas deber\u00e1n ajustar sus costes salariales, lo que podr\u00eda generar un impacto en la contrataci\u00f3n, especialmente en las peque\u00f1as y medianas empresas (pymes). Algunos sectores han expresado su preocupaci\u00f3n por esta cuesti\u00f3n, mientras que los sindicatos han celebrado la medida como un paso necesario para mejorar el poder adquisitivo de los trabajadores.<\/p>\n\n\n\n<h2 class=\"wp-block-heading\">Debate entre Gobierno, sindicatos y empresarios<\/h2>\n\n\n\n<p>La medida ha sido acordada entre el Gobierno y los sindicatos Comisiones Obreras (CCOO) y la Uni\u00f3n General de Trabajadores (UGT), mientras que las organizaciones empresariales CEOE y Cepyme no han respaldado la decisi\u00f3n. Los empresarios consideran que un aumento del 3,4% habr\u00eda sido m\u00e1s adecuado, argumentando que un incremento mayor podr\u00eda generar dificultades econ\u00f3micas en algunos sectores.<br>Otro punto de debate es la exenci\u00f3n del SMI en el Impuesto sobre la Renta de las Personas F\u00edsicas (IRPF), una cuesti\u00f3n que sigue pendiente de resoluci\u00f3n por parte del Ministerio de Hacienda.<\/p>\n\n\n\n<h2 class=\"wp-block-heading\">Impacto en las cotizaciones y beneficios sociales<\/h2>\n\n\n\n<p>Con la subida del SMI, tambi\u00e9n se incrementan las cotizaciones a la Seguridad Social, lo que tiene un impacto en las prestaciones por desempleo y pensiones futuras. Adem\u00e1s, este aumento puede influir en subsidios y ayudas econ\u00f3micas vinculadas al SMI, como las prestaciones por desempleo, el Ingreso M\u00ednimo Vital o las ayudas a familias en situaci\u00f3n de vulnerabilidad.<\/p>\n\n\n\n<h2 class=\"wp-block-heading\">\u00bfC\u00f3mo adaptar tu empresa a la subida del SMI?<\/h2>\n\n\n\n<p>Las empresas deben revisar su estructura salarial y ajustar los contratos laborales para cumplir con la nueva normativa. Para ello, es recomendable contar con asesoramiento especializado que ayude a minimizar el impacto en la gesti\u00f3n de costes y la planificaci\u00f3n financiera.<\/p>\n\n\n\n<p>Si tienes dudas sobre c\u00f3mo esta subida del SMI puede afectar a tu empresa o situaci\u00f3n laboral, contacta con el <a href=\"https:\/\/www.cinc.com\/es\/asesoria-de-empresas-y-gestoria\/asesoria-laboral\/\">D<\/a><a href=\"https:\/\/www.cinc.com\/es\/asesoria-de-empresas-y-gestoria\/asesoria-laboral\/\" target=\"_blank\" rel=\"noreferrer noopener\">epartamento Labora<\/a><a href=\"https:\/\/www.cinc.com\/es\/asesoria-de-empresas-y-gestoria\/asesoria-laboral\/\">l <\/a>de CINC Asesor\u00eda. Nuestro equipo de expertos puede ayudarte a resolver cualquier consulta y a adaptarte a los cambios normativos de forma eficiente.<\/p>\n\n\n\n<div class=\"wp-block-uagb-buttons uagb-buttons__outer-wrap uagb-btn__default-btn uagb-btn-tablet__default-btn uagb-btn-mobile__default-btn uagb-block-43e7c16f\"><div class=\"uagb-buttons__wrap uagb-buttons-layout-wrap \">\n<div class=\"wp-block-uagb-buttons-child uagb-buttons__outer-wrap uagb-block-7ac493ab wp-block-button\"><div class=\"uagb-button__wrapper\"><a class=\"uagb-buttons-repeater wp-block-button__link\" aria-label=\"\" href=\"https:\/\/www.cinc.com\/es\/contacto\/\" rel=\"follow noopener\" target=\"_blank\" role=\"button\"><div class=\"uagb-button__link\">Contacta con nosotros<\/div><\/a><\/div><\/div>\n<\/div><\/div>\n\n\n\n<p><\/p>\n","protected":false},"excerpt":{"rendered":"<p>Descubre c\u00f3mo la subida del Salario M\u00ednimo Interprofesional 2025 afecta a empresas y trabajadores y qu\u00e9 implicaciones tiene en cotizaciones y ayudas. <\/p>\n","protected":false},"author":8,"featured_media":28876,"comment_status":"open","ping_status":"open","sticky":false,"template":"","format":"standard","meta":{"_acf_changed":false,"_uag_custom_page_level_css":"","_jetpack_memberships_contains_paid_content":false,"footnotes":""},"categories":[18],"tags":[86],"class_list":["post-28871","post","type-post","status-publish","format-standard","has-post-thumbnail","hentry","category-assessoria","tag-laboral-2"],"acf":[],"jetpack_featured_media_url":"https:\/\/www.cinc.com\/wp-content\/uploads\/subida-salario-minimo-2025.webp","uagb_featured_image_src":{"full":["https:\/\/www.cinc.com\/wp-content\/uploads\/subida-salario-minimo-2025.webp",1920,1080,false],"thumbnail":["https:\/\/www.cinc.com\/wp-content\/uploads\/subida-salario-minimo-2025-150x150.webp",150,150,true],"medium":["https:\/\/www.cinc.com\/wp-content\/uploads\/subida-salario-minimo-2025-300x169.webp",300,169,true],"medium_large":["https:\/\/www.cinc.com\/wp-content\/uploads\/subida-salario-minimo-2025-768x432.webp",768,432,true],"large":["https:\/\/www.cinc.com\/wp-content\/uploads\/subida-salario-minimo-2025-1024x576.webp",960,540,true],"1536x1536":["https:\/\/www.cinc.com\/wp-content\/uploads\/subida-salario-minimo-2025-1536x864.webp",1536,864,true],"2048x2048":["https:\/\/www.cinc.com\/wp-content\/uploads\/subida-salario-minimo-2025.webp",1920,1080,false],"gform-image-choice-sm":["https:\/\/www.cinc.com\/wp-content\/uploads\/subida-salario-minimo-2025-300x300.webp",300,300,true],"gform-image-choice-md":["https:\/\/www.cinc.com\/wp-content\/uploads\/subida-salario-minimo-2025-400x400.webp",400,400,true],"gform-image-choice-lg":["https:\/\/www.cinc.com\/wp-content\/uploads\/subida-salario-minimo-2025-600x600.webp",600,600,true]},"uagb_author_info":{"display_name":"F\u00e0tima Duran","author_link":"https:\/\/www.cinc.com\/es\/author\/fatima\/"},"uagb_comment_info":0,"uagb_excerpt":"Descubre c\u00f3mo la subida del Salario M\u00ednimo Interprofesional 2025 afecta a empresas y trabajadores y qu\u00e9 implicaciones tiene en cotizaciones y ayudas.","jetpack_sharing_enabled":true,"_links":{"self":[{"href":"https:\/\/www.cinc.com\/es\/wp-json\/wp\/v2\/posts\/28871","targetHints":{"allow":["GET"]}}],"collection":[{"href":"https:\/\/www.cinc.com\/es\/wp-json\/wp\/v2\/posts"}],"about":[{"href":"https:\/\/www.cinc.com\/es\/wp-json\/wp\/v2\/types\/post"}],"author":[{"embeddable":true,"href":"https:\/\/www.cinc.com\/es\/wp-json\/wp\/v2\/users\/8"}],"replies":[{"embeddable":true,"href":"https:\/\/www.cinc.com\/es\/wp-json\/wp\/v2\/comments?post=28871"}],"version-history":[{"count":1,"href":"https:\/\/www.cinc.com\/es\/wp-json\/wp\/v2\/posts\/28871\/revisions"}],"predecessor-version":[{"id":28880,"href":"https:\/\/www.cinc.com\/es\/wp-json\/wp\/v2\/posts\/28871\/revisions\/28880"}],"wp:featuredmedia":[{"embeddable":true,"href":"https:\/\/www.cinc.com\/es\/wp-json\/wp\/v2\/media\/28876"}],"wp:attachment":[{"href":"https:\/\/www.cinc.com\/es\/wp-json\/wp\/v2\/media?parent=28871"}],"wp:term":[{"taxonomy":"category","embeddable":true,"href":"https:\/\/www.cinc.com\/es\/wp-json\/wp\/v2\/categories?post=28871"},{"taxonomy":"post_tag","embeddable":true,"href":"https:\/\/www.cinc.com\/es\/wp-json\/wp\/v2\/tags?post=28871"}],"curies":[{"name":"wp","href":"https:\/\/api.w.org\/{rel}","templated":true}]}}