{"id":28666,"date":"2025-01-14T10:17:59","date_gmt":"2025-01-14T09:17:59","guid":{"rendered":"https:\/\/www.cinc.com\/?p=28666"},"modified":"2025-02-10T11:58:39","modified_gmt":"2025-02-10T10:58:39","slug":"reduccion-de-jornada-laboral-y-registro-horario-informatizado-que-prepara-el-gobierno-para-2025","status":"publish","type":"post","link":"https:\/\/www.cinc.com\/es\/reduccion-de-jornada-laboral-y-registro-horario-informatizado-que-prepara-el-gobierno-para-2025\/","title":{"rendered":"Reducci\u00f3n de jornada laboral y registro horario informatizado: \u00bfqu\u00e9 prepara el Gobierno para 2025?"},"content":{"rendered":"\n<p>El Gobierno est\u00e1 ultimando novedades en materia laboral para 2025: la implementaci\u00f3n de la reducci\u00f3n de la jornada laboral a 37,5 horas semanales, y su intenci\u00f3n de instaurar un registro horario informatizado accesible para inspecci\u00f3n, sindicatos y trabajadores. Con esta nueva norma se fortalecer\u00e1, adem\u00e1s, el derecho a la desconexi\u00f3n digital, tanto en el trabajo presencial como en el teletrabajo.<\/p>\n\n\n\n<h2 class=\"wp-block-heading\">\u00bfCu\u00e1ndo entra en vigor la reducci\u00f3n de jornada a 37,5 horas?<\/h2>\n\n\n\n<p>Esta medida se implementar\u00e1 durante este a\u00f1o, seg\u00fan lo establecido en la normativa vigente. Su objetivo principal es avanzar hacia un modelo laboral m\u00e1s equilibrado y compatible con la conciliaci\u00f3n personal. Tras su aprobaci\u00f3n, las empresas deber\u00e1n revisar y adaptar sus convenios colectivos y contratos de trabajo.<\/p>\n\n\n\n<h2 class=\"wp-block-heading\">\u00bfEn qu\u00e9 consiste el registro horario informatizado?<\/h2>\n\n\n\n<p>El Gobierno planea, para 2025, implantar un sistema informatizado de registro horario que permita a empresas, sindicatos y trabajadores controlar de manera precisa las horas trabajadas. Este sistema, todav\u00eda en fase de desarrollo, ser\u00e1 accesible para inspecci\u00f3n laboral y se espera que ofrezca mayor transparencia. El objetivo es crear una herramienta tecnol\u00f3gica que facilite la gesti\u00f3n de los horarios y minimice posibles conflictos laborales.<\/p>\n\n\n\n<h2 class=\"wp-block-heading\">\u00bfEst\u00e1 definido ya el sistema de registro horario?<\/h2>\n\n\n\n<p>No, a\u00fan no hay detalles concretos sobre c\u00f3mo ser\u00e1 el programa inform\u00e1tico. Se trata de una intenci\u00f3n del Gobierno, y a medida que avance la legislatura conoceremos m\u00e1s detalles. Sin embargo, es importante que las empresas comiencen a evaluar sus procesos internos para estar preparadas cuando esta medida se concrete.<\/p>\n\n\n\n<p>Es posible que, aunque la ley entre en vigor a mediados de este a\u00f1o, contemple un plazo de 6 meses para que las empresas adapten su aplicaci\u00f3n. Por tanto, la obligaci\u00f3n de garantizar el registro de jornada se seguir\u00e1 rigiendo por la normativa vigente durante este periodo de transici\u00f3n.<\/p>\n\n\n\n<h2 class=\"wp-block-heading\">\u00bfC\u00f3mo impactan estas medidas en las empresas?<\/h2>\n\n\n\n<p>La reducci\u00f3n de jornada implica ajustes organizativos, mientras que el registro horario podr\u00eda requerir inversiones en tecnolog\u00eda. Ambas medidas tienen el potencial de mejorar la gesti\u00f3n y la transparencia laboral. Las empresas deber\u00e1n adoptar una postura proactiva para adaptarse a estos cambios y garantizar el cumplimiento de las normativas futuras.<\/p>\n\n\n\n<p>Asimismo, las empresas deber\u00e1n garantizar el cumplimiento de esta norma: la ausencia de registros de jornada laboral y falseamiento de datos conllevan infracciones graves, que podr\u00edan ir de los 1.000 a los 10.000 euros.<\/p>\n\n\n\n<p>Si tienes dudas sobre estas novedades y su impacto en tu empresa, no dudes en <a href=\"https:\/\/www.cinc.com\/es\/contacto\/\">contactar<\/a> con el Departamento laboral de <a href=\"https:\/\/www.cinc.com\/es\/asesoria-de-empresas-y-gestoria\/\">Asesor\u00eda.<\/a><\/p>\n\n\n\n<p><\/p>\n\n\n\n<div class=\"wp-block-buttons is-layout-flex wp-block-buttons-is-layout-flex\">\n<div class=\"wp-block-button has-custom-width wp-block-button__width-100\"><a class=\"wp-block-button__link wp-element-button\" href=\"https:\/\/www.cinc.com\/es\/asesoria-de-empresas-y-gestoria\/\">Resuelve tus problemas con nuestra Asesor\u00eda<\/a><\/div>\n<\/div>\n","protected":false},"excerpt":{"rendered":"<p>El Gobierno implementar\u00e1 la reducci\u00f3n de la jornada laboral a 37,5 horas semanales y un registro horario informatizado en 2025. Descubre c\u00f3mo afectar\u00e1 a empresas y trabajadores.<\/p>\n","protected":false},"author":8,"featured_media":28673,"comment_status":"open","ping_status":"open","sticky":false,"template":"","format":"standard","meta":{"_acf_changed":false,"_uag_custom_page_level_css":"","_jetpack_memberships_contains_paid_content":false,"footnotes":""},"categories":[26],"tags":[],"class_list":["post-28666","post","type-post","status-publish","format-standard","has-post-thumbnail","hentry","category-asesoria"],"acf":[],"jetpack_featured_media_url":"https:\/\/www.cinc.com\/wp-content\/uploads\/Fotos-Blog-CINC-WordPress-45-1.webp","uagb_featured_image_src":{"full":["https:\/\/www.cinc.com\/wp-content\/uploads\/Fotos-Blog-CINC-WordPress-45-1.webp",1920,1080,false],"thumbnail":["https:\/\/www.cinc.com\/wp-content\/uploads\/Fotos-Blog-CINC-WordPress-45-1-150x150.webp",150,150,true],"medium":["https:\/\/www.cinc.com\/wp-content\/uploads\/Fotos-Blog-CINC-WordPress-45-1-300x169.webp",300,169,true],"medium_large":["https:\/\/www.cinc.com\/wp-content\/uploads\/Fotos-Blog-CINC-WordPress-45-1-768x432.webp",768,432,true],"large":["https:\/\/www.cinc.com\/wp-content\/uploads\/Fotos-Blog-CINC-WordPress-45-1-1024x576.webp",960,540,true],"1536x1536":["https:\/\/www.cinc.com\/wp-content\/uploads\/Fotos-Blog-CINC-WordPress-45-1-1536x864.webp",1536,864,true],"2048x2048":["https:\/\/www.cinc.com\/wp-content\/uploads\/Fotos-Blog-CINC-WordPress-45-1.webp",1920,1080,false],"gform-image-choice-sm":["https:\/\/www.cinc.com\/wp-content\/uploads\/Fotos-Blog-CINC-WordPress-45-1-300x300.webp",300,300,true],"gform-image-choice-md":["https:\/\/www.cinc.com\/wp-content\/uploads\/Fotos-Blog-CINC-WordPress-45-1-400x400.webp",400,400,true],"gform-image-choice-lg":["https:\/\/www.cinc.com\/wp-content\/uploads\/Fotos-Blog-CINC-WordPress-45-1-600x600.webp",600,600,true]},"uagb_author_info":{"display_name":"F\u00e0tima Duran","author_link":"https:\/\/www.cinc.com\/es\/author\/fatima\/"},"uagb_comment_info":0,"uagb_excerpt":"El Gobierno implementar\u00e1 la reducci\u00f3n de la jornada laboral a 37,5 horas semanales y un registro horario informatizado en 2025. Descubre c\u00f3mo afectar\u00e1 a empresas y trabajadores.","jetpack_sharing_enabled":true,"_links":{"self":[{"href":"https:\/\/www.cinc.com\/es\/wp-json\/wp\/v2\/posts\/28666","targetHints":{"allow":["GET"]}}],"collection":[{"href":"https:\/\/www.cinc.com\/es\/wp-json\/wp\/v2\/posts"}],"about":[{"href":"https:\/\/www.cinc.com\/es\/wp-json\/wp\/v2\/types\/post"}],"author":[{"embeddable":true,"href":"https:\/\/www.cinc.com\/es\/wp-json\/wp\/v2\/users\/8"}],"replies":[{"embeddable":true,"href":"https:\/\/www.cinc.com\/es\/wp-json\/wp\/v2\/comments?post=28666"}],"version-history":[{"count":4,"href":"https:\/\/www.cinc.com\/es\/wp-json\/wp\/v2\/posts\/28666\/revisions"}],"predecessor-version":[{"id":28774,"href":"https:\/\/www.cinc.com\/es\/wp-json\/wp\/v2\/posts\/28666\/revisions\/28774"}],"wp:featuredmedia":[{"embeddable":true,"href":"https:\/\/www.cinc.com\/es\/wp-json\/wp\/v2\/media\/28673"}],"wp:attachment":[{"href":"https:\/\/www.cinc.com\/es\/wp-json\/wp\/v2\/media?parent=28666"}],"wp:term":[{"taxonomy":"category","embeddable":true,"href":"https:\/\/www.cinc.com\/es\/wp-json\/wp\/v2\/categories?post=28666"},{"taxonomy":"post_tag","embeddable":true,"href":"https:\/\/www.cinc.com\/es\/wp-json\/wp\/v2\/tags?post=28666"}],"curies":[{"name":"wp","href":"https:\/\/api.w.org\/{rel}","templated":true}]}}