{"id":27426,"date":"2024-11-04T11:56:39","date_gmt":"2024-11-04T10:56:39","guid":{"rendered":"https:\/\/www.cinc.com\/?p=27426"},"modified":"2024-11-04T12:52:13","modified_gmt":"2024-11-04T11:52:13","slug":"novedades-en-la-factura-electronica-tras-la-aprobacion-del-reglamento-verifactu","status":"publish","type":"post","link":"https:\/\/www.cinc.com\/es\/novedades-en-la-factura-electronica-tras-la-aprobacion-del-reglamento-verifactu\/","title":{"rendered":"Novedades en la factura electr\u00f3nica tras la aprobaci\u00f3n del reglamento Veri*factu"},"content":{"rendered":"\n<p>El pasado 28 de octubre de 2024, se public\u00f3 en el BOE la Orden Ministerial HAC\/1177\/2024, de 17 de octubre, que establece las bases de la implementaci\u00f3n de la factura electr\u00f3nica en mediante el Reglamento Veri*factu, con el objetivo de establecer normas claras para su registro y emisi\u00f3n.<\/p>\n\n\n\n<p>Este reglamento, en vigor desde el 29 de octubre, concreta las especificaciones t\u00e9cnicas y funcionales de formaci\u00f3n del c\u00f3digo QR y, en su caso, de la frase que deber\u00e1n incluirse en las facturas expedidas por los sistemas inform\u00e1ticos de facturaci\u00f3n que cumplan los requisitos del Reglamento. Asimismo, establece los requisitos que deben cumplir los sistemas y programas inform\u00e1ticos o electr\u00f3nicos utilizados por quienes realicen actividades econ\u00f3micas para gestionar la facturaci\u00f3n de sus operaciones.<\/p>\n\n\n\n<h4 class=\"wp-block-heading\">\u00bfA qui\u00e9n afecta el nuevo reglamento Veri*factu?<\/h4>\n\n\n\n<p>El reglamento Veri*factu afecta a todos aquellos contribuyentes que utilicen sistemas inform\u00e1ticos de facturaci\u00f3n, aunque solo los usen para una parte de su actividad:<\/p>\n\n\n\n<ul class=\"wp-block-list\">\n<li>Los contribuyentes del Impuesto sobre Sociedades, excepto las entidades exentas. Las entidades parcialmente exentas estar\u00e1n sometidas a esta obligaci\u00f3n exclusivamente por las operaciones que generen rentas que est\u00e9n sujetas y no exentas del Impuesto.<\/li>\n\n\n\n<li>Los contribuyentes del Impuesto sobre la Renta de las Personas F\u00edsicas (IRPF) que desarrollen actividades econ\u00f3micas.<\/li>\n\n\n\n<li>Los contribuyentes del Impuesto sobre la Renta de No Residentes (IRNR) que obtengan rentas mediante establecimiento permanente.<\/li>\n\n\n\n<li>Las entidades en r\u00e9gimen de atribuci\u00f3n de rentas que desarrollen actividades econ\u00f3micas, sin perjuicio de la atribuci\u00f3n de rendimientos que corresponda efectuar a sus miembros.<\/li>\n<\/ul>\n\n\n\n<p>La normativa tambi\u00e9n impone obligaciones a los productores, fabricantes, comercializadores y desarrolladores de sistemas inform\u00e1ticos de facturaci\u00f3n, quienes deber\u00e1n certificar que sus productos cumplen con los requisitos establecidos en el reglamento.<\/p>\n\n\n\n<h4 class=\"wp-block-heading\">\u00bfCu\u00e1l es el plazo para que los sistemas de facturaci\u00f3n se adapten a la nueva normativa?<\/h4>\n\n\n\n<p>Los sistemas inform\u00e1ticos deben cumplir con los requisitos del reglamento antes del 1 de julio de 2025. Sin embargo, los productores y comercializadores tienen un plazo adicional de nueve meses desde la entrada en vigor de la orden ministerial para adaptar y ofrecer productos conformes a esta norma, es decir, hasta el 29 de julio de 2025.<\/p>\n\n\n\n<h4 class=\"wp-block-heading\">\u00bfTienes dudas sobre la entrada en vigor del reglamento Veri*factu?<\/h4>\n\n\n\n<p>Para m\u00e1s informaci\u00f3n, puedes ponerte en ponerte en contacto con nuestro <a href=\"https:\/\/www.cinc.com\/es\/asesoria-de-empresas-y-gestoria\/asesoria-fiscal\/\">Departamento Fiscal<\/a>.<\/p>\n\n\n\n<div class=\"wp-block-uagb-buttons uagb-buttons__outer-wrap uagb-btn__default-btn uagb-btn-tablet__default-btn uagb-btn-mobile__default-btn uagb-block-ebb30c1f\"><div class=\"uagb-buttons__wrap uagb-buttons-layout-wrap\">\n<div class=\"wp-block-uagb-buttons-child uagb-buttons__outer-wrap uagb-block-0ccb7664 wp-block-button\"><div class=\"uagb-button__wrapper\"><a class=\"uagb-buttons-repeater wp-block-button__link\" href=\"https:\/\/www.cinc.com\/es\/contacto\/\" onclick=\"return true;\" rel=\"follow noopener\" target=\"_self\"><div class=\"uagb-button__link\">Env\u00edanos tu consulta<\/div><\/a><\/div><\/div>\n<\/div><\/div>\n\n\n\n<p><\/p>\n","protected":false},"excerpt":{"rendered":"<p>El 28 de octubre de 2024, se public\u00f3 la Orden Ministerial HAC\/1177\/2024, que establece el Reglamento Veri*factu para la implementaci\u00f3n de la factura electr\u00f3nica en Espa\u00f1a. \u00bfTienes dudas sobre la entrada en vigor del reglamento Veri*factu? \u00a1Sigue leyendo!<\/p>\n","protected":false},"author":8,"featured_media":27427,"comment_status":"open","ping_status":"open","sticky":false,"template":"","format":"standard","meta":{"_acf_changed":false,"_uag_custom_page_level_css":"","_jetpack_memberships_contains_paid_content":false,"footnotes":""},"categories":[26],"tags":[105],"class_list":["post-27426","post","type-post","status-publish","format-standard","has-post-thumbnail","hentry","category-asesoria","tag-asesoria"],"acf":[],"jetpack_featured_media_url":"https:\/\/www.cinc.com\/wp-content\/uploads\/Fotos-Blog-CINC-WordPress-17-1.webp","uagb_featured_image_src":{"full":["https:\/\/www.cinc.com\/wp-content\/uploads\/Fotos-Blog-CINC-WordPress-17-1.webp",1920,1080,false],"thumbnail":["https:\/\/www.cinc.com\/wp-content\/uploads\/Fotos-Blog-CINC-WordPress-17-1-150x150.webp",150,150,true],"medium":["https:\/\/www.cinc.com\/wp-content\/uploads\/Fotos-Blog-CINC-WordPress-17-1-300x169.webp",300,169,true],"medium_large":["https:\/\/www.cinc.com\/wp-content\/uploads\/Fotos-Blog-CINC-WordPress-17-1-768x432.webp",768,432,true],"large":["https:\/\/www.cinc.com\/wp-content\/uploads\/Fotos-Blog-CINC-WordPress-17-1-1024x576.webp",960,540,true],"1536x1536":["https:\/\/www.cinc.com\/wp-content\/uploads\/Fotos-Blog-CINC-WordPress-17-1-1536x864.webp",1536,864,true],"2048x2048":["https:\/\/www.cinc.com\/wp-content\/uploads\/Fotos-Blog-CINC-WordPress-17-1.webp",1920,1080,false],"gform-image-choice-sm":["https:\/\/www.cinc.com\/wp-content\/uploads\/Fotos-Blog-CINC-WordPress-17-1.webp",300,169,false],"gform-image-choice-md":["https:\/\/www.cinc.com\/wp-content\/uploads\/Fotos-Blog-CINC-WordPress-17-1.webp",400,225,false],"gform-image-choice-lg":["https:\/\/www.cinc.com\/wp-content\/uploads\/Fotos-Blog-CINC-WordPress-17-1.webp",600,338,false]},"uagb_author_info":{"display_name":"F\u00e0tima Duran","author_link":"https:\/\/www.cinc.com\/es\/author\/fatima\/"},"uagb_comment_info":0,"uagb_excerpt":"El 28 de octubre de 2024, se public\u00f3 la Orden Ministerial HAC\/1177\/2024, que establece el Reglamento Veri*factu para la implementaci\u00f3n de la factura electr\u00f3nica en Espa\u00f1a. \u00bfTienes dudas sobre la entrada en vigor del reglamento Veri*factu? \u00a1Sigue leyendo!","jetpack_sharing_enabled":true,"_links":{"self":[{"href":"https:\/\/www.cinc.com\/es\/wp-json\/wp\/v2\/posts\/27426","targetHints":{"allow":["GET"]}}],"collection":[{"href":"https:\/\/www.cinc.com\/es\/wp-json\/wp\/v2\/posts"}],"about":[{"href":"https:\/\/www.cinc.com\/es\/wp-json\/wp\/v2\/types\/post"}],"author":[{"embeddable":true,"href":"https:\/\/www.cinc.com\/es\/wp-json\/wp\/v2\/users\/8"}],"replies":[{"embeddable":true,"href":"https:\/\/www.cinc.com\/es\/wp-json\/wp\/v2\/comments?post=27426"}],"version-history":[{"count":5,"href":"https:\/\/www.cinc.com\/es\/wp-json\/wp\/v2\/posts\/27426\/revisions"}],"predecessor-version":[{"id":27452,"href":"https:\/\/www.cinc.com\/es\/wp-json\/wp\/v2\/posts\/27426\/revisions\/27452"}],"wp:featuredmedia":[{"embeddable":true,"href":"https:\/\/www.cinc.com\/es\/wp-json\/wp\/v2\/media\/27427"}],"wp:attachment":[{"href":"https:\/\/www.cinc.com\/es\/wp-json\/wp\/v2\/media?parent=27426"}],"wp:term":[{"taxonomy":"category","embeddable":true,"href":"https:\/\/www.cinc.com\/es\/wp-json\/wp\/v2\/categories?post=27426"},{"taxonomy":"post_tag","embeddable":true,"href":"https:\/\/www.cinc.com\/es\/wp-json\/wp\/v2\/tags?post=27426"}],"curies":[{"name":"wp","href":"https:\/\/api.w.org\/{rel}","templated":true}]}}