{"id":27147,"date":"2024-10-18T14:03:27","date_gmt":"2024-10-18T13:03:27","guid":{"rendered":"https:\/\/www.cinc.com\/?p=27147"},"modified":"2024-10-18T14:03:28","modified_gmt":"2024-10-18T13:03:28","slug":"cotizacion-adicional-de-solidaridad-como-afectara-a-las-rentas-mas-altas-a-partir-de-2025","status":"publish","type":"post","link":"https:\/\/www.cinc.com\/es\/cotizacion-adicional-de-solidaridad-como-afectara-a-las-rentas-mas-altas-a-partir-de-2025\/","title":{"rendered":"Cotizaci\u00f3n adicional de solidaridad: \u00bfc\u00f3mo afectar\u00e1 a las rentas m\u00e1s altas a partir de 2025?"},"content":{"rendered":"\n<p>El 1 de enero de 2025, Espa\u00f1a introducir\u00e1 la cotizaci\u00f3n adicional de solidaridad para las rentas m\u00e1s altas, seg\u00fan lo establecido en la reforma del sistema de pensiones de 2023. Esta nueva cuota afectar\u00e1 a quienes ganen por encima de la base m\u00e1xima de cotizaci\u00f3n y tiene como objetivo reforzar la sostenibilidad del sistema de pensiones. La normativa establece c\u00f3mo se aplicar\u00e1 esta contribuci\u00f3n y a qui\u00e9n afectar\u00e1.<\/p>\n\n\n\n<h2 class=\"wp-block-heading\">\u00bfC\u00f3mo funcionar\u00e1 la cotizaci\u00f3n adicional de solidaridad?<\/h2>\n\n\n\n<p>La nueva cotizaci\u00f3n afectar\u00e1 a los trabajadores cuyos ingresos superen la base m\u00e1xima de cotizaci\u00f3n, establecida actualmente en 4.495 euros mensuales para 2024. La cotizaci\u00f3n no reemplazar\u00e1 la contribuci\u00f3n regular de los trabajadores, sino que se sumar\u00e1 a las cuotas ya existentes.<\/p>\n\n\n\n<p>La cotizaci\u00f3n adicional estar\u00e1 estructurada en tres tramos, dependiendo de cu\u00e1nto excedan los ingresos respecto a la base m\u00e1xima de cotizaci\u00f3n:<\/p>\n\n\n\n<ol start=\"1\" class=\"wp-block-list\">\n<li><strong>Primer tramo:<\/strong><br>Para aquellos que ganen entre el 1% y el 10% por encima de la base m\u00e1xima (entre 4.495,01 y 4.944,5 euros mensuales en 2024), la cuota de solidaridad ser\u00e1 del <strong>5,5%<\/strong> sobre la cantidad excedente.<\/li>\n\n\n\n<li><strong>Segundo tramo:<\/strong><br>Los ingresos que superen entre un 10% y un 50% la base m\u00e1xima (es decir, entre 4.944,51 y 6.742,5 euros mensuales) estar\u00e1n sujetos a una cotizaci\u00f3n del <strong>6%<\/strong> sobre el importe adicional.<\/li>\n\n\n\n<li><strong>Tercer tramo:<\/strong><br>Los salarios que superen en m\u00e1s de un 50% la base m\u00e1xima (m\u00e1s de 6.742,5 euros mensuales) tendr\u00e1n una cotizaci\u00f3n del <strong>7%<\/strong> sobre esa cantidad excedente.<\/li>\n<\/ol>\n\n\n\n<p><\/p>\n\n\n\n<h2 class=\"wp-block-heading\">\u00bfQu\u00e9 implica esta cotizaci\u00f3n adicional para los trabajadores?<\/h2>\n\n\n\n<p>Este aporte adicional no generar\u00e1 derechos adicionales sobre la pensi\u00f3n futura de los cotizantes. Es decir, aunque los trabajadores con rentas m\u00e1s altas estar\u00e1n obligados a contribuir m\u00e1s al sistema de seguridad social, no ver\u00e1n aumentada su pensi\u00f3n en consecuencia. La medida se ha dise\u00f1ado con el fin de que quienes perciban ingresos m\u00e1s elevados ayuden a financiar el sistema sin obtener beneficios extra.<\/p>\n\n\n\n<h2 class=\"wp-block-heading\">\u00bfPor qu\u00e9 se introduce esta medida?<\/h2>\n\n\n\n<p>La cotizaci\u00f3n adicional de solidaridad responde a la necesidad de mantener el sistema de pensiones sostenible, especialmente en un contexto en el que la poblaci\u00f3n espa\u00f1ola est\u00e1 envejeciendo y el n\u00famero de jubilados aumenta progresivamente. Seg\u00fan el Ministerio de Inclusi\u00f3n, Seguridad Social y Migraciones, este nuevo mecanismo es una forma de redistribuir las cargas del sistema, sin que ello afecte a los trabajadores con salarios m\u00e1s bajos.<\/p>\n\n\n\n<h2 class=\"wp-block-heading\">\u00bfQu\u00e9 implicaciones para las empresas?<\/h2>\n\n\n\n<p>Las empresas tambi\u00e9n deber\u00e1n adaptarse a este cambio, ya que ser\u00e1 su responsabilidad gestionar y aplicar correctamente esta nueva cuota en sus sistemas de cotizaci\u00f3n. Aquellas con empleados que superen la base m\u00e1xima deber\u00e1n estar preparadas para implementar estos cambios antes de que la medida entre en vigor en 2025.<\/p>\n\n\n\n<p>En definitiva, la cotizaci\u00f3n adicional de solidaridad representa un esfuerzo por parte del Gobierno para asegurar la sostenibilidad del sistema de pensiones, involucrando a las rentas m\u00e1s altas en el mantenimiento de un pilar fundamental del estado de bienestar.<\/p>\n\n\n\n<p>Para m\u00e1s informaci\u00f3n, no dudes en ponerte en <a href=\"https:\/\/www.cinc.com\/es\/contacto\/\">contacto<\/a> con el <a href=\"https:\/\/www.cinc.com\/es\/asesoria-de-empresas-y-gestoria\/asesoria-fiscal\/\">Departamento Fiscal<\/a>.<\/p>\n","protected":false},"excerpt":{"rendered":"<p>El 1 de enero de 2025 entrar\u00e1 en vigor la nueva cotizaci\u00f3n adicional de solidaridad para rentas m\u00e1s altas. \u00bfQuieres saber c\u00f3mo afectar\u00e1 a las empresas? \u00a1Sigue leyendo!<\/p>\n","protected":false},"author":8,"featured_media":27151,"comment_status":"open","ping_status":"open","sticky":false,"template":"","format":"standard","meta":{"_acf_changed":false,"_uag_custom_page_level_css":"","_jetpack_memberships_contains_paid_content":false,"footnotes":""},"categories":[26],"tags":[107],"class_list":["post-27147","post","type-post","status-publish","format-standard","has-post-thumbnail","hentry","category-asesoria","tag-fiscalidad-es"],"acf":[],"jetpack_featured_media_url":"https:\/\/www.cinc.com\/wp-content\/uploads\/cotizacion-solidaridad.webp","uagb_featured_image_src":{"full":["https:\/\/www.cinc.com\/wp-content\/uploads\/cotizacion-solidaridad.webp",1920,1080,false],"thumbnail":["https:\/\/www.cinc.com\/wp-content\/uploads\/cotizacion-solidaridad-150x150.webp",150,150,true],"medium":["https:\/\/www.cinc.com\/wp-content\/uploads\/cotizacion-solidaridad-300x169.webp",300,169,true],"medium_large":["https:\/\/www.cinc.com\/wp-content\/uploads\/cotizacion-solidaridad-768x432.webp",768,432,true],"large":["https:\/\/www.cinc.com\/wp-content\/uploads\/cotizacion-solidaridad-1024x576.webp",960,540,true],"1536x1536":["https:\/\/www.cinc.com\/wp-content\/uploads\/cotizacion-solidaridad-1536x864.webp",1536,864,true],"2048x2048":["https:\/\/www.cinc.com\/wp-content\/uploads\/cotizacion-solidaridad.webp",1920,1080,false],"gform-image-choice-sm":["https:\/\/www.cinc.com\/wp-content\/uploads\/cotizacion-solidaridad.webp",300,169,false],"gform-image-choice-md":["https:\/\/www.cinc.com\/wp-content\/uploads\/cotizacion-solidaridad.webp",400,225,false],"gform-image-choice-lg":["https:\/\/www.cinc.com\/wp-content\/uploads\/cotizacion-solidaridad.webp",600,338,false]},"uagb_author_info":{"display_name":"F\u00e0tima Duran","author_link":"https:\/\/www.cinc.com\/es\/author\/fatima\/"},"uagb_comment_info":0,"uagb_excerpt":"El 1 de enero de 2025 entrar\u00e1 en vigor la nueva cotizaci\u00f3n adicional de solidaridad para rentas m\u00e1s altas. \u00bfQuieres saber c\u00f3mo afectar\u00e1 a las empresas? \u00a1Sigue leyendo!","jetpack_sharing_enabled":true,"_links":{"self":[{"href":"https:\/\/www.cinc.com\/es\/wp-json\/wp\/v2\/posts\/27147","targetHints":{"allow":["GET"]}}],"collection":[{"href":"https:\/\/www.cinc.com\/es\/wp-json\/wp\/v2\/posts"}],"about":[{"href":"https:\/\/www.cinc.com\/es\/wp-json\/wp\/v2\/types\/post"}],"author":[{"embeddable":true,"href":"https:\/\/www.cinc.com\/es\/wp-json\/wp\/v2\/users\/8"}],"replies":[{"embeddable":true,"href":"https:\/\/www.cinc.com\/es\/wp-json\/wp\/v2\/comments?post=27147"}],"version-history":[{"count":3,"href":"https:\/\/www.cinc.com\/es\/wp-json\/wp\/v2\/posts\/27147\/revisions"}],"predecessor-version":[{"id":27309,"href":"https:\/\/www.cinc.com\/es\/wp-json\/wp\/v2\/posts\/27147\/revisions\/27309"}],"wp:featuredmedia":[{"embeddable":true,"href":"https:\/\/www.cinc.com\/es\/wp-json\/wp\/v2\/media\/27151"}],"wp:attachment":[{"href":"https:\/\/www.cinc.com\/es\/wp-json\/wp\/v2\/media?parent=27147"}],"wp:term":[{"taxonomy":"category","embeddable":true,"href":"https:\/\/www.cinc.com\/es\/wp-json\/wp\/v2\/categories?post=27147"},{"taxonomy":"post_tag","embeddable":true,"href":"https:\/\/www.cinc.com\/es\/wp-json\/wp\/v2\/tags?post=27147"}],"curies":[{"name":"wp","href":"https:\/\/api.w.org\/{rel}","templated":true}]}}