{"id":27086,"date":"2024-10-18T13:18:39","date_gmt":"2024-10-18T12:18:39","guid":{"rendered":"https:\/\/www.cinc.com\/?p=27086"},"modified":"2024-10-18T13:18:40","modified_gmt":"2024-10-18T12:18:40","slug":"hacienda-obligara-a-los-parados-a-presentar-la-declaracion-de-la-renta-a-partir-del-ano-que-viene","status":"publish","type":"post","link":"https:\/\/www.cinc.com\/es\/hacienda-obligara-a-los-parados-a-presentar-la-declaracion-de-la-renta-a-partir-del-ano-que-viene\/","title":{"rendered":"Hacienda obligar\u00e1 a los parados a presentar la declaraci\u00f3n de la Renta a partir del a\u00f1o que viene"},"content":{"rendered":"\n<p><\/p>\n\n\n\n<p>La Agencia Tributaria ha establecido una nueva obligaci\u00f3n para los beneficiarios de prestaciones por desempleo: a partir del pr\u00f3ximo a\u00f1o, deber\u00e1n presentar la declaraci\u00f3n de la Renta, independientemente de sus ingresos. Esta medida, que forma parte de un Real Decreto-ley aprobado en mayo, entrar\u00e1 en vigor el 1 de noviembre y afectar\u00e1 a aquellos que hayan cobrado el paro durante el a\u00f1o.<\/p>\n\n\n\n<p><\/p>\n\n\n\n<h2 class=\"wp-block-heading\">\u00bfQui\u00e9nes est\u00e1n obligados a presentar la Renta?<\/h2>\n\n\n\n<p>Tradicionalmente, los contribuyentes est\u00e1n exentos de presentar la declaraci\u00f3n si sus ingresos son inferiores a 22.000 euros anuales. Sin embargo, con esta nueva normativa, los parados deber\u00e1n declarar incluso si est\u00e1n por debajo de este umbral. Para aquellos con m\u00e1s de un pagador, el l\u00edmite se reduce a 15.876 euros, siempre que la suma de lo percibido por el segundo pagador no supere los 1.500 euros anuales.<\/p>\n\n\n\n<p>Esta iniciativa busca incrementar el control sobre los contribuyentes y se suma a una obligaci\u00f3n similar ya establecida para los aut\u00f3nomos, quienes deben presentar su declaraci\u00f3n independientemente de sus ganancias. Se estima que esta normativa impactar\u00e1 a alrededor de 200,000 trabajadores aut\u00f3nomos.<\/p>\n\n\n\n<p><\/p>\n\n\n\n<h2 class=\"wp-block-heading\">\u00bfCu\u00e1ndo se aplicar\u00e1 esta obligaci\u00f3n?<\/h2>\n\n\n\n<p>La medida se aplicar\u00e1 a la declaraci\u00f3n de la Renta de 2024, que se presentar\u00e1 en la primavera de 2025. Uno de los aspectos m\u00e1s preocupantes para los beneficiarios es que el incumplimiento de esta obligaci\u00f3n conllevar\u00e1 la p\u00e9rdida de la prestaci\u00f3n por desempleo. El texto del Real Decreto-ley establece que la suspensi\u00f3n de la ayuda se activar\u00e1 si la entidad gestora detecta que el beneficiario no ha presentado su declaraci\u00f3n del Impuesto sobre la Renta de las Personas F\u00edsicas.<\/p>\n\n\n\n<p><\/p>\n\n\n\n<h2 class=\"wp-block-heading\">\u00bfQu\u00e9 sanciones se aplicar\u00e1n a aquellos que no presenten la renta?<\/h2>\n\n\n\n<p>Los parados que no realicen la declaraci\u00f3n enfrentar\u00e1n sanciones que var\u00edan dependiendo de si la declaraci\u00f3n les resulta a pagar o a devolver. Si resulta a pagar, la multa podr\u00eda ser de entre el 50% y el 150% de la deuda. Esta multa podr\u00eda incrementarse si Hacienda determina que ha habido un perjuicio econ\u00f3mico o si el incumplimiento se repite. En el caso de que la declaraci\u00f3n resulte a devolver y no se presente, los contribuyentes tambi\u00e9n se arriesgan a multas, que podr\u00edan alcanzar los 200 euros. Esto podr\u00eda llevar a situaciones en las que, si la devoluci\u00f3n es menor que la multa, el contribuyente podr\u00eda terminar debiendo dinero a la Agencia Tributaria.<\/p>\n\n\n\n<p>Para m\u00e1s informaci\u00f3n, puede <a href=\"https:\/\/www.cinc.com\/es\/contacto\/\">contactar<\/a> con el departamento fiscal de CINC Asesor\u00eda.<\/p>\n","protected":false},"excerpt":{"rendered":"<p>\u00a1Atenci\u00f3n! A partir del pr\u00f3ximo a\u00f1o, Hacienda obligar\u00e1 a los parados a presentar la declaraci\u00f3n de la Renta, sin importar sus ingresos. <\/p>\n","protected":false},"author":8,"featured_media":27107,"comment_status":"open","ping_status":"open","sticky":false,"template":"","format":"standard","meta":{"_acf_changed":false,"_uag_custom_page_level_css":"","_jetpack_memberships_contains_paid_content":false,"footnotes":""},"categories":[26],"tags":[78],"class_list":["post-27086","post","type-post","status-publish","format-standard","has-post-thumbnail","hentry","category-asesoria","tag-fiscalidad"],"acf":[],"jetpack_featured_media_url":"https:\/\/www.cinc.com\/wp-content\/uploads\/foto-renta-13.webp","uagb_featured_image_src":{"full":["https:\/\/www.cinc.com\/wp-content\/uploads\/foto-renta-13.webp",1920,1080,false],"thumbnail":["https:\/\/www.cinc.com\/wp-content\/uploads\/foto-renta-13-150x150.webp",150,150,true],"medium":["https:\/\/www.cinc.com\/wp-content\/uploads\/foto-renta-13-300x169.webp",300,169,true],"medium_large":["https:\/\/www.cinc.com\/wp-content\/uploads\/foto-renta-13-768x432.webp",768,432,true],"large":["https:\/\/www.cinc.com\/wp-content\/uploads\/foto-renta-13-1024x576.webp",960,540,true],"1536x1536":["https:\/\/www.cinc.com\/wp-content\/uploads\/foto-renta-13-1536x864.webp",1536,864,true],"2048x2048":["https:\/\/www.cinc.com\/wp-content\/uploads\/foto-renta-13.webp",1920,1080,false],"gform-image-choice-sm":["https:\/\/www.cinc.com\/wp-content\/uploads\/foto-renta-13.webp",300,169,false],"gform-image-choice-md":["https:\/\/www.cinc.com\/wp-content\/uploads\/foto-renta-13.webp",400,225,false],"gform-image-choice-lg":["https:\/\/www.cinc.com\/wp-content\/uploads\/foto-renta-13.webp",600,338,false]},"uagb_author_info":{"display_name":"F\u00e0tima Duran","author_link":"https:\/\/www.cinc.com\/es\/author\/fatima\/"},"uagb_comment_info":0,"uagb_excerpt":"\u00a1Atenci\u00f3n! A partir del pr\u00f3ximo a\u00f1o, Hacienda obligar\u00e1 a los parados a presentar la declaraci\u00f3n de la Renta, sin importar sus ingresos.","jetpack_sharing_enabled":true,"_links":{"self":[{"href":"https:\/\/www.cinc.com\/es\/wp-json\/wp\/v2\/posts\/27086","targetHints":{"allow":["GET"]}}],"collection":[{"href":"https:\/\/www.cinc.com\/es\/wp-json\/wp\/v2\/posts"}],"about":[{"href":"https:\/\/www.cinc.com\/es\/wp-json\/wp\/v2\/types\/post"}],"author":[{"embeddable":true,"href":"https:\/\/www.cinc.com\/es\/wp-json\/wp\/v2\/users\/8"}],"replies":[{"embeddable":true,"href":"https:\/\/www.cinc.com\/es\/wp-json\/wp\/v2\/comments?post=27086"}],"version-history":[{"count":5,"href":"https:\/\/www.cinc.com\/es\/wp-json\/wp\/v2\/posts\/27086\/revisions"}],"predecessor-version":[{"id":27145,"href":"https:\/\/www.cinc.com\/es\/wp-json\/wp\/v2\/posts\/27086\/revisions\/27145"}],"wp:featuredmedia":[{"embeddable":true,"href":"https:\/\/www.cinc.com\/es\/wp-json\/wp\/v2\/media\/27107"}],"wp:attachment":[{"href":"https:\/\/www.cinc.com\/es\/wp-json\/wp\/v2\/media?parent=27086"}],"wp:term":[{"taxonomy":"category","embeddable":true,"href":"https:\/\/www.cinc.com\/es\/wp-json\/wp\/v2\/categories?post=27086"},{"taxonomy":"post_tag","embeddable":true,"href":"https:\/\/www.cinc.com\/es\/wp-json\/wp\/v2\/tags?post=27086"}],"curies":[{"name":"wp","href":"https:\/\/api.w.org\/{rel}","templated":true}]}}