{"id":26822,"date":"2024-09-19T09:36:11","date_gmt":"2024-09-19T08:36:11","guid":{"rendered":"https:\/\/www.cinc.com\/?p=26822"},"modified":"2025-11-11T13:05:01","modified_gmt":"2025-11-11T12:05:01","slug":"nuevas-tasas-de-iva-en-alimentos-basicos-que-entran-en-vigor-el-1-de-octubre-de-2024","status":"publish","type":"post","link":"https:\/\/www.cinc.com\/es\/nuevas-tasas-de-iva-en-alimentos-basicos-que-entran-en-vigor-el-1-de-octubre-de-2024\/","title":{"rendered":"Nuevas tasas de IVA en alimentos b\u00e1sicos que entran en vigor el 1 de octubre de 2024"},"content":{"rendered":"\n<p>A partir del 1 de octubre de 2024, se aplicar\u00e1n nuevas tasas de IVA del 7,5% y del 2% a ciertos productos, en virtud del Real Decreto-ley 04\/2024, aprobado el 26 de junio. Esta normativa extiende algunas medidas para hacer frente a los impactos econ\u00f3micos y sociales de los conflictos en Ucrania y Oriente Pr\u00f3ximo, e introduce cambios urgentes en los \u00e1mbitos fiscal, energ\u00e9tico y social.<\/p>\n\n\n\n<h2 class=\"wp-block-heading\">\u00bfA qu\u00e9 productos se aplica el cambio del iva del 1 de octubre y hasta cu\u00e1ndo?<\/h2>\n\n\n\n<p>La medida afecta a la reducci\u00f3n temporal del IVA sobre alimentos b\u00e1sicos, que estaba en vigor hasta el 30 de septiembre de 2024. Hasta esa fecha, los alimentos de primera necesidad y el aceite de oliva disfrutan de un IVA del 0%, mientras que productos como pastas alimenticias y aceites de semilla tienen una tasa del 5%. Sin embargo, desde el 1 de octubre hasta el 31 de diciembre de 2024, estas tasas aumentar\u00e1n: el IVA sobre las pastas y aceites de semilla subir\u00e1 al 7,5%, y el de los alimentos esenciales y aceite de oliva se establecer\u00e1 en el 2%.<\/p>\n\n\n\n<p>En paralelo, tambi\u00e9n se modificar\u00e1n los recargos de equivalencia: del 0,62% al 1% para productos como pastas y aceites de semilla, y del 0% al 0,26% para alimentos de primera necesidad y aceite de oliva.<\/p>\n\n\n\n<p>Por otro lado, desde el 1 de enero de 2025 el aceite de oliva ser\u00e1 considerado como alimento de primera necesidad en el tipo s\u00faper reducido del 4 por ciento.<\/p>\n\n\n\n<figure class=\"wp-block-gallery has-nested-images columns-default is-cropped wp-block-gallery-1 is-layout-flex wp-block-gallery-is-layout-flex\">\n<figure class=\"wp-block-image size-large\"><img loading=\"lazy\" decoding=\"async\" width=\"1024\" height=\"708\" data-id=\"26869\" src=\"https:\/\/www.cinc.com\/wp-content\/uploads\/prorroga-de-la-reduccion-del-iva-de-alos-alimentos-de-2024-1024x708.png\" alt=\"pro\u0301rroga de la reduccio\u0301n del iva de a los alimentos de 2024\" class=\"wp-image-26869\" srcset=\"https:\/\/www.cinc.com\/wp-content\/uploads\/prorroga-de-la-reduccion-del-iva-de-alos-alimentos-de-2024-1024x708.png 1024w, https:\/\/www.cinc.com\/wp-content\/uploads\/prorroga-de-la-reduccion-del-iva-de-alos-alimentos-de-2024-300x208.png 300w, https:\/\/www.cinc.com\/wp-content\/uploads\/prorroga-de-la-reduccion-del-iva-de-alos-alimentos-de-2024-768x531.png 768w, https:\/\/www.cinc.com\/wp-content\/uploads\/prorroga-de-la-reduccion-del-iva-de-alos-alimentos-de-2024-1536x1063.png 1536w, https:\/\/www.cinc.com\/wp-content\/uploads\/prorroga-de-la-reduccion-del-iva-de-alos-alimentos-de-2024-2048x1417.png 2048w\" sizes=\"auto, (max-width: 1024px) 100vw, 1024px\" \/><\/figure>\n<\/figure>\n\n\n\n<p style=\"font-size:0.7em\">Foto: <a href=\"https:\/\/www.lamoncloa.gob.es\/\">https:\/\/www.lamoncloa.gob.es\/<\/a><\/p>\n\n\n\n<p>Te recomendamos consultar el <a href=\"https:\/\/www.boe.es\/boe\/dias\/2024\/06\/27\/pdfs\/BOE-A-2024-12944.pdf\">texto completo del BOE <\/a>o descargarse <a href=\"https:\/\/sede.agenciatributaria.gob.es\/static_files\/Sede\/Tema\/IVA\/IVA_reperc\/Tipos_IVA_2024.pdf\">la lista de tipos de IVA<\/a> que pone a nuestra disposici\u00f3n la Agencia tributaria.<\/p>\n\n\n\n<p>Si tienes cualquier duda, puedes <a href=\"https:\/\/www.cinc.com\/es\/contacto\/\">contactar<\/a> con nuestro <a href=\"https:\/\/www.cinc.com\/es\/asesoria-de-empresas-y-gestoria\/asesoria-fiscal\/\">Departamento Fiscal<\/a> de CINC Asesor\u00eda.<\/p>\n\n\n\n<p><\/p>\n","protected":false},"excerpt":{"rendered":"<p>A partir del 1 de octubre de 2024, se aplicar\u00e1n nuevas tasas de IVA del 7,5% y del 2% a ciertos, tras la aprobaci\u00f3n del Real Decreto-ley 04\/2024.<\/p>\n","protected":false},"author":8,"featured_media":26816,"comment_status":"closed","ping_status":"closed","sticky":false,"template":"","format":"standard","meta":{"_acf_changed":false,"_uag_custom_page_level_css":"","_jetpack_memberships_contains_paid_content":false,"footnotes":""},"categories":[26],"tags":[107],"class_list":["post-26822","post","type-post","status-publish","format-standard","has-post-thumbnail","hentry","category-asesoria","tag-fiscalidad-es"],"acf":[],"jetpack_featured_media_url":"https:\/\/www.cinc.com\/wp-content\/uploads\/IVA-productos-basicos.webp","uagb_featured_image_src":{"full":["https:\/\/www.cinc.com\/wp-content\/uploads\/IVA-productos-basicos.webp",1920,1080,false],"thumbnail":["https:\/\/www.cinc.com\/wp-content\/uploads\/IVA-productos-basicos-150x150.webp",150,150,true],"medium":["https:\/\/www.cinc.com\/wp-content\/uploads\/IVA-productos-basicos-300x169.webp",300,169,true],"medium_large":["https:\/\/www.cinc.com\/wp-content\/uploads\/IVA-productos-basicos-768x432.webp",768,432,true],"large":["https:\/\/www.cinc.com\/wp-content\/uploads\/IVA-productos-basicos-1024x576.webp",960,540,true],"1536x1536":["https:\/\/www.cinc.com\/wp-content\/uploads\/IVA-productos-basicos-1536x864.webp",1536,864,true],"2048x2048":["https:\/\/www.cinc.com\/wp-content\/uploads\/IVA-productos-basicos.webp",1920,1080,false],"gform-image-choice-sm":["https:\/\/www.cinc.com\/wp-content\/uploads\/IVA-productos-basicos.webp",300,169,false],"gform-image-choice-md":["https:\/\/www.cinc.com\/wp-content\/uploads\/IVA-productos-basicos.webp",400,225,false],"gform-image-choice-lg":["https:\/\/www.cinc.com\/wp-content\/uploads\/IVA-productos-basicos.webp",600,338,false]},"uagb_author_info":{"display_name":"F\u00e0tima Duran","author_link":"https:\/\/www.cinc.com\/es\/author\/fatima\/"},"uagb_comment_info":0,"uagb_excerpt":"A partir del 1 de octubre de 2024, se aplicar\u00e1n nuevas tasas de IVA del 7,5% y del 2% a ciertos, tras la aprobaci\u00f3n del Real Decreto-ley 04\/2024.","jetpack_sharing_enabled":true,"_links":{"self":[{"href":"https:\/\/www.cinc.com\/es\/wp-json\/wp\/v2\/posts\/26822","targetHints":{"allow":["GET"]}}],"collection":[{"href":"https:\/\/www.cinc.com\/es\/wp-json\/wp\/v2\/posts"}],"about":[{"href":"https:\/\/www.cinc.com\/es\/wp-json\/wp\/v2\/types\/post"}],"author":[{"embeddable":true,"href":"https:\/\/www.cinc.com\/es\/wp-json\/wp\/v2\/users\/8"}],"replies":[{"embeddable":true,"href":"https:\/\/www.cinc.com\/es\/wp-json\/wp\/v2\/comments?post=26822"}],"version-history":[{"count":5,"href":"https:\/\/www.cinc.com\/es\/wp-json\/wp\/v2\/posts\/26822\/revisions"}],"predecessor-version":[{"id":26904,"href":"https:\/\/www.cinc.com\/es\/wp-json\/wp\/v2\/posts\/26822\/revisions\/26904"}],"wp:featuredmedia":[{"embeddable":true,"href":"https:\/\/www.cinc.com\/es\/wp-json\/wp\/v2\/media\/26816"}],"wp:attachment":[{"href":"https:\/\/www.cinc.com\/es\/wp-json\/wp\/v2\/media?parent=26822"}],"wp:term":[{"taxonomy":"category","embeddable":true,"href":"https:\/\/www.cinc.com\/es\/wp-json\/wp\/v2\/categories?post=26822"},{"taxonomy":"post_tag","embeddable":true,"href":"https:\/\/www.cinc.com\/es\/wp-json\/wp\/v2\/tags?post=26822"}],"curies":[{"name":"wp","href":"https:\/\/api.w.org\/{rel}","templated":true}]}}