{"id":26789,"date":"2024-09-19T08:52:34","date_gmt":"2024-09-19T07:52:34","guid":{"rendered":"https:\/\/www.cinc.com\/?p=26789"},"modified":"2024-09-19T09:04:28","modified_gmt":"2024-09-19T08:04:28","slug":"3er-congreso-apd-innovacion-innovar-desde-la-frontera","status":"publish","type":"post","link":"https:\/\/www.cinc.com\/es\/3er-congreso-apd-innovacion-innovar-desde-la-frontera\/","title":{"rendered":"3er Congreso APD Innovaci\u00f3n &#8211; Innovar desde la frontera"},"content":{"rendered":"\n<p>Los d\u00edas 26 y 27 de septiembre de 2024 se celebrar\u00e1 el 3er Congreso APD Innovaci\u00f3n en el Palau de Congressos de Catalunya, Barcelona. Este evento explorar\u00e1 los \u00abespacios liminales\u00bb donde germina la innovaci\u00f3n, abordando temas clave como el riesgo de no arriesgarse, la colaboraci\u00f3n p\u00fablico-privada, y las nuevas fronteras tecnol\u00f3gicas y \u00e9ticas.<\/p>\n\n\n\n<p>Ponentes de primer nivel analizar\u00e1n las tendencias que moldear\u00e1n el futuro empresarial.<\/p>\n\n\n\n<p>\u00a1No te pierdas esta oportunidad para conectar y aprender en un entorno de vanguardia!<\/p>\n\n\n\n<p>M\u00e1s informaci\u00f3n e inscripciones <a href=\"https:\/\/www.apd.es\/congreso-innovacion-2024\/\">aqu\u00ed<\/a>.<\/p>\n\n\n\n<p><\/p>\n\n\n\n<div class=\"wp-block-uagb-buttons uagb-buttons__outer-wrap uagb-btn__default-btn uagb-btn-tablet__default-btn uagb-btn-mobile__default-btn uagb-block-a6583e6b\"><div class=\"uagb-buttons__wrap uagb-buttons-layout-wrap\">\n<div class=\"wp-block-uagb-buttons-child uagb-buttons__outer-wrap uagb-block-135acc76 wp-block-button\"><div class=\"uagb-button__wrapper\"><a class=\"uagb-buttons-repeater wp-block-button__link\" href=\"https:\/\/apd-prod-wordpress.s3.amazonaws.com\/uploads\/sites\/2\/2024\/06\/programa_congreso_apd_innovacion_2024.pdf\" onclick=\"return true;\" rel=\"follow noopener\" target=\"_self\"><div class=\"uagb-button__link\">Descarga el programa<\/div><\/a><\/div><\/div>\n<\/div><\/div>\n\n\n\n<p><\/p>\n","protected":false},"excerpt":{"rendered":"<p>Los d\u00edas 26 y 27 de septiembre de 2024 se celebrar\u00e1 el 3er Congreso APD Innovaci\u00f3n en el Palau de Congressos de Catalunya, Barcelona.<\/p>\n","protected":false},"author":8,"featured_media":26790,"comment_status":"open","ping_status":"open","sticky":false,"template":"","format":"standard","meta":{"_acf_changed":false,"_uag_custom_page_level_css":"","_jetpack_memberships_contains_paid_content":false,"footnotes":""},"categories":[209],"tags":[],"class_list":["post-26789","post","type-post","status-publish","format-standard","has-post-thumbnail","hentry","category-eventos"],"acf":[],"jetpack_featured_media_url":"https:\/\/www.cinc.com\/wp-content\/uploads\/apd-congreso-innovacion.webp","uagb_featured_image_src":{"full":["https:\/\/www.cinc.com\/wp-content\/uploads\/apd-congreso-innovacion.webp",1920,1080,false],"thumbnail":["https:\/\/www.cinc.com\/wp-content\/uploads\/apd-congreso-innovacion-150x150.webp",150,150,true],"medium":["https:\/\/www.cinc.com\/wp-content\/uploads\/apd-congreso-innovacion-300x169.webp",300,169,true],"medium_large":["https:\/\/www.cinc.com\/wp-content\/uploads\/apd-congreso-innovacion-768x432.webp",768,432,true],"large":["https:\/\/www.cinc.com\/wp-content\/uploads\/apd-congreso-innovacion-1024x576.webp",960,540,true],"1536x1536":["https:\/\/www.cinc.com\/wp-content\/uploads\/apd-congreso-innovacion-1536x864.webp",1536,864,true],"2048x2048":["https:\/\/www.cinc.com\/wp-content\/uploads\/apd-congreso-innovacion.webp",1920,1080,false],"gform-image-choice-sm":["https:\/\/www.cinc.com\/wp-content\/uploads\/apd-congreso-innovacion.webp",300,169,false],"gform-image-choice-md":["https:\/\/www.cinc.com\/wp-content\/uploads\/apd-congreso-innovacion.webp",400,225,false],"gform-image-choice-lg":["https:\/\/www.cinc.com\/wp-content\/uploads\/apd-congreso-innovacion.webp",600,338,false]},"uagb_author_info":{"display_name":"F\u00e0tima Duran","author_link":"https:\/\/www.cinc.com\/es\/author\/fatima\/"},"uagb_comment_info":0,"uagb_excerpt":"Los d\u00edas 26 y 27 de septiembre de 2024 se celebrar\u00e1 el 3er Congreso APD Innovaci\u00f3n en el Palau de Congressos de Catalunya, Barcelona.","jetpack_sharing_enabled":true,"_links":{"self":[{"href":"https:\/\/www.cinc.com\/es\/wp-json\/wp\/v2\/posts\/26789","targetHints":{"allow":["GET"]}}],"collection":[{"href":"https:\/\/www.cinc.com\/es\/wp-json\/wp\/v2\/posts"}],"about":[{"href":"https:\/\/www.cinc.com\/es\/wp-json\/wp\/v2\/types\/post"}],"author":[{"embeddable":true,"href":"https:\/\/www.cinc.com\/es\/wp-json\/wp\/v2\/users\/8"}],"replies":[{"embeddable":true,"href":"https:\/\/www.cinc.com\/es\/wp-json\/wp\/v2\/comments?post=26789"}],"version-history":[{"count":3,"href":"https:\/\/www.cinc.com\/es\/wp-json\/wp\/v2\/posts\/26789\/revisions"}],"predecessor-version":[{"id":26813,"href":"https:\/\/www.cinc.com\/es\/wp-json\/wp\/v2\/posts\/26789\/revisions\/26813"}],"wp:featuredmedia":[{"embeddable":true,"href":"https:\/\/www.cinc.com\/es\/wp-json\/wp\/v2\/media\/26790"}],"wp:attachment":[{"href":"https:\/\/www.cinc.com\/es\/wp-json\/wp\/v2\/media?parent=26789"}],"wp:term":[{"taxonomy":"category","embeddable":true,"href":"https:\/\/www.cinc.com\/es\/wp-json\/wp\/v2\/categories?post=26789"},{"taxonomy":"post_tag","embeddable":true,"href":"https:\/\/www.cinc.com\/es\/wp-json\/wp\/v2\/tags?post=26789"}],"curies":[{"name":"wp","href":"https:\/\/api.w.org\/{rel}","templated":true}]}}