{"id":26718,"date":"2024-09-17T08:59:04","date_gmt":"2024-09-17T07:59:04","guid":{"rendered":"https:\/\/www.cinc.com\/?p=26718"},"modified":"2024-09-17T09:10:35","modified_gmt":"2024-09-17T08:10:35","slug":"impuesto-sobre-emisiones-de-co2-consulta-el-padron-definitivo-de-2024","status":"publish","type":"post","link":"https:\/\/www.cinc.com\/es\/impuesto-sobre-emisiones-de-co2-consulta-el-padron-definitivo-de-2024\/","title":{"rendered":"Impuesto sobre Emisiones de CO2: consulta el padr\u00f3n definitivo de 2024"},"content":{"rendered":"\n<p>El padr\u00f3n definitivo correspondiente al ejercicio 2023 del impuesto sobre las emisiones de di\u00f3xido de carbono de los veh\u00edculos de tracci\u00f3n mec\u00e1nica ya ha sido publicado.<\/p>\n\n\n\n<h2 class=\"wp-block-heading\">\u00bfD\u00f3nde consultar el padr\u00f3n?<\/h2>\n\n\n\n<p>Puedes acceder al padr\u00f3n a trav\u00e9s del siguiente enlace: <a href=\"https:\/\/atc.gencat.cat\/ca\/tributs\/impost-emissions-vehicles\/acces-padro\/\">Consulta el padr\u00f3n de emisiones de CO2.<\/a><\/p>\n\n\n\n<p>Cabe recordar que el padr\u00f3n provisional fue publicado el 1 de mayo de 2024. Desde esa fecha y hasta el 6 de junio, los contribuyentes tuvieron la oportunidad de presentar solicitudes de modificaci\u00f3n o alegaciones.<\/p>\n\n\n\n<h2 class=\"wp-block-heading\">\u00bfQu\u00e9 es el impuesto sobre emisiones de CO2?<\/h2>\n\n\n\n<p>Este impuesto, que se instaur\u00f3 en 2017, tiene como objetivo gravar las emisiones de CO2 de los veh\u00edculos debido a su impacto en el efecto invernadero y el cambio clim\u00e1tico. Se trata de un tributo ambiental que se enmarca en las pol\u00edticas fiscales verdes de la Uni\u00f3n Europea.<\/p>\n\n\n\n<h2 class=\"wp-block-heading\">\u00bfCu\u00e1les son los plazos de pago del impuesto?<\/h2>\n\n\n\n<p>\u2022 Para los veh\u00edculos con el pago domiciliado, el cargo en cuenta se realizar\u00e1 el 20 de noviembre de 2024.<br>\u2022 Aquellos que no tienen el pago domiciliado podr\u00e1n realizar el pago desde el 1 de septiembre hasta el 20 de noviembre de 2024. En el caso de los veh\u00edculos de nueva tributaci\u00f3n, la fecha l\u00edmite de pago se detallar\u00e1 en la notificaci\u00f3n que recibir\u00e1 el titular.<\/p>\n\n\n\n<h2 class=\"wp-block-heading\">\u00bfQui\u00e9n debe pagar este impuesto?<\/h2>\n\n\n\n<p>Est\u00e1n obligados a pagar este impuesto las personas f\u00edsicas o jur\u00eddicas que durante el 2023 hayan tenido domicilio fiscal en Catalunya y hayan sido titulares de un veh\u00edculo (turismo, furgoneta o motocicleta). Tambi\u00e9n las entidades sin residencia fiscal en Catalunya que hayan tenido establecimientos o sucursales con veh\u00edculos registrados en esta comunidad.<\/p>\n\n\n\n<h2 class=\"wp-block-heading\">Formas de pago<\/h2>\n\n\n\n<p>El impuesto puede abonarse por internet, por tel\u00e9fono, de manera presencial o mediante domiciliaci\u00f3n bancaria.<\/p>\n\n\n\n<p>Para m\u00e1s informaci\u00f3n, puedes <a href=\"https:\/\/www.cinc.com\/es\/contacto\/\">contactar<\/a> con el Departamento Fiscal de CINC Asesor\u00eda.<\/p>\n\n\n\n<p><\/p>\n","protected":false},"excerpt":{"rendered":"<p>Consulta toda la informaci\u00f3n relativa al nuevo padr\u00f3n sobre el impuesto de emisiones de CO2. <\/p>\n","protected":false},"author":8,"featured_media":26717,"comment_status":"open","ping_status":"open","sticky":false,"template":"","format":"standard","meta":{"_acf_changed":false,"_uag_custom_page_level_css":"","_jetpack_memberships_contains_paid_content":false,"footnotes":""},"categories":[26],"tags":[107],"class_list":["post-26718","post","type-post","status-publish","format-standard","has-post-thumbnail","hentry","category-asesoria","tag-fiscalidad-es"],"acf":[],"jetpack_featured_media_url":"https:\/\/www.cinc.com\/wp-content\/uploads\/emisions-CO2.webp","uagb_featured_image_src":{"full":["https:\/\/www.cinc.com\/wp-content\/uploads\/emisions-CO2.webp",1920,1080,false],"thumbnail":["https:\/\/www.cinc.com\/wp-content\/uploads\/emisions-CO2-150x150.webp",150,150,true],"medium":["https:\/\/www.cinc.com\/wp-content\/uploads\/emisions-CO2-300x169.webp",300,169,true],"medium_large":["https:\/\/www.cinc.com\/wp-content\/uploads\/emisions-CO2-768x432.webp",768,432,true],"large":["https:\/\/www.cinc.com\/wp-content\/uploads\/emisions-CO2-1024x576.webp",960,540,true],"1536x1536":["https:\/\/www.cinc.com\/wp-content\/uploads\/emisions-CO2-1536x864.webp",1536,864,true],"2048x2048":["https:\/\/www.cinc.com\/wp-content\/uploads\/emisions-CO2.webp",1920,1080,false],"gform-image-choice-sm":["https:\/\/www.cinc.com\/wp-content\/uploads\/emisions-CO2.webp",300,169,false],"gform-image-choice-md":["https:\/\/www.cinc.com\/wp-content\/uploads\/emisions-CO2.webp",400,225,false],"gform-image-choice-lg":["https:\/\/www.cinc.com\/wp-content\/uploads\/emisions-CO2.webp",600,338,false]},"uagb_author_info":{"display_name":"F\u00e0tima Duran","author_link":"https:\/\/www.cinc.com\/es\/author\/fatima\/"},"uagb_comment_info":0,"uagb_excerpt":"Consulta toda la informaci\u00f3n relativa al nuevo padr\u00f3n sobre el impuesto de emisiones de CO2.","jetpack_sharing_enabled":true,"_links":{"self":[{"href":"https:\/\/www.cinc.com\/es\/wp-json\/wp\/v2\/posts\/26718","targetHints":{"allow":["GET"]}}],"collection":[{"href":"https:\/\/www.cinc.com\/es\/wp-json\/wp\/v2\/posts"}],"about":[{"href":"https:\/\/www.cinc.com\/es\/wp-json\/wp\/v2\/types\/post"}],"author":[{"embeddable":true,"href":"https:\/\/www.cinc.com\/es\/wp-json\/wp\/v2\/users\/8"}],"replies":[{"embeddable":true,"href":"https:\/\/www.cinc.com\/es\/wp-json\/wp\/v2\/comments?post=26718"}],"version-history":[{"count":3,"href":"https:\/\/www.cinc.com\/es\/wp-json\/wp\/v2\/posts\/26718\/revisions"}],"predecessor-version":[{"id":26723,"href":"https:\/\/www.cinc.com\/es\/wp-json\/wp\/v2\/posts\/26718\/revisions\/26723"}],"wp:featuredmedia":[{"embeddable":true,"href":"https:\/\/www.cinc.com\/es\/wp-json\/wp\/v2\/media\/26717"}],"wp:attachment":[{"href":"https:\/\/www.cinc.com\/es\/wp-json\/wp\/v2\/media?parent=26718"}],"wp:term":[{"taxonomy":"category","embeddable":true,"href":"https:\/\/www.cinc.com\/es\/wp-json\/wp\/v2\/categories?post=26718"},{"taxonomy":"post_tag","embeddable":true,"href":"https:\/\/www.cinc.com\/es\/wp-json\/wp\/v2\/tags?post=26718"}],"curies":[{"name":"wp","href":"https:\/\/api.w.org\/{rel}","templated":true}]}}