{"id":25557,"date":"2024-06-10T11:15:50","date_gmt":"2024-06-10T10:15:50","guid":{"rendered":"https:\/\/www.cinc.com\/?p=25557"},"modified":"2024-06-10T11:09:20","modified_gmt":"2024-06-10T10:09:20","slug":"arraigo-para-la-formacion-en-2024-en-que-consiste-y-cuales-son-los-requisitos","status":"publish","type":"post","link":"https:\/\/www.cinc.com\/es\/arraigo-para-la-formacion-en-2024-en-que-consiste-y-cuales-son-los-requisitos\/","title":{"rendered":"Arraigo para la formaci\u00f3n en 2024: \u00bfen qu\u00e9 consiste y cu\u00e1les son los requisitos?"},"content":{"rendered":"\n<p>El Arraigo para la formaci\u00f3n es una autorizaci\u00f3n de residencia temporal por circunstancias excepcionales que se puede conceder a ciudadanos extranjeros que se encuentren en Espa\u00f1a y hayan permanecido de <strong>forma continuada durante dos a\u00f1os<\/strong>, permitiendo la obtenci\u00f3n de una autorizaci\u00f3n para la <strong>realizaci\u00f3n de una formaci\u00f3n<\/strong>, supeditando la obtenci\u00f3n de la autorizaci\u00f3n de residencia y trabajo a la superaci\u00f3n de \u00e9sta y de la presentaci\u00f3n de un contrato de trabajo.<\/p>\n\n\n\n<p>La autorizaci\u00f3n concedida podr\u00e1 ser prorrogada una \u00fanica vez por otro per\u00edodo de 12 meses en los casos en que la formaci\u00f3n tenga una duraci\u00f3n superior a un a\u00f1o o exceda la vigencia de la primera autorizaci\u00f3n concedida.<\/p>\n\n\n\n<p><\/p>\n\n\n\n<h2 class=\"wp-block-heading\">Requisitos del Arraigo para la Formaci\u00f3n<\/h2>\n\n\n\n<ul class=\"wp-block-list\">\n<li>No ser ciudadano de un Estado de la Uni\u00f3n Europea, del Espacio Econ\u00f3mico Europeo o de Suiza, o familiar de ciudadanos de estos pa\u00edses a los que les sea de aplicaci\u00f3n el r\u00e9gimen de ciudadano de la Uni\u00f3n.<\/li>\n\n\n\n<li>Carecer de antecedentes penales en Espa\u00f1a y en su pa\u00eds de origen o en el pa\u00eds o pa\u00edses en que haya residido durante los \u00faltimos cinco a\u00f1os.<\/li>\n\n\n\n<li>No tener prohibida la entrada en Espa\u00f1a y no figurar como rechazable en el espacio territorial de pa\u00edses con los que Espa\u00f1a tenga firmado un convenio en tal sentido.<\/li>\n\n\n\n<li>No encontrarse, en su caso, dentro del plazo de compromiso de no retorno a Espa\u00f1a que el extranjero haya asumido al regresar voluntariamente a su pa\u00eds de origen.<\/li>\n\n\n\n<li>Haber permanecido de forma continuada en Espa\u00f1a durante un periodo m\u00ednimo de dos a\u00f1os previos a la solicitud de la autorizaci\u00f3n. Se entiende permanencia continuada si las ausencias no han superado los 90 d\u00edas en los dos \u00faltimos a\u00f1os.<\/li>\n\n\n\n<li>Comprometerse a realizar una formaci\u00f3n:<ul><li>Reglada para el empleo o a obtener un certificado de profesionalidad, o una formaci\u00f3n conducente a la obtenci\u00f3n de la certificaci\u00f3n de aptitud t\u00e9cnica o habilitaci\u00f3n profesional necesaria para el ejercicio de una ocupaci\u00f3n espec\u00edfica o una promovida por los Servicios P\u00fablicos de Empleo y orientada al desempe\u00f1o de ocupaciones incluidas en el Cat\u00e1logo al que se refiere el art\u00edculo 65.1.<\/li><\/ul><ul><li>O bien, en el \u00e1mbito de la formaci\u00f3n permanente de las universidades, comprometerse a la realizaci\u00f3n de cursos de ampliaci\u00f3n o actualizaci\u00f3n de competencias y habilidades formativas o profesionales, as\u00ed como de otras ense\u00f1anzas propias de formaci\u00f3n permanente.<\/li><\/ul>\n<ul class=\"wp-block-list\">\n<li>A estos efectos, la matriculaci\u00f3n deber\u00e1 haberse realizado en un plazo de tres meses desde la notificaci\u00f3n de la resoluci\u00f3n de concesi\u00f3n de la autorizaci\u00f3n de residencia.<\/li>\n<\/ul>\n<\/li>\n\n\n\n<li>Que se haya abonado la tasa correspondiente por la tramitaci\u00f3n del procedimiento.<\/li>\n<\/ul>\n\n\n\n<p><\/p>\n\n\n\n<h2 class=\"wp-block-heading\">Novedades con la nueva Reforma del Reglamento de Extranjer\u00eda<\/h2>\n\n\n\n<p>Hasta la fecha, este permiso no permit\u00eda trabajar mientras se llevaban a cabo los estudios. Sin embargo, de acuerdo a lo que se ha anunciado con la nueva <strong>Reforma del Reglamento de Extranjer\u00eda<\/strong>, se est\u00e1 estudiando incorporar el permiso de trabajo con este tipo de residencia.<\/p>\n\n\n\n<p>Si cuentas con los requisitos para este arraigo o tienes dudas sobre c\u00f3mo realizar alg\u00fan tr\u00e1mite de Extranjer\u00eda, ponte en contacto con el Departamento de Extranjer\u00eda de CINC Asesor\u00eda y te ayudaremos con tu situaci\u00f3n legal en el pa\u00eds.<\/p>\n\n\n\n<p><\/p>\n\n\n\n<div class=\"wp-block-buttons is-content-justification-center is-layout-flex wp-container-core-buttons-is-layout-a89b3969 wp-block-buttons-is-layout-flex\">\n<div class=\"wp-block-button\"><a class=\"wp-block-button__link wp-element-button\" href=\"https:\/\/www.cinc.com\/es\/contacto\/\" target=\"_blank\" rel=\"noreferrer noopener\">\u00a1Cons\u00faltanos!<\/a><\/div>\n<\/div>\n","protected":false},"excerpt":{"rendered":"<p>Conoce los requisitos del Arraigo para la formaci\u00f3n y obt\u00e9n la autorizaci\u00f3n de residencia temporal por circunstancias excepcionales.<\/p>\n","protected":false},"author":8,"featured_media":25558,"comment_status":"closed","ping_status":"closed","sticky":false,"template":"","format":"standard","meta":{"_acf_changed":false,"_uag_custom_page_level_css":"","_jetpack_memberships_contains_paid_content":false,"footnotes":""},"categories":[95],"tags":[77],"class_list":["post-25557","post","type-post","status-publish","format-standard","has-post-thumbnail","hentry","category-extranjeria","tag-extranjeria"],"acf":[],"jetpack_featured_media_url":"https:\/\/www.cinc.com\/wp-content\/uploads\/2024\/06\/Fotos-Blog-CINC-WordPress-50.webp","uagb_featured_image_src":{"full":["https:\/\/www.cinc.com\/wp-content\/uploads\/2024\/06\/Fotos-Blog-CINC-WordPress-50.webp",1920,1080,false],"thumbnail":["https:\/\/www.cinc.com\/wp-content\/uploads\/2024\/06\/Fotos-Blog-CINC-WordPress-50-150x150.webp",150,150,true],"medium":["https:\/\/www.cinc.com\/wp-content\/uploads\/2024\/06\/Fotos-Blog-CINC-WordPress-50-300x169.webp",300,169,true],"medium_large":["https:\/\/www.cinc.com\/wp-content\/uploads\/2024\/06\/Fotos-Blog-CINC-WordPress-50-768x432.webp",768,432,true],"large":["https:\/\/www.cinc.com\/wp-content\/uploads\/2024\/06\/Fotos-Blog-CINC-WordPress-50-1024x576.webp",960,540,true],"1536x1536":["https:\/\/www.cinc.com\/wp-content\/uploads\/2024\/06\/Fotos-Blog-CINC-WordPress-50-1536x864.webp",1536,864,true],"2048x2048":["https:\/\/www.cinc.com\/wp-content\/uploads\/2024\/06\/Fotos-Blog-CINC-WordPress-50.webp",1920,1080,false],"gform-image-choice-sm":["https:\/\/www.cinc.com\/wp-content\/uploads\/2024\/06\/Fotos-Blog-CINC-WordPress-50.webp",300,169,false],"gform-image-choice-md":["https:\/\/www.cinc.com\/wp-content\/uploads\/2024\/06\/Fotos-Blog-CINC-WordPress-50.webp",400,225,false],"gform-image-choice-lg":["https:\/\/www.cinc.com\/wp-content\/uploads\/2024\/06\/Fotos-Blog-CINC-WordPress-50.webp",600,338,false]},"uagb_author_info":{"display_name":"F\u00e0tima Duran","author_link":"https:\/\/www.cinc.com\/es\/author\/fatima\/"},"uagb_comment_info":0,"uagb_excerpt":"Conoce los requisitos del Arraigo para la formaci\u00f3n y obt\u00e9n la autorizaci\u00f3n de residencia temporal por circunstancias excepcionales.","jetpack_sharing_enabled":true,"_links":{"self":[{"href":"https:\/\/www.cinc.com\/es\/wp-json\/wp\/v2\/posts\/25557","targetHints":{"allow":["GET"]}}],"collection":[{"href":"https:\/\/www.cinc.com\/es\/wp-json\/wp\/v2\/posts"}],"about":[{"href":"https:\/\/www.cinc.com\/es\/wp-json\/wp\/v2\/types\/post"}],"author":[{"embeddable":true,"href":"https:\/\/www.cinc.com\/es\/wp-json\/wp\/v2\/users\/8"}],"replies":[{"embeddable":true,"href":"https:\/\/www.cinc.com\/es\/wp-json\/wp\/v2\/comments?post=25557"}],"version-history":[{"count":1,"href":"https:\/\/www.cinc.com\/es\/wp-json\/wp\/v2\/posts\/25557\/revisions"}],"predecessor-version":[{"id":25562,"href":"https:\/\/www.cinc.com\/es\/wp-json\/wp\/v2\/posts\/25557\/revisions\/25562"}],"wp:featuredmedia":[{"embeddable":true,"href":"https:\/\/www.cinc.com\/es\/wp-json\/wp\/v2\/media\/25558"}],"wp:attachment":[{"href":"https:\/\/www.cinc.com\/es\/wp-json\/wp\/v2\/media?parent=25557"}],"wp:term":[{"taxonomy":"category","embeddable":true,"href":"https:\/\/www.cinc.com\/es\/wp-json\/wp\/v2\/categories?post=25557"},{"taxonomy":"post_tag","embeddable":true,"href":"https:\/\/www.cinc.com\/es\/wp-json\/wp\/v2\/tags?post=25557"}],"curies":[{"name":"wp","href":"https:\/\/api.w.org\/{rel}","templated":true}]}}