{"id":25447,"date":"2024-06-03T12:47:00","date_gmt":"2024-06-03T11:47:00","guid":{"rendered":"https:\/\/www.cinc.com\/?p=25447"},"modified":"2024-06-05T11:49:06","modified_gmt":"2024-06-05T10:49:06","slug":"el-caso-meta-la-importancia-de-proteger-los-datos-de-los-usuarios-ante-las-elecciones-al-parlamento-europeo","status":"publish","type":"post","link":"https:\/\/www.cinc.com\/es\/el-caso-meta-la-importancia-de-proteger-los-datos-de-los-usuarios-ante-las-elecciones-al-parlamento-europeo\/","title":{"rendered":"El caso Meta: la importancia de proteger los datos de los usuarios ante las elecciones del Parlamento Europeo"},"content":{"rendered":"\n<p>Hoy, gracias a nuestro <a href=\"https:\/\/www.cinc.com\/es\/asesoria-de-empresas-y-gestoria\/proteccion-de-datos\/\">Departamento de Protecci\u00f3n de Datos<\/a>, os traemos una muy buena noticia para todos los usuarios que est\u00e9n preocupados, o no, por sus datos personales y el poder que tienen actualmente las RRSS en los procesos dem\u00f3craticos<\/p>\n\n\n\n<p>La <a href=\"https:\/\/www.aepd.es\/\" target=\"_blank\" rel=\"noreferrer noopener\">Agencia Espa\u00f1ola de Protecci\u00f3n de Datos <\/a>ha emitido una medida cautelar contra Meta Platforms Ireland Limited , ordenando la suspensi\u00f3n inmediata de las funcionalidades Election Day Information (EDI) y Voter Information Unit (VIU) en el territorio espa\u00f1ol. Esta decisi\u00f3n se toma en el contexto de las <a href=\"https:\/\/elections.europa.eu\/es\/\" target=\"_blank\" rel=\"noreferrer noopener\">pr\u00f3ximas elecciones al Parlamento Europeo<\/a>, con el objetivo de proteger los datos personales de los votantes procedentes de Facebook e Instagram.<\/p>\n\n\n\n<p><\/p>\n\n\n\n<h2 class=\"wp-block-heading\">Motivos de la suspension por parte de la AEDP<\/h2>\n\n\n\n<p>La AEPD ha se\u00f1alado que Meta est\u00e1 infringiendo el Reglamento General de Protecci\u00f3n de Datos al planear el tratamiento de datos, ya que no cumple con los principios de licitud, minimizaci\u00f3n de datos y limitaci\u00f3n del plazo de conservaci\u00f3n. Advierte que la recopilaci\u00f3n y retenci\u00f3n de estos datos podr\u00edan poner en peligro los derechos y libertades de los usuarios, permitiendo la elaboraci\u00f3n de perfiles detallados y tratamientos intrusivos. Tambi\u00e9n destaca que la transferencia de estos datos a terceros ser\u00eda una interferencia desproporcionada en los derechos y libertades de los afectados, aumentando el riesgo de uso indebido por parte de desconocidos<\/p>\n\n\n\n<p>En su <a href=\"https:\/\/www.boe.es\/buscar\/doc.php?id=BOE-A-2019-3423\" target=\"_blank\" rel=\"noreferrer noopener nofollow\">Circular 1\/2019, la AEPD<\/a> resalta que el uso de Big Data, la inteligencia artificial y el microtargeting en procesos electorales puede llevar a la manipulaci\u00f3n y desinformaci\u00f3n mediante perfiles exhaustivos. Seg\u00fan esta circular, solo se pueden recopilar opiniones pol\u00edticas expresadas libremente en el ejercicio de los derechos a la libertad ideol\u00f3gica y de expresi\u00f3n, prohibiendo el uso de tecnolog\u00edas que deduzcan la ideolog\u00eda pol\u00edtica de una persona a partir de otros datos personales.<\/p>\n\n\n\n<p>La decisi\u00f3n de la AEPD env\u00eda un mensaje claro a las grandes tecnol\u00f3gicas: la protecci\u00f3n de datos de los ciudadanos de Espa\u00f1a es una prioridad y no se tolerar\u00e1 ninguna infracci\u00f3n al RGPD. Este caso tambi\u00e9n pone en relieve la necesidad de una regulaci\u00f3n m\u00e1s estricta del uso de datos en el \u00e1mbito electoral, para evitar la manipulaci\u00f3n y la desinformaci\u00f3n.<\/p>\n\n\n\n<p>Para m\u00e1s informaci\u00f3n, no dudes en ponerte en <a href=\"https:\/\/www.cinc.com\/es\/contacto\/\" target=\"_blank\" rel=\"noreferrer noopener\">contacto<\/a> con el <a href=\"https:\/\/www.cinc.com\/es\/asesoria-de-empresas-y-gestoria\/proteccion-de-datos\/\">Departamento de Protecci\u00f3n de Datos<\/a> de CINC Asesor\u00eda.<\/p>\n","protected":false},"excerpt":{"rendered":"<p>La Agencia Espa\u00f1ola de Protecci\u00f3n de Datos ha emitido una medida cautelar contra Meta Platforms Ireland Limited.<\/p>\n","protected":false},"author":8,"featured_media":25454,"comment_status":"open","ping_status":"open","sticky":false,"template":"","format":"standard","meta":{"_acf_changed":false,"_uag_custom_page_level_css":"","_jetpack_memberships_contains_paid_content":false,"footnotes":""},"categories":[26,104],"tags":[105,165,164,166,106],"class_list":["post-25447","post","type-post","status-publish","format-standard","has-post-thumbnail","hentry","category-asesoria","category-proteccion-de-datos","tag-asesoria","tag-elecciones","tag-meta","tag-parlamento-europeo","tag-proteccion-de-datos-es"],"acf":[],"jetpack_featured_media_url":"https:\/\/www.cinc.com\/wp-content\/uploads\/2024\/06\/Fotos-Blog-CINC-WordPress-46.jpg","uagb_featured_image_src":{"full":["https:\/\/www.cinc.com\/wp-content\/uploads\/2024\/06\/Fotos-Blog-CINC-WordPress-46.jpg",1920,1080,false],"thumbnail":["https:\/\/www.cinc.com\/wp-content\/uploads\/2024\/06\/Fotos-Blog-CINC-WordPress-46-150x150.jpg",150,150,true],"medium":["https:\/\/www.cinc.com\/wp-content\/uploads\/2024\/06\/Fotos-Blog-CINC-WordPress-46-300x169.jpg",300,169,true],"medium_large":["https:\/\/www.cinc.com\/wp-content\/uploads\/2024\/06\/Fotos-Blog-CINC-WordPress-46-768x432.jpg",768,432,true],"large":["https:\/\/www.cinc.com\/wp-content\/uploads\/2024\/06\/Fotos-Blog-CINC-WordPress-46-1024x576.jpg",960,540,true],"1536x1536":["https:\/\/www.cinc.com\/wp-content\/uploads\/2024\/06\/Fotos-Blog-CINC-WordPress-46-1536x864.jpg",1536,864,true],"2048x2048":["https:\/\/www.cinc.com\/wp-content\/uploads\/2024\/06\/Fotos-Blog-CINC-WordPress-46.jpg",1920,1080,false],"gform-image-choice-sm":["https:\/\/www.cinc.com\/wp-content\/uploads\/2024\/06\/Fotos-Blog-CINC-WordPress-46.jpg",300,169,false],"gform-image-choice-md":["https:\/\/www.cinc.com\/wp-content\/uploads\/2024\/06\/Fotos-Blog-CINC-WordPress-46.jpg",400,225,false],"gform-image-choice-lg":["https:\/\/www.cinc.com\/wp-content\/uploads\/2024\/06\/Fotos-Blog-CINC-WordPress-46.jpg",600,338,false]},"uagb_author_info":{"display_name":"F\u00e0tima Duran","author_link":"https:\/\/www.cinc.com\/es\/author\/fatima\/"},"uagb_comment_info":0,"uagb_excerpt":"La Agencia Espa\u00f1ola de Protecci\u00f3n de Datos ha emitido una medida cautelar contra Meta Platforms Ireland Limited.","jetpack_sharing_enabled":true,"_links":{"self":[{"href":"https:\/\/www.cinc.com\/es\/wp-json\/wp\/v2\/posts\/25447","targetHints":{"allow":["GET"]}}],"collection":[{"href":"https:\/\/www.cinc.com\/es\/wp-json\/wp\/v2\/posts"}],"about":[{"href":"https:\/\/www.cinc.com\/es\/wp-json\/wp\/v2\/types\/post"}],"author":[{"embeddable":true,"href":"https:\/\/www.cinc.com\/es\/wp-json\/wp\/v2\/users\/8"}],"replies":[{"embeddable":true,"href":"https:\/\/www.cinc.com\/es\/wp-json\/wp\/v2\/comments?post=25447"}],"version-history":[{"count":12,"href":"https:\/\/www.cinc.com\/es\/wp-json\/wp\/v2\/posts\/25447\/revisions"}],"predecessor-version":[{"id":25513,"href":"https:\/\/www.cinc.com\/es\/wp-json\/wp\/v2\/posts\/25447\/revisions\/25513"}],"wp:featuredmedia":[{"embeddable":true,"href":"https:\/\/www.cinc.com\/es\/wp-json\/wp\/v2\/media\/25454"}],"wp:attachment":[{"href":"https:\/\/www.cinc.com\/es\/wp-json\/wp\/v2\/media?parent=25447"}],"wp:term":[{"taxonomy":"category","embeddable":true,"href":"https:\/\/www.cinc.com\/es\/wp-json\/wp\/v2\/categories?post=25447"},{"taxonomy":"post_tag","embeddable":true,"href":"https:\/\/www.cinc.com\/es\/wp-json\/wp\/v2\/tags?post=25447"}],"curies":[{"name":"wp","href":"https:\/\/api.w.org\/{rel}","templated":true}]}}