{"id":25362,"date":"2024-05-22T11:38:23","date_gmt":"2024-05-22T10:38:23","guid":{"rendered":"https:\/\/www.cinc.com\/?p=25362"},"modified":"2024-06-03T14:21:14","modified_gmt":"2024-06-03T13:21:14","slug":"se-elimina-el-despido-automatico-por-incapacidad-permanente","status":"publish","type":"post","link":"https:\/\/www.cinc.com\/es\/se-elimina-el-despido-automatico-por-incapacidad-permanente\/","title":{"rendered":"Se elimina el despido autom\u00e1tico por incapacidad permanente"},"content":{"rendered":"\n<p>El Consejo de Ministros ha aprobado el 21 de mayo la reforma del art\u00edculo 49.1 del Estatuto de los Trabajadores, que elimina la incapacidad permanente como causa autom\u00e1tica de extinci\u00f3n de contrato laboral. Esta nueva medida tiene como<strong> finalidad proteger el empleo de las personas con discapacidad<\/strong>, seg\u00fan recoge el acuerdo establecido con el Comit\u00e9 Espa\u00f1ol de Representantes de Personas con Discapacidad.<\/p>\n\n\n\n<h2 class=\"wp-block-heading\">\u00bfC\u00f3mo afecta esta nueva medida a las empresas?<\/h2>\n\n\n\n<p>Con este cambio, que entrar\u00e1 en vigor tras su publicaci\u00f3n en el BOE (a\u00fan pendiente), la posibilidad de extinguir el contrato queda condicionada a la voluntad de la persona trabajadora, a quien se le ofrecer\u00e1n dos opciones:<\/p>\n\n\n\n<ul class=\"wp-block-list\">\n<li>La adaptaci\u00f3n al puesto de trabajo, de forma razonable, necesaria y adecuada.<\/li>\n\n\n\n<li>El cambio a otro puesto de trabajo vacante y disponible, acorde a su perfil profesional y nueva situaci\u00f3n.<\/li>\n<\/ul>\n\n\n\n<p>Por tanto, ser\u00e1 <strong>necesario<\/strong> que las<strong> empresas realicen los ajustes necesarios para que las personas con discapacidad ejerzan su derecho al trabajo<\/strong>, incluso en caso de encontrarse en esta situaci\u00f3n con posterioridad al inicio de su actividad profesional.<\/p>\n\n\n\n<p>Para m\u00e1s informaci\u00f3n sobre esta novedad, no dudes en ponerte en <a href=\"https:\/\/www.cinc.com\/es\/contacto\/\">contacto <\/a>nuestra <a href=\"https:\/\/www.cinc.com\/es\/asesoria-de-empresas-y-gestoria\/asesoria-laboral\/\">Asesoria Laboral<\/a>.<\/p>\n\n\n\n<p><\/p>\n","protected":false},"excerpt":{"rendered":"<p>El Consejo de Ministros ha aprobado una reforma que elimina la incapacidad permanente como causa autom\u00e1tica de extinci\u00f3n de contrato laboral. <\/p>\n","protected":false},"author":8,"featured_media":25363,"comment_status":"closed","ping_status":"closed","sticky":false,"template":"","format":"standard","meta":{"_acf_changed":false,"_uag_custom_page_level_css":"","_jetpack_memberships_contains_paid_content":false,"footnotes":""},"categories":[26],"tags":[85],"class_list":["post-25362","post","type-post","status-publish","format-standard","has-post-thumbnail","hentry","category-asesoria","tag-laboral"],"acf":[],"jetpack_featured_media_url":"https:\/\/www.cinc.com\/wp-content\/uploads\/2024\/05\/eliminacion-despido-automatico-incapacidad-permanente.webp","uagb_featured_image_src":{"full":["https:\/\/www.cinc.com\/wp-content\/uploads\/2024\/05\/eliminacion-despido-automatico-incapacidad-permanente.webp",1920,1080,false],"thumbnail":["https:\/\/www.cinc.com\/wp-content\/uploads\/2024\/05\/eliminacion-despido-automatico-incapacidad-permanente-150x150.webp",150,150,true],"medium":["https:\/\/www.cinc.com\/wp-content\/uploads\/2024\/05\/eliminacion-despido-automatico-incapacidad-permanente-300x169.webp",300,169,true],"medium_large":["https:\/\/www.cinc.com\/wp-content\/uploads\/2024\/05\/eliminacion-despido-automatico-incapacidad-permanente-768x432.webp",768,432,true],"large":["https:\/\/www.cinc.com\/wp-content\/uploads\/2024\/05\/eliminacion-despido-automatico-incapacidad-permanente-1024x576.webp",960,540,true],"1536x1536":["https:\/\/www.cinc.com\/wp-content\/uploads\/2024\/05\/eliminacion-despido-automatico-incapacidad-permanente-1536x864.webp",1536,864,true],"2048x2048":["https:\/\/www.cinc.com\/wp-content\/uploads\/2024\/05\/eliminacion-despido-automatico-incapacidad-permanente.webp",1920,1080,false],"gform-image-choice-sm":["https:\/\/www.cinc.com\/wp-content\/uploads\/2024\/05\/eliminacion-despido-automatico-incapacidad-permanente.webp",300,169,false],"gform-image-choice-md":["https:\/\/www.cinc.com\/wp-content\/uploads\/2024\/05\/eliminacion-despido-automatico-incapacidad-permanente.webp",400,225,false],"gform-image-choice-lg":["https:\/\/www.cinc.com\/wp-content\/uploads\/2024\/05\/eliminacion-despido-automatico-incapacidad-permanente.webp",600,338,false]},"uagb_author_info":{"display_name":"F\u00e0tima Duran","author_link":"https:\/\/www.cinc.com\/es\/author\/fatima\/"},"uagb_comment_info":0,"uagb_excerpt":"El Consejo de Ministros ha aprobado una reforma que elimina la incapacidad permanente como causa autom\u00e1tica de extinci\u00f3n de contrato laboral.","jetpack_sharing_enabled":true,"_links":{"self":[{"href":"https:\/\/www.cinc.com\/es\/wp-json\/wp\/v2\/posts\/25362","targetHints":{"allow":["GET"]}}],"collection":[{"href":"https:\/\/www.cinc.com\/es\/wp-json\/wp\/v2\/posts"}],"about":[{"href":"https:\/\/www.cinc.com\/es\/wp-json\/wp\/v2\/types\/post"}],"author":[{"embeddable":true,"href":"https:\/\/www.cinc.com\/es\/wp-json\/wp\/v2\/users\/8"}],"replies":[{"embeddable":true,"href":"https:\/\/www.cinc.com\/es\/wp-json\/wp\/v2\/comments?post=25362"}],"version-history":[{"count":6,"href":"https:\/\/www.cinc.com\/es\/wp-json\/wp\/v2\/posts\/25362\/revisions"}],"predecessor-version":[{"id":25471,"href":"https:\/\/www.cinc.com\/es\/wp-json\/wp\/v2\/posts\/25362\/revisions\/25471"}],"wp:featuredmedia":[{"embeddable":true,"href":"https:\/\/www.cinc.com\/es\/wp-json\/wp\/v2\/media\/25363"}],"wp:attachment":[{"href":"https:\/\/www.cinc.com\/es\/wp-json\/wp\/v2\/media?parent=25362"}],"wp:term":[{"taxonomy":"category","embeddable":true,"href":"https:\/\/www.cinc.com\/es\/wp-json\/wp\/v2\/categories?post=25362"},{"taxonomy":"post_tag","embeddable":true,"href":"https:\/\/www.cinc.com\/es\/wp-json\/wp\/v2\/tags?post=25362"}],"curies":[{"name":"wp","href":"https:\/\/api.w.org\/{rel}","templated":true}]}}