{"id":25296,"date":"2024-05-07T12:32:45","date_gmt":"2024-05-07T11:32:45","guid":{"rendered":"https:\/\/www.cinc.com\/?p=25296"},"modified":"2024-07-12T11:43:03","modified_gmt":"2024-07-12T10:43:03","slug":"entrevista-a-la-cubana","status":"publish","type":"post","link":"https:\/\/www.cinc.com\/es\/entrevista-a-la-cubana\/","title":{"rendered":"Entrevista a La Cubana"},"content":{"rendered":"\n<p><strong>A\u00f1o de fundaci\u00f3n:<\/strong> 1980.<br><strong>Sector:<\/strong> Espect\u00e1culos (teatro).<br><strong>Ubicaci\u00f3n:<\/strong> L&#8217;Hospitalet de Llobregat<br><strong>Sitio web: <\/strong><a href=\"https:\/\/www.lacubana.es\/es\/\" target=\"_blank\" rel=\"noreferrer noopener\">https:\/\/www.lacubana.es\/es\/<\/a><\/p>\n\n\n\n<p>Entrevistamos a Jordi Mil\u00e1n, director y creador de la compa\u00f1\u00eda de teatro La Cubana.<\/p>\n\n\n\n<p><\/p>\n\n\n\n<h4 class=\"wp-block-heading\">\u00bfA qu\u00e9 se dedica La Cubana? \u00bfC\u00f3mo os definir\u00edais y cu\u00e1l es vuestra filosof\u00eda?<\/h4>\n\n\n\n<p>La Cubana es una compa\u00f1\u00eda de teatro creada en Sitges el 1980. Nos definimos como una compa\u00f1\u00eda poco convencional a quien le apasiona el teatro. Nos consideramos \u201cteatreros\u201d: nos gusta la parte m\u00e1s creativa del teatro y aprendemos cada d\u00eda de este oficio.<br><\/p>\n\n\n\n<p>Podr\u00edamos decir que la filosof\u00eda de la casa es muy artesanal, \u201cfait \u00e0 la main\u201d. Tambi\u00e9n de aventura: sabes cuando empieza un nuevo proyecto, pero no sabes nunca cuando acabar\u00e1. Nos dejamos llevar por la fantas\u00eda y nos basamos en la idea que todo es posible, que con ilusi\u00f3n puedes hacer muchas cosas.<\/p>\n\n\n\n<p><\/p>\n\n\n\n<h4 class=\"wp-block-heading\">\u00bfC\u00f3mo fueron los or\u00edgenes de La Cubana?<\/h4>\n\n\n\n<p>La compa\u00f1\u00eda naci\u00f3 en Sitges en 1980. Todo empez\u00f3 como un juego, como un grupo de teatro amateur, y hac\u00edamos teatro como un hobbie. M\u00e1s tarde, el 1983, en el marco del Festival de teatro de Sitges, hicimos el espect\u00e1culo de calle \u201cCubanas Delikatessen\u201d, que tuvo mucho de \u00e9xito. Lo vio Hermann Bonn\u00edn, que entonces era director del Centro Dram\u00e1tico de la Generalitat de Catalu\u00f1a, y nos propuso de hacerlo en Barcelona. Adem\u00e1s, tambi\u00e9n daba la casualidad que en aquel momento en Barcelona se celebraba un congreso de programadores de toda Espa\u00f1a que pudieron ver nuestro espect\u00e1culo, les gust\u00f3 y nos pidieron que hici\u00e9ramos el mismo en sus ciudades para ense\u00f1arlo en toda Espa\u00f1a, y dijimos que s\u00ed.<\/p>\n\n\n\n<p>Todo esto nos permiti\u00f3 darnos a conocer y empezar a profesionalizarnos. Cada cual ten\u00eda su trabajo y oficio, que dejamos aparcados por aquel verano. Yo, por ejemplo, dej\u00e9 mi trabajo de dise\u00f1ador, nos liamos la manta a la cabeza y nos pasamos el verano de gira por Espa\u00f1a, haciendo teatro, aquello que m\u00e1s nos gusta. Pero finalmente no fue solo un verano: fueron dos a\u00f1os y medio (porque iba saliendo un bolo detr\u00e1s del otro). Pens\u00e1bamos que ser\u00eda algo temporal, pero lo fuimos enlazando. As\u00ed que toda aquella aventura tom\u00f3 un rumbo m\u00e1s profesional.<br><\/p>\n\n\n\n<p>M\u00e1s tarde, en 1986, volvimos a hacer teatro con cuatro paredes con un espect\u00e1culo basado en lo abre \u201cLa tempestad\u201d, de William Shakespeare. Tuvo mucho \u00e9xito, e incluso fuimos al extranjero. En aquel momento algunos de los compa\u00f1eros decidieron que lo dejaban, pero unos cu\u00e1ntos continuamos, y as\u00ed hemos seguido hasta d\u00eda de hoy. Y de aqu\u00ed viene toda la historia de La Cubana, que empez\u00f3 hace casi 45 a\u00f1os.<\/p>\n\n\n\n<p><\/p>\n\n\n\n<h4 class=\"wp-block-heading\">\u00bfDe d\u00f3nde surge el nombre de la compa\u00f1\u00eda?<\/h4>\n\n\n\n<p>El nombre de La Cubana nace porque quer\u00edamos que tuviera que ver con Sitges. A finales del siglo XIX, en Sitges, y en una gran cantidad de pueblos de la costa en Catalu\u00f1a y en toda Espa\u00f1a, la gente se iba a hacer fortuna a Cuba. La palabra \u201ccubano\u201d se utilizaba mucho como sin\u00f3nimo de familia aventurera. De hecho, Sitges est\u00e1 muy relacionada con Cuba: los gigantes del pueblo son unos \u201ccubanos\u201d, hay calles con nombres de ciudades de Cuba y encontramos palacetes coloniales. Entonces nos pareci\u00f3 que esta expresi\u00f3n ten\u00eda mucho que ver con toda esta aventura, todo este juego que empez\u00f3.<br><\/p>\n\n\n\n<p>Aparte de esto, dio la casualidad que la madre de la Vicky Planas, una de las actrices y fundadora de la compa\u00f1\u00eda, ten\u00eda una tienda de ropa que se dec\u00eda \u201cModas Mercedes\u201d. Un d\u00eda decidieron pintar la tienda, y para sacar la pintura antigua ten\u00edan que usar un soplete para dejar la madera limpia. Pues resulta que debajo de la fachada apareci\u00f3 el nombre del comercio anterior, que se llamaba \u201cLa Cubana\u201d. Nos dimos cuenta de esto una noche, mientras volv\u00edamos animados al acabar uno de los espect\u00e1culos, mientras habl\u00e1bamos sobre los americanos y los indianos: pasamos delante de la tienda y vimos el antiguo nombre. Y fue como una especie de iluminaci\u00f3n: tal y como si se nos hubiera aparecido Nuestra Se\u00f1ora de Lourdes, se nos apareci\u00f3 el nombre de La Cubana.<\/p>\n\n\n\n<p><\/p>\n\n\n\n<h4 class=\"wp-block-heading\">\u00bfCu\u00e1nto de tiempo os lleva preparar cada uno de vuestros espect\u00e1culos? \u00bfCu\u00e1ntos a\u00f1os de media en cartel los ten\u00e9is? Y, \u00bfa qu\u00e9 ciudades llev\u00e1is vuestros espect\u00e1culos?<\/h4>\n\n\n\n<p>Algunos espect\u00e1culos nos han llevado 5 o 6 meses de preparaci\u00f3n, y otros, como \u201cCegada de amor\u201d, tardaron un a\u00f1o. Y despu\u00e9s, los explotamos mucho: estamos tres a\u00f1os como m\u00ednimo con el mismo espect\u00e1culo, hacemos gira por toda Espa\u00f1a en las principales capitales. En Barcelona, por ejemplo, 9 meses o un a\u00f1o, en Madrid 7 meses, Sevilla, Bilbao, un mes\u2026 Despu\u00e9s vayamos a lugares m\u00e1s peque\u00f1os, donde estamos quince d\u00edas o una semana.<\/p>\n\n\n\n<p><\/p>\n\n\n\n<h4 class=\"wp-block-heading\">Las Teresinas han estado y todav\u00eda son uno de los personajes m\u00edticos de La Cubana. Tanto, que ahora lanz\u00e1is un libro sobre su biograf\u00eda, \u201cVida de Teresina. Biograf\u00eda autorizada de Las Teresines\u201d. \u00bfDe d\u00f3nde sali\u00f3 la idea de estos personajes y por qu\u00e9 cre\u00e9is han tenido tanto de \u00e9xito?<\/h4>\n\n\n\n<p>Las Teresinas son tres hermanas jubiladas que viven de la econom\u00eda sumergida en el barrio de Gracia de Barcelona. Son mujeres que hablan tal como les sale, con un lenguaje muy de calle. Creamos la sitcom Teresina S.A. sin grandes pretensiones en 1992, y la verdad es que ha sido una serie que ha tenido mucha repercusi\u00f3n (es un fen\u00f3meno que a nosotros todav\u00eda resulta sorprendente). Por eso acordamos hacer el libro \u201cVida de Teresina\u201d con la editorial Penguin, sobre todo aquello que la gente no conoce de la vida de estos personajes tan entra\u00f1ables.<br><\/p>\n\n\n\n<p>Podr\u00edamos decir que todos somos un poco como las Teresinas: todos somos buenos, pero con un punto de maldad. Son unas mujeres de empuj\u00f3n, catalanas, y esto no se puede trasladar a jefe otro lugar, ni tampoco las podemos equiparar al concepto espa\u00f1ol de \u201cmaruja\u201d. Cada lugar tiene su propio estilo, que se traslada en la forma de hacer y actuar de los personajes.<\/p>\n\n\n\n<p>\u00bfDe d\u00f3nde sale el concepto \u00abTeresina\u00bb? Lo inventamos nosotros, y va muy vinculado a Sitges. Es un tipo de se\u00f1ora que nos hizo mucha gracia. Conoc\u00edamos a varias Teresinas: la Teresina del ballet, la Teresina de la florister\u00eda, la Teresina del modisto\u2026 Y sobre por qu\u00e9 son tres, nos inspiramos en unas se\u00f1oras que conoc\u00eda mi familia, que eran tres hermanas. Se hac\u00edan llamar \u201cLas Modestas\u201d (las denomin\u00e1bamos as\u00ed porque su padre se llamaba Modesto), y una de ellas estaba separada y las otras solteras. Hab\u00edan sido maquinistas de zapatos y se dedicaban a confeccionar chaquetas de piel.<br><\/p>\n\n\n\n<p>La tem\u00e1tica que se muestra en la serie sobre la econom\u00eda sumergida y los pedidos que hac\u00edan las Teresinas es real. En aquella \u00e9poca mucha gente se dedicaba a ensobrar desde casa, por ejemplo, y se ganaba la vida de este modo, por eso decidimos plasmarlo en la serie. Nosotros pertenec\u00edamos a una \u00e9poca en que la econom\u00eda sumergida estaba a flor de piel. En los a\u00f1os 60, mucha gente hac\u00eda horas extras: trabajaban en una tienda y en acabar se iban a otro lugar, y as\u00ed se ganaban un sobresueldo.<\/p>\n\n\n\n<p><\/p>\n\n\n\n<h4 class=\"wp-block-heading\">\u00bfQu\u00e9 consider\u00e1is que hay detr\u00e1s del \u00e9xito de la la compa\u00f1\u00eda? \u00bfQu\u00e9 cre\u00e9is qu\u00e9 os hace diferentes o singulares respecto a otras compa\u00f1\u00edas de teatro?<\/h4>\n\n\n\n<p>El que nos diferencia otras compa\u00f1\u00edas es que utilizamos mucho la artesan\u00eda, aquello que dicen los franceses \u201cfait \u00e0 la main\u201d. Bas\u00e1ndonos en la idea de que todo es posible. El teatro es un arte ef\u00edmero que se hace y se deshace cada noche. Nace como una obra escrita, pero despu\u00e9s se interpreta muchas veces, y aunque cada noche sea el mismo, cada d\u00eda es diferente.<br><\/p>\n\n\n\n<p>La forma de actuar tambi\u00e9n es bastante peculiar, basada en el costumbrismo. Aquel \u201cteatro\u201d que tenemos a nuestro alrededor: de nuestra familia, nuestro trabajo, que pasa inadvertido como teatro. Pero es teatro. Todo esto nos gusta reproducirlo. Quiz\u00e1s el teatro, como teatro, no lo utiliza tanto, porque todo tiene que ser dicho y hecho de una manera m\u00e1s corta, y en cambio nosotros cogemos toda esta forma de hablar m\u00e1s \u201cnormal\u201d, porque la gente se sienta identificada.<br><\/p>\n\n\n\n<p>De este modo, acercamos  los personajes, que a primera vista pueden parecer estrafalarios o exagerados, pero despu\u00e9s la gente sale a la calle y los ven, \u00a1son reales! Y mucha gente nos dice: este o aquella se asemeja a tal personaje. Les gusta ver representada la suegra o al vecino en nuestros personajes. Pueden parecer estrafalarios, pero son reales. Al final, una persona tiene que ir \u201csorbiendo\u201d de todas partes y de la vida misma, y el teatro se inspira en todo esto.<br><\/p>\n\n\n\n<p>Tambi\u00e9n destacar\u00eda el hecho de que el p\u00fablico interact\u00fae en los espect\u00e1culos. Nos gusta su participaci\u00f3n: no nos gusta forzar, pero s\u00ed la idea de jugar con ellos. Del mismo modo que jug\u00e1bamos a indios y americanos de peque\u00f1os, donde creabas un juego, y cada cual asum\u00eda su rol, nosotros jugamos con el p\u00fablico. Y a la gente esto los gusta. Incluso hay muchos que de entrada no est\u00e1n dispuestos a jugar, pero acaban entrando en el juego, como por ejemplo, en \u201cCampanadas de boda\u201d, donde los disfraz\u00e1bamos a todos de invitados. Nos gusta que el p\u00fablico se d\u00e9 cuenta de que el protagonista es \u00e9l: somos los conductores y ellos los guionistas. La inspiraci\u00f3n viene de all\u00ed.<\/p>\n\n\n\n<p><\/p>\n\n\n\n<h4 class=\"wp-block-heading\">\u00bfQu\u00e9 es lo que m\u00e1s valor\u00e1is de CINC?<\/h4>\n\n\n\n<p>CINC para nosotros ha sido todo un descubrimiento: nos sentimos seguros y tranquilos, puesto que sabemos que estamos en muy buenas manos. Me gusta hacer teatro, pero no tanto tener que tener una empresa para poder hacerlo, ser empresario\u2026 Y en este aspecto los profesionales de CINC nos asesoran y siempre nos dan mucha tranquilidad.<\/p>\n","protected":false},"excerpt":{"rendered":"<p>Entrevistamos Jordi Mil\u00e1n, director y creador de la compa\u00f1\u00eda de teatro La Cubana.<\/p>\n","protected":false},"author":8,"featured_media":25292,"comment_status":"open","ping_status":"open","sticky":false,"template":"","format":"standard","meta":{"_acf_changed":false,"_uag_custom_page_level_css":"","_jetpack_memberships_contains_paid_content":false,"footnotes":""},"categories":[70],"tags":[111,157],"class_list":["post-25296","post","type-post","status-publish","format-standard","has-post-thumbnail","hentry","category-entrevistas","tag-entrevista-es","tag-la-cubana-2"],"acf":[],"jetpack_featured_media_url":"https:\/\/www.cinc.com\/wp-content\/uploads\/2024\/05\/Fotos-Blog-CINC-WordPress-40.webp","uagb_featured_image_src":{"full":["https:\/\/www.cinc.com\/wp-content\/uploads\/2024\/05\/Fotos-Blog-CINC-WordPress-40.webp",1920,1080,false],"thumbnail":["https:\/\/www.cinc.com\/wp-content\/uploads\/2024\/05\/Fotos-Blog-CINC-WordPress-40-150x150.webp",150,150,true],"medium":["https:\/\/www.cinc.com\/wp-content\/uploads\/2024\/05\/Fotos-Blog-CINC-WordPress-40-300x169.webp",300,169,true],"medium_large":["https:\/\/www.cinc.com\/wp-content\/uploads\/2024\/05\/Fotos-Blog-CINC-WordPress-40-768x432.webp",768,432,true],"large":["https:\/\/www.cinc.com\/wp-content\/uploads\/2024\/05\/Fotos-Blog-CINC-WordPress-40-1024x576.webp",960,540,true],"1536x1536":["https:\/\/www.cinc.com\/wp-content\/uploads\/2024\/05\/Fotos-Blog-CINC-WordPress-40-1536x864.webp",1536,864,true],"2048x2048":["https:\/\/www.cinc.com\/wp-content\/uploads\/2024\/05\/Fotos-Blog-CINC-WordPress-40.webp",1920,1080,false],"gform-image-choice-sm":["https:\/\/www.cinc.com\/wp-content\/uploads\/2024\/05\/Fotos-Blog-CINC-WordPress-40.webp",300,169,false],"gform-image-choice-md":["https:\/\/www.cinc.com\/wp-content\/uploads\/2024\/05\/Fotos-Blog-CINC-WordPress-40.webp",400,225,false],"gform-image-choice-lg":["https:\/\/www.cinc.com\/wp-content\/uploads\/2024\/05\/Fotos-Blog-CINC-WordPress-40.webp",600,338,false]},"uagb_author_info":{"display_name":"F\u00e0tima Duran","author_link":"https:\/\/www.cinc.com\/es\/author\/fatima\/"},"uagb_comment_info":0,"uagb_excerpt":"Entrevistamos Jordi Mil\u00e1n, director y creador de la compa\u00f1\u00eda de teatro La Cubana.","jetpack_sharing_enabled":true,"_links":{"self":[{"href":"https:\/\/www.cinc.com\/es\/wp-json\/wp\/v2\/posts\/25296","targetHints":{"allow":["GET"]}}],"collection":[{"href":"https:\/\/www.cinc.com\/es\/wp-json\/wp\/v2\/posts"}],"about":[{"href":"https:\/\/www.cinc.com\/es\/wp-json\/wp\/v2\/types\/post"}],"author":[{"embeddable":true,"href":"https:\/\/www.cinc.com\/es\/wp-json\/wp\/v2\/users\/8"}],"replies":[{"embeddable":true,"href":"https:\/\/www.cinc.com\/es\/wp-json\/wp\/v2\/comments?post=25296"}],"version-history":[{"count":8,"href":"https:\/\/www.cinc.com\/es\/wp-json\/wp\/v2\/posts\/25296\/revisions"}],"predecessor-version":[{"id":25311,"href":"https:\/\/www.cinc.com\/es\/wp-json\/wp\/v2\/posts\/25296\/revisions\/25311"}],"wp:featuredmedia":[{"embeddable":true,"href":"https:\/\/www.cinc.com\/es\/wp-json\/wp\/v2\/media\/25292"}],"wp:attachment":[{"href":"https:\/\/www.cinc.com\/es\/wp-json\/wp\/v2\/media?parent=25296"}],"wp:term":[{"taxonomy":"category","embeddable":true,"href":"https:\/\/www.cinc.com\/es\/wp-json\/wp\/v2\/categories?post=25296"},{"taxonomy":"post_tag","embeddable":true,"href":"https:\/\/www.cinc.com\/es\/wp-json\/wp\/v2\/tags?post=25296"}],"curies":[{"name":"wp","href":"https:\/\/api.w.org\/{rel}","templated":true}]}}