{"id":25202,"date":"2024-05-03T10:16:40","date_gmt":"2024-05-03T09:16:40","guid":{"rendered":"https:\/\/www.cinc.com\/?p=25202"},"modified":"2024-05-07T10:38:39","modified_gmt":"2024-05-07T09:38:39","slug":"cinc-pone-en-marcha-la-campana-solidaria-1rosax1libro-con-la-participacion-de-sus-clientes","status":"publish","type":"post","link":"https:\/\/www.cinc.com\/es\/cinc-pone-en-marcha-la-campana-solidaria-1rosax1libro-con-la-participacion-de-sus-clientes\/","title":{"rendered":"CINC pone en marcha la campa\u00f1a solidaria \u201c1Rosax1libro\u201d con la participaci\u00f3n de sus clientes"},"content":{"rendered":"\n<p>Con motivo de Sant Jordi, del 8 al 15 de abril CINC puso en marcha en sus centros de Barcelona y Girona la campa\u00f1a solidaria \u201c1Rosax1libro\u201d, con el objetivo conseguir donaciones de libros para dos organizaciones sin \u00e1nimo de lucro: Asociaci\u00f3n Piel de Mariposa, y Grup \u00c8xit, compuesto por la Fundaci\u00f3n Ramon Noguera, la empresa de inserci\u00f3n de C\u00e1ritas -Ecosol- y la Fundaci\u00f3n Drissa.<\/p>\n\n\n\n<p>A quienes participaron en esta acci\u00f3n solidaria, les obsequiamos con una rosa solidaria, cuyos beneficios han sido destinados a la Fundaci\u00f3 Alzheimer de Catalunya y Fundaci\u00f3 Astrid21.<\/p>\n\n\n\n<p>De parte de todo el equipo de CINC, queremos felicitar y enviar un enorme agradecimiento a todas las personas que hab\u00e9is puesto vuestro grano de arena en esta acci\u00f3n solidaria: gracias a vuestra colaboraci\u00f3n \u00a1hemos conseguido reunir un total de 88 libros!<\/p>\n\n\n\n<p>Estos libros han sido entregados a la tienda solidaria de la Asociaci\u00f3n Piel de Mariposa, ubicada en el barrio de Gr\u00e0cia de Barcelona, y a la sede de la Asociaci\u00f3n Ram\u00f3n Noguera, en Girona, que tienen en marcha con grup \u00c8xit el proyecto \u201cRebooks\u201d. <\/p>\n\n\n\n<p>Mediante su venta a trav\u00e9s de tiendas solidarias, estas dos entidades destinar\u00e1n la recaudaci\u00f3n a promover sus proyectos.<\/p>\n\n\n\n<figure class=\"wp-block-image size-large\"><img loading=\"lazy\" decoding=\"async\" width=\"1024\" height=\"576\" src=\"https:\/\/www.cinc.com\/wp-content\/uploads\/2024\/05\/1rosax1llibre-1-1024x576.webp\" alt=\"\" class=\"wp-image-25264\" srcset=\"https:\/\/www.cinc.com\/wp-content\/uploads\/2024\/05\/1rosax1llibre-1-1024x576.webp 1024w, https:\/\/www.cinc.com\/wp-content\/uploads\/2024\/05\/1rosax1llibre-1-300x169.webp 300w, https:\/\/www.cinc.com\/wp-content\/uploads\/2024\/05\/1rosax1llibre-1-768x432.webp 768w, https:\/\/www.cinc.com\/wp-content\/uploads\/2024\/05\/1rosax1llibre-1-1536x864.webp 1536w, https:\/\/www.cinc.com\/wp-content\/uploads\/2024\/05\/1rosax1llibre-1.webp 1920w\" sizes=\"auto, (max-width: 1024px) 100vw, 1024px\" \/><\/figure>\n\n\n\n<p><\/p>\n\n\n\n<h2 class=\"wp-block-heading\">Sobre las entidades colaboradoras<\/h2>\n\n\n\n<p><\/p>\n\n\n\n<ul class=\"wp-block-list\">\n<li>La <a href=\"https:\/\/pieldemariposa.es\/\">Asociaci\u00f3n Piel de Maripo<\/a><a href=\"https:\/\/pieldemariposa.es\/\" target=\"_blank\" rel=\"noreferrer noopener\">sa<\/a> es una entidad sin \u00e1nimo de lucro que tiene como misi\u00f3n mejorar la calidad de vida de las personas con Piel de Mariposa y sus familias. La Piel de Mariposa, llamada Epiderm\u00f3lisis bullosa, es una enfermedad poco frecuente que provoca una extrema fragilidad cut\u00e1nea. Debido a una mutaci\u00f3n gen\u00e9tica, falla el \u201cpegamento\u201d que una las diversas capas de la piel, por lo que esta se desprende y se rompe con el m\u00e1s leve roce. Esta enfermedad no tiene cura.<\/li>\n<\/ul>\n\n\n\n<p><\/p>\n\n\n\n<ul class=\"wp-block-list\">\n<li>La <a href=\"https:\/\/grupfrn.cat\/es\/\" target=\"_blank\" rel=\"noreferrer noopener\">Fundaci\u00f3n Ramon Noguera<\/a> es una entidad con sentido de lucro cuya misi\u00f3n es trabajar para garantizar los derechos de las personas con discapacidad intelectual y mejorar su calidad de vida, y la de sus familias, as\u00ed como tambi\u00e9n la de los ni\u00f1os que presentan dificultades en el desarrollo, para contribuir a la creaci\u00f3n de una sociedad m\u00e1s solidaria e inclusiva. A trav\u00e9s del proyecto \u201cRebooks\u201d, puesto en marcha en marzo de 2019 desde Grup \u00c8xit (formado por la empresa de inserci\u00f3n de C\u00e1ritas &#8211;<a href=\"https:\/\/www.caritas.es\/economia_solidaria\/ecosol-economia-solidaria-en-girona\/\">Ecoso<\/a><a href=\"https:\/\/www.caritas.es\/economia_solidaria\/ecosol-economia-solidaria-en-girona\/\" target=\"_blank\" rel=\"noreferrer noopener\">l<\/a>-, la <a href=\"https:\/\/fundaciodrissa.com\/es\/\">Fundaci\u00f3n D<\/a><a href=\"https:\/\/fundaciodrissa.com\/es\/\" target=\"_blank\" rel=\"noreferrer noopener\">rissa<\/a> y la Fundaci\u00f3n Ramon Noguera), se lleva a cabo la reutilizaci\u00f3n de libros dados con valor social. Mediante la recogida, reciclaje y venta de libros de segunda mano, se crea una nueva v\u00eda de inserci\u00f3n laboral de personas socialmente vulnerables.<\/li>\n<\/ul>\n\n\n\n<p><\/p>\n\n\n\n<ul class=\"wp-block-list\">\n<li><a href=\"https:\/\/alzheimercatalunya.org\/\">Fundaci\u00f3 Alzheimer de Cataluny<\/a><a href=\"https:\/\/alzheimercatalunya.org\/\" target=\"_blank\" rel=\"noreferrer noopener\">a<\/a> es una entidad sin \u00e1nimo de lucro con m\u00e1s de 30 a\u00f1os de experiencia que trabaja para mejorar la calidad de vida de cualquier persona afectada por una demencia. Tiene como misi\u00f3n dar orientaci\u00f3n, apoyo y visibilidad a la persona con demencia y su entorno, adem\u00e1s de ser punto de referencia de las personas con demencia con el objetivo de que vivan siempre con la m\u00e1xima calidad y dignidad.<\/li>\n<\/ul>\n\n\n\n<p><\/p>\n\n\n\n<ul class=\"wp-block-list\">\n<li>La Fundaci\u00f3 <a href=\"https:\/\/fundacioastrid.org\/es\/\">Astrid 2<\/a><a href=\"https:\/\/fundacioastrid.org\/es\/\" target=\"_blank\" rel=\"noreferrer noopener\">1<\/a> es una entidad sin \u00e1nimo de lucro que tiene como misi\u00f3n mejorar la calidad de vida y las salidas laborales para personas con discapacidad ps\u00edquica y diversidad funcional desde diferentes \u00e1mbitos de trabajo.<\/li>\n<\/ul>\n","protected":false},"excerpt":{"rendered":"<p>Con motivo de Sant Jordi, del 8 al 15 de abril CINC puso en marcha en sus centros de Barcelona y Girona la campa\u00f1a solidaria \u201c1Rosax1libro\u201d.<\/p>\n","protected":false},"author":8,"featured_media":25212,"comment_status":"open","ping_status":"open","sticky":false,"template":"","format":"standard","meta":{"_acf_changed":false,"_uag_custom_page_level_css":"","_jetpack_memberships_contains_paid_content":false,"footnotes":""},"categories":[25],"tags":[],"class_list":["post-25202","post","type-post","status-publish","format-standard","has-post-thumbnail","hentry","category-centro-de-negocios"],"acf":[],"jetpack_featured_media_url":"https:\/\/www.cinc.com\/wp-content\/uploads\/2024\/05\/1rosax1libro-3.webp","uagb_featured_image_src":{"full":["https:\/\/www.cinc.com\/wp-content\/uploads\/2024\/05\/1rosax1libro-3.webp",1920,1080,false],"thumbnail":["https:\/\/www.cinc.com\/wp-content\/uploads\/2024\/05\/1rosax1libro-3-150x150.webp",150,150,true],"medium":["https:\/\/www.cinc.com\/wp-content\/uploads\/2024\/05\/1rosax1libro-3-300x169.webp",300,169,true],"medium_large":["https:\/\/www.cinc.com\/wp-content\/uploads\/2024\/05\/1rosax1libro-3-768x432.webp",768,432,true],"large":["https:\/\/www.cinc.com\/wp-content\/uploads\/2024\/05\/1rosax1libro-3-1024x576.webp",960,540,true],"1536x1536":["https:\/\/www.cinc.com\/wp-content\/uploads\/2024\/05\/1rosax1libro-3-1536x864.webp",1536,864,true],"2048x2048":["https:\/\/www.cinc.com\/wp-content\/uploads\/2024\/05\/1rosax1libro-3.webp",1920,1080,false],"gform-image-choice-sm":["https:\/\/www.cinc.com\/wp-content\/uploads\/2024\/05\/1rosax1libro-3.webp",300,169,false],"gform-image-choice-md":["https:\/\/www.cinc.com\/wp-content\/uploads\/2024\/05\/1rosax1libro-3.webp",400,225,false],"gform-image-choice-lg":["https:\/\/www.cinc.com\/wp-content\/uploads\/2024\/05\/1rosax1libro-3.webp",600,338,false]},"uagb_author_info":{"display_name":"F\u00e0tima Duran","author_link":"https:\/\/www.cinc.com\/es\/author\/fatima\/"},"uagb_comment_info":0,"uagb_excerpt":"Con motivo de Sant Jordi, del 8 al 15 de abril CINC puso en marcha en sus centros de Barcelona y Girona la campa\u00f1a solidaria \u201c1Rosax1libro\u201d.","jetpack_sharing_enabled":true,"_links":{"self":[{"href":"https:\/\/www.cinc.com\/es\/wp-json\/wp\/v2\/posts\/25202","targetHints":{"allow":["GET"]}}],"collection":[{"href":"https:\/\/www.cinc.com\/es\/wp-json\/wp\/v2\/posts"}],"about":[{"href":"https:\/\/www.cinc.com\/es\/wp-json\/wp\/v2\/types\/post"}],"author":[{"embeddable":true,"href":"https:\/\/www.cinc.com\/es\/wp-json\/wp\/v2\/users\/8"}],"replies":[{"embeddable":true,"href":"https:\/\/www.cinc.com\/es\/wp-json\/wp\/v2\/comments?post=25202"}],"version-history":[{"count":5,"href":"https:\/\/www.cinc.com\/es\/wp-json\/wp\/v2\/posts\/25202\/revisions"}],"predecessor-version":[{"id":25268,"href":"https:\/\/www.cinc.com\/es\/wp-json\/wp\/v2\/posts\/25202\/revisions\/25268"}],"wp:featuredmedia":[{"embeddable":true,"href":"https:\/\/www.cinc.com\/es\/wp-json\/wp\/v2\/media\/25212"}],"wp:attachment":[{"href":"https:\/\/www.cinc.com\/es\/wp-json\/wp\/v2\/media?parent=25202"}],"wp:term":[{"taxonomy":"category","embeddable":true,"href":"https:\/\/www.cinc.com\/es\/wp-json\/wp\/v2\/categories?post=25202"},{"taxonomy":"post_tag","embeddable":true,"href":"https:\/\/www.cinc.com\/es\/wp-json\/wp\/v2\/tags?post=25202"}],"curies":[{"name":"wp","href":"https:\/\/api.w.org\/{rel}","templated":true}]}}