{"id":25151,"date":"2024-04-22T10:11:45","date_gmt":"2024-04-22T09:11:45","guid":{"rendered":"https:\/\/www.cinc.com\/?p=25151"},"modified":"2024-07-12T11:43:46","modified_gmt":"2024-07-12T10:43:46","slug":"los-solicitantes-asilo-ya-no-pueden-obtener-residencia-por-arraigo-laboral","status":"publish","type":"post","link":"https:\/\/www.cinc.com\/es\/los-solicitantes-asilo-ya-no-pueden-obtener-residencia-por-arraigo-laboral\/","title":{"rendered":"Los solicitantes de asilo ya no podr\u00e1n obtener la residencia en Espa\u00f1a por arraigo laboral"},"content":{"rendered":"\n<p>Las personas que hayan solicitado asilo en Espa\u00f1a mediante arraigo laboral ya no podr\u00e1n hacerlo para obtener su residencia en el pa\u00eds. Seg\u00fan establece una disposici\u00f3n interna de la Secretar\u00eda General de Migraciones, el Tribunal Supremo ha llevado a cabo un cambio de criterio. Y es que en una sentencia del Tribunal Supremo del pasado 24 de enero, define que los solicitantes de asilo se encuentran en Espa\u00f1a en situaci\u00f3n de \u201cmera tolerancia\u201d en el momento de estudiar su solicitud. <\/p>\n\n\n\n<p>El Supremo argumenta en la sentencia que, dado que no se encuentran en situaci\u00f3n de \u201cresidencia\u201d o \u201cestancia\u201d, seg\u00fan establece el Reglamento de Extranjer\u00eda, no es posible aplicar esta figura. Este cambio de criterio afecta a miles de solicitantes de asilo que ten\u00edan previsto acceder a la solicitud de arraigo laboral por ser la v\u00eda con m\u00e1s garant\u00edas para obtener la residencia.  <\/p>\n\n\n\n<p>Actualmente, los solicitantes de asilo tienen derecho a vivir y trabajar en Espa\u00f1a de forma provisional mientras se estudia su petici\u00f3n, hasta que sea aceptada o denegada. Y para poder solicitar el arraigo laboral, deben demostrarse dos a\u00f1os de residencia en Espa\u00f1a con una relaci\u00f3n laboral de un m\u00ednimo de 6 meses y de 30 horas a la semana. <\/p>\n\n\n\n<p>Si quieres m\u00e1s informaci\u00f3n sobre esta novedad y sobre c\u00f3mo obtener tu residencia en Espa\u00f1a, no dudes en <a href=\"https:\/\/www.cinc.com\/es\/contacto\/\">contactar<\/a> con el <a href=\"https:\/\/www.cinc.com\/es\/asesoria-de-empresas-y-gestoria\/extranjeria\/\">Departamento de Extranjer\u00eda<\/a> de CINC Asesor\u00eda.<\/p>\n","protected":false},"excerpt":{"rendered":"<p>Las personas que hayan solicitado asilo en Espa\u00f1a mediante arraigo laboral ya no podr\u00e1n hacerlo para obtener su residencia en el pa\u00eds. <\/p>\n","protected":false},"author":8,"featured_media":25152,"comment_status":"open","ping_status":"open","sticky":false,"template":"","format":"standard","meta":{"_acf_changed":false,"_uag_custom_page_level_css":"","_jetpack_memberships_contains_paid_content":false,"footnotes":""},"categories":[95],"tags":[],"class_list":["post-25151","post","type-post","status-publish","format-standard","has-post-thumbnail","hentry","category-extranjeria"],"acf":[],"jetpack_featured_media_url":"https:\/\/www.cinc.com\/wp-content\/uploads\/2024\/04\/Asilo-arraigo-laboral.webp","uagb_featured_image_src":{"full":["https:\/\/www.cinc.com\/wp-content\/uploads\/2024\/04\/Asilo-arraigo-laboral.webp",1920,1080,false],"thumbnail":["https:\/\/www.cinc.com\/wp-content\/uploads\/2024\/04\/Asilo-arraigo-laboral-150x150.webp",150,150,true],"medium":["https:\/\/www.cinc.com\/wp-content\/uploads\/2024\/04\/Asilo-arraigo-laboral-300x169.webp",300,169,true],"medium_large":["https:\/\/www.cinc.com\/wp-content\/uploads\/2024\/04\/Asilo-arraigo-laboral-768x432.webp",768,432,true],"large":["https:\/\/www.cinc.com\/wp-content\/uploads\/2024\/04\/Asilo-arraigo-laboral-1024x576.webp",960,540,true],"1536x1536":["https:\/\/www.cinc.com\/wp-content\/uploads\/2024\/04\/Asilo-arraigo-laboral-1536x864.webp",1536,864,true],"2048x2048":["https:\/\/www.cinc.com\/wp-content\/uploads\/2024\/04\/Asilo-arraigo-laboral.webp",1920,1080,false],"gform-image-choice-sm":["https:\/\/www.cinc.com\/wp-content\/uploads\/2024\/04\/Asilo-arraigo-laboral.webp",300,169,false],"gform-image-choice-md":["https:\/\/www.cinc.com\/wp-content\/uploads\/2024\/04\/Asilo-arraigo-laboral.webp",400,225,false],"gform-image-choice-lg":["https:\/\/www.cinc.com\/wp-content\/uploads\/2024\/04\/Asilo-arraigo-laboral.webp",600,338,false]},"uagb_author_info":{"display_name":"F\u00e0tima Duran","author_link":"https:\/\/www.cinc.com\/es\/author\/fatima\/"},"uagb_comment_info":0,"uagb_excerpt":"Las personas que hayan solicitado asilo en Espa\u00f1a mediante arraigo laboral ya no podr\u00e1n hacerlo para obtener su residencia en el pa\u00eds.","jetpack_sharing_enabled":true,"_links":{"self":[{"href":"https:\/\/www.cinc.com\/es\/wp-json\/wp\/v2\/posts\/25151","targetHints":{"allow":["GET"]}}],"collection":[{"href":"https:\/\/www.cinc.com\/es\/wp-json\/wp\/v2\/posts"}],"about":[{"href":"https:\/\/www.cinc.com\/es\/wp-json\/wp\/v2\/types\/post"}],"author":[{"embeddable":true,"href":"https:\/\/www.cinc.com\/es\/wp-json\/wp\/v2\/users\/8"}],"replies":[{"embeddable":true,"href":"https:\/\/www.cinc.com\/es\/wp-json\/wp\/v2\/comments?post=25151"}],"version-history":[{"count":3,"href":"https:\/\/www.cinc.com\/es\/wp-json\/wp\/v2\/posts\/25151\/revisions"}],"predecessor-version":[{"id":30854,"href":"https:\/\/www.cinc.com\/es\/wp-json\/wp\/v2\/posts\/25151\/revisions\/30854"}],"wp:featuredmedia":[{"embeddable":true,"href":"https:\/\/www.cinc.com\/es\/wp-json\/wp\/v2\/media\/25152"}],"wp:attachment":[{"href":"https:\/\/www.cinc.com\/es\/wp-json\/wp\/v2\/media?parent=25151"}],"wp:term":[{"taxonomy":"category","embeddable":true,"href":"https:\/\/www.cinc.com\/es\/wp-json\/wp\/v2\/categories?post=25151"},{"taxonomy":"post_tag","embeddable":true,"href":"https:\/\/www.cinc.com\/es\/wp-json\/wp\/v2\/tags?post=25151"}],"curies":[{"name":"wp","href":"https:\/\/api.w.org\/{rel}","templated":true}]}}