{"id":25131,"date":"2024-04-17T11:48:10","date_gmt":"2024-04-17T10:48:10","guid":{"rendered":"https:\/\/www.cinc.com\/?p=25131"},"modified":"2024-04-17T11:48:11","modified_gmt":"2024-04-17T10:48:11","slug":"novedades-en-el-reglamento-general-de-recaudacion-de-la-seguridad-social","status":"publish","type":"post","link":"https:\/\/www.cinc.com\/es\/novedades-en-el-reglamento-general-de-recaudacion-de-la-seguridad-social\/","title":{"rendered":"Novedades en el Reglamento General de Recaudaci\u00f3n de la Seguridad Social"},"content":{"rendered":"\n<p>El 1 de abril entr\u00f3 en vigor el Real Decreto 322\/2024, de 26 de marzo, por el que se modifica el Reglamento General de la Seguridad Social, y que trae importantes novedades en la recaudaci\u00f3n y cotizaci\u00f3n a la Seguridad Social.<\/p>\n\n\n\n<p>A continuaci\u00f3n, resumimos los cambios m\u00e1s destacados de esta nueva norma:<\/p>\n\n\n\n<h2 class=\"wp-block-heading\">Comunicaci\u00f3n de alta de aut\u00f3nomos societarios<\/h2>\n\n\n\n<p>Se ampl\u00eda hasta el 30 de junio el plazo para que los aut\u00f3nomos societarios env\u00eden la documentaci\u00f3n relativa sobre su actividad seg\u00fan sus rendimientos netos, prevista en el Real Decreto 84\/1996, de 26 de enero. Estos datos son necesarios en el nuevo sistema de cotizaci\u00f3n del R\u00e9gimen Especial de Trabajadores Aut\u00f3nomos (RETA) en funci\u00f3n de los rendimientos netos, y que entr\u00f3 en vigor en 2023.<\/p>\n\n\n\n<h2 class=\"wp-block-heading\">Cotizaci\u00f3n adicional de solidaridad<\/h2>\n\n\n\n<p>Se desarrollan las normas para la aplicaci\u00f3n de la cotizaci\u00f3n adicional de solidaridad, que entrar\u00e1 en vigor el pr\u00f3ximo 1 de enero de 2025. Este cambio conlleva la obligaci\u00f3n del abono de cuotas adicionales para personas trabajadoras por cuenta ajena con salarios superiores a la base m\u00e1xima de cotizaci\u00f3n (seg\u00fan la Orden PJC\/51\/2024, la base m\u00e1xima de cotizaci\u00f3n se encuentra en 56.646 euros brutos anuales).<\/p>\n\n\n\n<p>Actualmente, los salarios que se encuentran por encima de la base m\u00e1xima de cotizaci\u00f3n est\u00e1n exentos de cotizar. No obstante, a partir del 1 de enero de 2025, se llevar\u00e1 a cabo la aplicaci\u00f3n de un tipo adicional sobre la cantidad exceda la base m\u00e1xima de cotizaci\u00f3n, y que aumentar\u00e1 de forma progresiva hasta alcanzar su m\u00e1ximo en 2045.<\/p>\n\n\n\n<h2 class=\"wp-block-heading\">Reintegro de las prestaciones percibidas de forma indebida<\/h2>\n\n\n\n<p>Queda modificado el art\u00edculo 80 del Reglamento General de Recaudaci\u00f3n de la Seguridad Social, que regula el procedimiento para el reintegro de las prestaciones indebidamente percibidas. De esta manera, el \u00f3rgano competente para resolver este tipo de situaciones posibilitar\u00e1 la concesi\u00f3n de solicitudes de pago fraccionado, en cualquier caso, con un importe m\u00ednimo de 100 euros mensuales y hasta un m\u00e1ximo de cinco a\u00f1os. Adem\u00e1s, se aten\u00faan los supuestos que dan lugar a entender la autorizaci\u00f3n de pago fraccionado como revocada.<\/p>\n\n\n\n<p>En caso de falta de ingreso del importe que corresponde a los 3 plazos del fraccionamiento, comenzar\u00e1 la v\u00eda ejecutiva de forma autom\u00e1tica. Una vez finalizado el per\u00edodo de pago del \u00faltimo de los plazos, en caso de existir una cantidad pendiente de abono comenzar\u00eda la v\u00eda ejecutiva a trav\u00e9s de la emisi\u00f3n correspondiente.<\/p>\n\n\n\n<p>Para resolver cualquier duda relativa a estas novedades, puedes ponerte en <a href=\"https:\/\/www.cinc.com\/es\/contacto\/\">contacto<\/a> con el <a href=\"https:\/\/www.cinc.com\/es\/asesoria-de-empresas-y-gestoria\/asesoria-laboral\/\">Departamento Laboral<\/a> de CINC Asesor\u00eda.<\/p>\n","protected":false},"excerpt":{"rendered":"<p>Se desarrollan las normas para la aplicaci\u00f3n de la cotizaci\u00f3n adicional de solidaridad, que entrar\u00e1 en vigor el pr\u00f3ximo 1 de enero de 2025.<\/p>\n","protected":false},"author":8,"featured_media":25132,"comment_status":"open","ping_status":"open","sticky":false,"template":"","format":"standard","meta":{"_acf_changed":false,"_uag_custom_page_level_css":"","_jetpack_memberships_contains_paid_content":false,"footnotes":""},"categories":[26],"tags":[85],"class_list":["post-25131","post","type-post","status-publish","format-standard","has-post-thumbnail","hentry","category-asesoria","tag-laboral"],"acf":[],"jetpack_featured_media_url":"https:\/\/www.cinc.com\/wp-content\/uploads\/2024\/04\/reglamento-general-recaudacion-seguridad-social.webp","uagb_featured_image_src":{"full":["https:\/\/www.cinc.com\/wp-content\/uploads\/2024\/04\/reglamento-general-recaudacion-seguridad-social.webp",1920,1080,false],"thumbnail":["https:\/\/www.cinc.com\/wp-content\/uploads\/2024\/04\/reglamento-general-recaudacion-seguridad-social-150x150.webp",150,150,true],"medium":["https:\/\/www.cinc.com\/wp-content\/uploads\/2024\/04\/reglamento-general-recaudacion-seguridad-social-300x169.webp",300,169,true],"medium_large":["https:\/\/www.cinc.com\/wp-content\/uploads\/2024\/04\/reglamento-general-recaudacion-seguridad-social-768x432.webp",768,432,true],"large":["https:\/\/www.cinc.com\/wp-content\/uploads\/2024\/04\/reglamento-general-recaudacion-seguridad-social-1024x576.webp",960,540,true],"1536x1536":["https:\/\/www.cinc.com\/wp-content\/uploads\/2024\/04\/reglamento-general-recaudacion-seguridad-social-1536x864.webp",1536,864,true],"2048x2048":["https:\/\/www.cinc.com\/wp-content\/uploads\/2024\/04\/reglamento-general-recaudacion-seguridad-social.webp",1920,1080,false],"gform-image-choice-sm":["https:\/\/www.cinc.com\/wp-content\/uploads\/2024\/04\/reglamento-general-recaudacion-seguridad-social.webp",300,169,false],"gform-image-choice-md":["https:\/\/www.cinc.com\/wp-content\/uploads\/2024\/04\/reglamento-general-recaudacion-seguridad-social.webp",400,225,false],"gform-image-choice-lg":["https:\/\/www.cinc.com\/wp-content\/uploads\/2024\/04\/reglamento-general-recaudacion-seguridad-social.webp",600,338,false]},"uagb_author_info":{"display_name":"F\u00e0tima Duran","author_link":"https:\/\/www.cinc.com\/es\/author\/fatima\/"},"uagb_comment_info":0,"uagb_excerpt":"Se desarrollan las normas para la aplicaci\u00f3n de la cotizaci\u00f3n adicional de solidaridad, que entrar\u00e1 en vigor el pr\u00f3ximo 1 de enero de 2025.","jetpack_sharing_enabled":true,"_links":{"self":[{"href":"https:\/\/www.cinc.com\/es\/wp-json\/wp\/v2\/posts\/25131","targetHints":{"allow":["GET"]}}],"collection":[{"href":"https:\/\/www.cinc.com\/es\/wp-json\/wp\/v2\/posts"}],"about":[{"href":"https:\/\/www.cinc.com\/es\/wp-json\/wp\/v2\/types\/post"}],"author":[{"embeddable":true,"href":"https:\/\/www.cinc.com\/es\/wp-json\/wp\/v2\/users\/8"}],"replies":[{"embeddable":true,"href":"https:\/\/www.cinc.com\/es\/wp-json\/wp\/v2\/comments?post=25131"}],"version-history":[{"count":1,"href":"https:\/\/www.cinc.com\/es\/wp-json\/wp\/v2\/posts\/25131\/revisions"}],"predecessor-version":[{"id":25136,"href":"https:\/\/www.cinc.com\/es\/wp-json\/wp\/v2\/posts\/25131\/revisions\/25136"}],"wp:featuredmedia":[{"embeddable":true,"href":"https:\/\/www.cinc.com\/es\/wp-json\/wp\/v2\/media\/25132"}],"wp:attachment":[{"href":"https:\/\/www.cinc.com\/es\/wp-json\/wp\/v2\/media?parent=25131"}],"wp:term":[{"taxonomy":"category","embeddable":true,"href":"https:\/\/www.cinc.com\/es\/wp-json\/wp\/v2\/categories?post=25131"},{"taxonomy":"post_tag","embeddable":true,"href":"https:\/\/www.cinc.com\/es\/wp-json\/wp\/v2\/tags?post=25131"}],"curies":[{"name":"wp","href":"https:\/\/api.w.org\/{rel}","templated":true}]}}