{"id":25112,"date":"2024-04-15T09:43:26","date_gmt":"2024-04-15T08:43:26","guid":{"rendered":"https:\/\/www.cinc.com\/?p=25112"},"modified":"2024-04-15T09:43:27","modified_gmt":"2024-04-15T08:43:27","slug":"el-tribunal-supremo-avala-la-deduccion-de-las-retribuciones-de-los-administradores-en-el-impuesto-de-sociedades","status":"publish","type":"post","link":"https:\/\/www.cinc.com\/es\/el-tribunal-supremo-avala-la-deduccion-de-las-retribuciones-de-los-administradores-en-el-impuesto-de-sociedades\/","title":{"rendered":"El Tribunal Supremo avala la deducci\u00f3n de las retribuciones de los administradores en el Impuesto de Sociedades"},"content":{"rendered":"\n<p>A partir de hora, es posible deducir en el Impuesto de Sociedades las retribuciones de los administradores, aunque no est\u00e9n previstas en los estatutos sociales. As\u00ed lo determina una sentencia (449\/2024 de 13 de marzo) del Tribunal Supremo, que considera deducibles las retribuciones que perciban los administradores de sociedades mercantiles siempre que est\u00e9n acreditas y contabilizadas.<\/p>\n\n\n\n<p>A pesar de que no est\u00e9n incluidas en los estatutos sociales, el fallo considera que lo son conforme al principio de correlaci\u00f3n de ingresos y gastos, ya que el gasto existe y est\u00e9 directamente relacionado con la actividad empresarial. En concreto, la Sala apela a la sentencia 875\/2023, de 27 de junio, en la que se establec\u00eda como doctrina que las retribuciones percibidas por los administradores de una entidad mercantil consten como contabilizadas, acreditadas y previstas en los estatutos de la sociedad no constituyen una liberalidad no deducible (art\u00edculo 14.1.e).<\/p>\n\n\n\n<p>En este sentido, la sentencia se\u00f1ala que \u201cen principio y salvo prueba en contraria, se presume que las cantidades entregadas a los administradores son gratuitas\u00bb, y a\u00f1ade que \u201ccuando se acredita, como es el caso, no cuestionado por dem\u00e1s por las partes, que s\u00ed existe onerosidad, que las retribuciones percibidas por los tres miembros del Consejo de administraci\u00f3n, en este caso, aparte por la relaci\u00f3n laboral que le une con la entidad, responden a los servicios prestados a la misma para obtenci\u00f3n de ingresos, desaparece el car\u00e1cter de gratuidad de las mismas, y de cumplirse el resto de requisitos antes referidos, conforme a las normas fiscales, han de considerarse gastos susceptibles de deducci\u00f3n\u00bb.<\/p>\n\n\n\n<p>Para resolver cualquier duda sobre esta novedad, puedes <a href=\"https:\/\/www.cinc.com\/es\/contacto\/\">contactar<\/a> con nuestro <a href=\"https:\/\/www.cinc.com\/es\/asesoria-de-empresas-y-gestoria\/asesoria-fiscal\/\">Departamento Fiscal<\/a> de CINC Asesor\u00eda.<\/p>\n","protected":false},"excerpt":{"rendered":"<p>A partir de hora, es posible deducir en el Impuesto de Sociedades las retribuciones de los administradores, aunque no est\u00e9n previstas en los estatutos sociales. <\/p>\n","protected":false},"author":8,"featured_media":25113,"comment_status":"open","ping_status":"open","sticky":false,"template":"","format":"standard","meta":{"_acf_changed":false,"_uag_custom_page_level_css":"","_jetpack_memberships_contains_paid_content":false,"footnotes":""},"categories":[26],"tags":[107],"class_list":["post-25112","post","type-post","status-publish","format-standard","has-post-thumbnail","hentry","category-asesoria","tag-fiscalidad-es"],"acf":[],"jetpack_featured_media_url":"https:\/\/www.cinc.com\/wp-content\/uploads\/2024\/04\/El-supremo-avala-deduccion-administradores-en-el-IS.png","uagb_featured_image_src":{"full":["https:\/\/www.cinc.com\/wp-content\/uploads\/2024\/04\/El-supremo-avala-deduccion-administradores-en-el-IS.png",1920,1080,false],"thumbnail":["https:\/\/www.cinc.com\/wp-content\/uploads\/2024\/04\/El-supremo-avala-deduccion-administradores-en-el-IS-150x150.png",150,150,true],"medium":["https:\/\/www.cinc.com\/wp-content\/uploads\/2024\/04\/El-supremo-avala-deduccion-administradores-en-el-IS-300x169.png",300,169,true],"medium_large":["https:\/\/www.cinc.com\/wp-content\/uploads\/2024\/04\/El-supremo-avala-deduccion-administradores-en-el-IS-768x432.png",768,432,true],"large":["https:\/\/www.cinc.com\/wp-content\/uploads\/2024\/04\/El-supremo-avala-deduccion-administradores-en-el-IS-1024x576.png",960,540,true],"1536x1536":["https:\/\/www.cinc.com\/wp-content\/uploads\/2024\/04\/El-supremo-avala-deduccion-administradores-en-el-IS-1536x864.png",1536,864,true],"2048x2048":["https:\/\/www.cinc.com\/wp-content\/uploads\/2024\/04\/El-supremo-avala-deduccion-administradores-en-el-IS.png",1920,1080,false],"gform-image-choice-sm":["https:\/\/www.cinc.com\/wp-content\/uploads\/2024\/04\/El-supremo-avala-deduccion-administradores-en-el-IS.png",300,169,false],"gform-image-choice-md":["https:\/\/www.cinc.com\/wp-content\/uploads\/2024\/04\/El-supremo-avala-deduccion-administradores-en-el-IS.png",400,225,false],"gform-image-choice-lg":["https:\/\/www.cinc.com\/wp-content\/uploads\/2024\/04\/El-supremo-avala-deduccion-administradores-en-el-IS.png",600,338,false]},"uagb_author_info":{"display_name":"F\u00e0tima Duran","author_link":"https:\/\/www.cinc.com\/es\/author\/fatima\/"},"uagb_comment_info":0,"uagb_excerpt":"A partir de hora, es posible deducir en el Impuesto de Sociedades las retribuciones de los administradores, aunque no est\u00e9n previstas en los estatutos sociales.","jetpack_sharing_enabled":true,"_links":{"self":[{"href":"https:\/\/www.cinc.com\/es\/wp-json\/wp\/v2\/posts\/25112","targetHints":{"allow":["GET"]}}],"collection":[{"href":"https:\/\/www.cinc.com\/es\/wp-json\/wp\/v2\/posts"}],"about":[{"href":"https:\/\/www.cinc.com\/es\/wp-json\/wp\/v2\/types\/post"}],"author":[{"embeddable":true,"href":"https:\/\/www.cinc.com\/es\/wp-json\/wp\/v2\/users\/8"}],"replies":[{"embeddable":true,"href":"https:\/\/www.cinc.com\/es\/wp-json\/wp\/v2\/comments?post=25112"}],"version-history":[{"count":1,"href":"https:\/\/www.cinc.com\/es\/wp-json\/wp\/v2\/posts\/25112\/revisions"}],"predecessor-version":[{"id":25117,"href":"https:\/\/www.cinc.com\/es\/wp-json\/wp\/v2\/posts\/25112\/revisions\/25117"}],"wp:featuredmedia":[{"embeddable":true,"href":"https:\/\/www.cinc.com\/es\/wp-json\/wp\/v2\/media\/25113"}],"wp:attachment":[{"href":"https:\/\/www.cinc.com\/es\/wp-json\/wp\/v2\/media?parent=25112"}],"wp:term":[{"taxonomy":"category","embeddable":true,"href":"https:\/\/www.cinc.com\/es\/wp-json\/wp\/v2\/categories?post=25112"},{"taxonomy":"post_tag","embeddable":true,"href":"https:\/\/www.cinc.com\/es\/wp-json\/wp\/v2\/tags?post=25112"}],"curies":[{"name":"wp","href":"https:\/\/api.w.org\/{rel}","templated":true}]}}