{"id":24689,"date":"2024-03-22T12:48:26","date_gmt":"2024-03-22T11:48:26","guid":{"rendered":"https:\/\/www.cinc.com\/?p=24689"},"modified":"2024-03-28T13:50:38","modified_gmt":"2024-03-28T12:50:38","slug":"campana-de-la-renta-2023-te-explicamos-todas-las-claves-para-presentarla","status":"publish","type":"post","link":"https:\/\/www.cinc.com\/es\/campana-de-la-renta-2023-te-explicamos-todas-las-claves-para-presentarla\/","title":{"rendered":"Campa\u00f1a de la Renta 2023: novedades y aspectos a tener en cuenta en la declaraci\u00f3n"},"content":{"rendered":"\n<p>El 3 de abril comienza el plazo de presentaci\u00f3n de la declaraci\u00f3n de la Renta 2023, que finaliza el 30 de junio de 2024, en la que deber\u00e1n declararse todos los ingresos generados durante 2023, con la posibilidad de aplicar todas las deducciones correspondientes.<\/p>\n\n\n\n<p><\/p>\n\n\n\n<h2 class=\"wp-block-heading\">\u00bfQui\u00e9n tiene obligaci\u00f3n de presentar la Renta y qu\u00e9 novedades afectan a la declaraci\u00f3n?<\/h2>\n\n\n\n<p>Tienen obligaci\u00f3n de realizar la declaraci\u00f3n de la Renta todos aquellos contribuyentes que, durante el a\u00f1o anterior (ejercicio fiscal 2023) hayan obtenido ingresos que superen los l\u00edmites que exponemos a continuaci\u00f3n. Por otro lado, habr\u00e1 que prestar atenci\u00f3n a las novedades que afectan a la declaraci\u00f3n de este a\u00f1o. Consulta todos los detalles en este documento:<\/p>\n\n\n\n<p><\/p>\n\n\n\n<div class=\"wp-block-buttons is-content-justification-center is-layout-flex wp-container-core-buttons-is-layout-a89b3969 wp-block-buttons-is-layout-flex\">\n<div class=\"wp-block-button is-style-outline is-style-outline--1\"><a class=\"wp-block-button__link wp-element-button\" href=\"https:\/\/www.cinc.com\/wp-content\/uploads\/2024\/03\/Circular-declaracion-de-la-Renta_CAST-1.pdf\" target=\"_blank\" rel=\"noreferrer noopener\">Ver novedades Renta 2023<\/a><\/div>\n<\/div>\n\n\n\n<p><\/p>\n\n\n\n<h2 class=\"wp-block-heading\">Te ayudamos con la Declaraci\u00f3n de la Renta<\/h2>\n\n\n\n<p>Si no quieres perder m\u00e1s tiempo con la Renta, desde CINC revisamos tu borrador y la presentamos por ti. Si quieres m\u00e1s informaci\u00f3n, pide cita ahora con tu gestor\/a de <a href=\"https:\/\/www.cinc.com\/es\/asesoria-de-empresas-y-gestoria\/\">CINC Asesor\u00eda<\/a>.<\/p>\n","protected":false},"excerpt":{"rendered":"<p>El 3 de abril comienza el plazo de presentaci\u00f3n de la declaraci\u00f3n de la Renta 2023. \u00bfQui\u00e9n tiene obligaci\u00f3n de presentarla?<\/p>\n","protected":false},"author":8,"featured_media":24692,"comment_status":"open","ping_status":"open","sticky":false,"template":"","format":"standard","meta":{"_acf_changed":false,"_uag_custom_page_level_css":"","_jetpack_memberships_contains_paid_content":false,"footnotes":""},"categories":[26],"tags":[132,130,131],"class_list":["post-24689","post","type-post","status-publish","format-standard","has-post-thumbnail","hentry","category-asesoria","tag-132","tag-gestoria","tag-renta"],"acf":[],"jetpack_featured_media_url":"https:\/\/www.cinc.com\/wp-content\/uploads\/2024\/03\/Fotos-Blog-CINC-WordPress-18.webp","uagb_featured_image_src":{"full":["https:\/\/www.cinc.com\/wp-content\/uploads\/2024\/03\/Fotos-Blog-CINC-WordPress-18.webp",1920,1080,false],"thumbnail":["https:\/\/www.cinc.com\/wp-content\/uploads\/2024\/03\/Fotos-Blog-CINC-WordPress-18-150x150.webp",150,150,true],"medium":["https:\/\/www.cinc.com\/wp-content\/uploads\/2024\/03\/Fotos-Blog-CINC-WordPress-18-300x169.webp",300,169,true],"medium_large":["https:\/\/www.cinc.com\/wp-content\/uploads\/2024\/03\/Fotos-Blog-CINC-WordPress-18-768x432.webp",768,432,true],"large":["https:\/\/www.cinc.com\/wp-content\/uploads\/2024\/03\/Fotos-Blog-CINC-WordPress-18-1024x576.webp",960,540,true],"1536x1536":["https:\/\/www.cinc.com\/wp-content\/uploads\/2024\/03\/Fotos-Blog-CINC-WordPress-18-1536x864.webp",1536,864,true],"2048x2048":["https:\/\/www.cinc.com\/wp-content\/uploads\/2024\/03\/Fotos-Blog-CINC-WordPress-18.webp",1920,1080,false],"gform-image-choice-sm":["https:\/\/www.cinc.com\/wp-content\/uploads\/2024\/03\/Fotos-Blog-CINC-WordPress-18.webp",300,169,false],"gform-image-choice-md":["https:\/\/www.cinc.com\/wp-content\/uploads\/2024\/03\/Fotos-Blog-CINC-WordPress-18.webp",400,225,false],"gform-image-choice-lg":["https:\/\/www.cinc.com\/wp-content\/uploads\/2024\/03\/Fotos-Blog-CINC-WordPress-18.webp",600,338,false]},"uagb_author_info":{"display_name":"F\u00e0tima Duran","author_link":"https:\/\/www.cinc.com\/es\/author\/fatima\/"},"uagb_comment_info":0,"uagb_excerpt":"El 3 de abril comienza el plazo de presentaci\u00f3n de la declaraci\u00f3n de la Renta 2023. \u00bfQui\u00e9n tiene obligaci\u00f3n de presentarla?","jetpack_sharing_enabled":true,"_links":{"self":[{"href":"https:\/\/www.cinc.com\/es\/wp-json\/wp\/v2\/posts\/24689","targetHints":{"allow":["GET"]}}],"collection":[{"href":"https:\/\/www.cinc.com\/es\/wp-json\/wp\/v2\/posts"}],"about":[{"href":"https:\/\/www.cinc.com\/es\/wp-json\/wp\/v2\/types\/post"}],"author":[{"embeddable":true,"href":"https:\/\/www.cinc.com\/es\/wp-json\/wp\/v2\/users\/8"}],"replies":[{"embeddable":true,"href":"https:\/\/www.cinc.com\/es\/wp-json\/wp\/v2\/comments?post=24689"}],"version-history":[{"count":9,"href":"https:\/\/www.cinc.com\/es\/wp-json\/wp\/v2\/posts\/24689\/revisions"}],"predecessor-version":[{"id":24879,"href":"https:\/\/www.cinc.com\/es\/wp-json\/wp\/v2\/posts\/24689\/revisions\/24879"}],"wp:featuredmedia":[{"embeddable":true,"href":"https:\/\/www.cinc.com\/es\/wp-json\/wp\/v2\/media\/24692"}],"wp:attachment":[{"href":"https:\/\/www.cinc.com\/es\/wp-json\/wp\/v2\/media?parent=24689"}],"wp:term":[{"taxonomy":"category","embeddable":true,"href":"https:\/\/www.cinc.com\/es\/wp-json\/wp\/v2\/categories?post=24689"},{"taxonomy":"post_tag","embeddable":true,"href":"https:\/\/www.cinc.com\/es\/wp-json\/wp\/v2\/tags?post=24689"}],"curies":[{"name":"wp","href":"https:\/\/api.w.org\/{rel}","templated":true}]}}