{"id":24675,"date":"2024-03-21T13:41:38","date_gmt":"2024-03-21T12:41:38","guid":{"rendered":"https:\/\/www.cinc.com\/?p=24675"},"modified":"2024-03-28T11:16:31","modified_gmt":"2024-03-28T10:16:31","slug":"cinc-lidera-la-mesa-redonda-el-presente-del-flex-del-22-a-debate","status":"publish","type":"post","link":"https:\/\/www.cinc.com\/es\/cinc-lidera-la-mesa-redonda-el-presente-del-flex-del-22-a-debate\/","title":{"rendered":"CINC lidera la mesa redonda \u201cEl present del Flex del 22@ a debate\u201d"},"content":{"rendered":"\n<p>CINC Barcelona ha acogido el 20 de marzo la mesa redonda organizada por la asociaci\u00f3n de espacios flexibles Proworkspaces, \u00abEl presente del Flex en el 22@ a debate\u00bb. El acto fue presentado por Enric Urreta, socio director de CINC, presidente de la Asociaci\u00f3n 22@ Network y tesorero de Proworkspaces, y por Eduardo Salsamendi, presidente de Proworkspaces, que han dado la bienvenida. La jornada ha contado con las intervenciones de Pau Solanilla Franco, comisionado de Relaciones Internacionales del Ayuntamiento de Barcelona, Marta Gracia Vilar, CEO de Cloudworks, Albert Alcober, Consejero Delegado de Utopicus, y Teresa C\u00edscar de JLL.<\/p>\n\n\n\n<p>Durante la sesi\u00f3n, se ha puesto voz a diferentes ideas y sensibilidades del sector, que se pueden resumir en las siguientes conclusiones:<\/p>\n\n\n\n<ul class=\"wp-block-list\">\n<li>La contrataci\u00f3n de oficinas en el 22@ de este primer trimestre nos sit\u00faa en cifras r\u00e9cord.<\/li>\n\n\n\n<li>El sector Flex tiene en el distrito una densidad similar en las principales ciudades europeas. Es la zona m\u00e1s europea de todo el Estado en t\u00e9rminos de flexibilidad y atractivo.<\/li>\n\n\n\n<li>Est\u00e1n aterrizando en el distrito uno de empresas de multiplicidad de sectores, no centradas \u00fanicamente en pocas tecnolog\u00edas.<\/li>\n\n\n\n<li>En el distrito se concentran los espacios Flex m\u00e1s modernos y con mayor capacidad para las nuevas demandas crecientes.<\/li>\n\n\n\n<li>Hoy, en la ciudad, por proyectos de envergadura, 22@ es el espacio para aterrizar, entorno que aglutina talento, innovaci\u00f3n, modernidad, flexibilidad y buena comunicaci\u00f3n.<\/li>\n\n\n\n<li>La ciudad del futuro se dibuja en 22@, estamos en la gran transformaci\u00f3n.<\/li>\n<\/ul>\n\n\n\n<p>El evento finaliz\u00f3 con un networking en la terraza. Desde CINC, agradecemos la participaci\u00f3n de todos los asistentes y de Proworkspaces por la organizaci\u00f3n de este espacio de debate que ha permitido poner de manifiesto la diversidad de opiniones sobre el sector de los espacios flexibles en el 22@.<\/p>\n","protected":false},"excerpt":{"rendered":"<p>CINC Barcelona ha acogido el 20 de marzo la mesa redonda organizada por la asociaci\u00f3n de espacios flexibles Proworkspaces, \u00abEl presente del Flex en el 22@ a debate\u00bb. El acto fue presentado por Enric Urreta, socio director de CINC, presidente de la Asociaci\u00f3n 22@ Network y tesorero de Proworkspaces, y por Eduardo Salsamendi, presidente de [&hellip;]<\/p>\n","protected":false},"author":8,"featured_media":24677,"comment_status":"open","ping_status":"open","sticky":false,"template":"","format":"standard","meta":{"_acf_changed":false,"_uag_custom_page_level_css":"","_jetpack_memberships_contains_paid_content":false,"footnotes":""},"categories":[30,25],"tags":[128],"class_list":["post-24675","post","type-post","status-publish","format-standard","has-post-thumbnail","hentry","category-grupo-cinc","category-centro-de-negocios","tag-grupo-cinc"],"acf":[],"jetpack_featured_media_url":"https:\/\/www.cinc.com\/wp-content\/uploads\/2024\/03\/mesa-renda-espacios-flex.png","uagb_featured_image_src":{"full":["https:\/\/www.cinc.com\/wp-content\/uploads\/2024\/03\/mesa-renda-espacios-flex.png",1920,1080,false],"thumbnail":["https:\/\/www.cinc.com\/wp-content\/uploads\/2024\/03\/mesa-renda-espacios-flex-150x150.png",150,150,true],"medium":["https:\/\/www.cinc.com\/wp-content\/uploads\/2024\/03\/mesa-renda-espacios-flex-300x169.png",300,169,true],"medium_large":["https:\/\/www.cinc.com\/wp-content\/uploads\/2024\/03\/mesa-renda-espacios-flex-768x432.png",768,432,true],"large":["https:\/\/www.cinc.com\/wp-content\/uploads\/2024\/03\/mesa-renda-espacios-flex-1024x576.png",960,540,true],"1536x1536":["https:\/\/www.cinc.com\/wp-content\/uploads\/2024\/03\/mesa-renda-espacios-flex-1536x864.png",1536,864,true],"2048x2048":["https:\/\/www.cinc.com\/wp-content\/uploads\/2024\/03\/mesa-renda-espacios-flex.png",1920,1080,false],"gform-image-choice-sm":["https:\/\/www.cinc.com\/wp-content\/uploads\/2024\/03\/mesa-renda-espacios-flex.png",300,169,false],"gform-image-choice-md":["https:\/\/www.cinc.com\/wp-content\/uploads\/2024\/03\/mesa-renda-espacios-flex.png",400,225,false],"gform-image-choice-lg":["https:\/\/www.cinc.com\/wp-content\/uploads\/2024\/03\/mesa-renda-espacios-flex.png",600,338,false]},"uagb_author_info":{"display_name":"F\u00e0tima Duran","author_link":"https:\/\/www.cinc.com\/es\/author\/fatima\/"},"uagb_comment_info":0,"uagb_excerpt":"CINC Barcelona ha acogido el 20 de marzo la mesa redonda organizada por la asociaci\u00f3n de espacios flexibles Proworkspaces, \u00abEl presente del Flex en el 22@ a debate\u00bb. El acto fue presentado por Enric Urreta, socio director de CINC, presidente de la Asociaci\u00f3n 22@ Network y tesorero de Proworkspaces, y por Eduardo Salsamendi, presidente de&hellip;","jetpack_sharing_enabled":true,"_links":{"self":[{"href":"https:\/\/www.cinc.com\/es\/wp-json\/wp\/v2\/posts\/24675","targetHints":{"allow":["GET"]}}],"collection":[{"href":"https:\/\/www.cinc.com\/es\/wp-json\/wp\/v2\/posts"}],"about":[{"href":"https:\/\/www.cinc.com\/es\/wp-json\/wp\/v2\/types\/post"}],"author":[{"embeddable":true,"href":"https:\/\/www.cinc.com\/es\/wp-json\/wp\/v2\/users\/8"}],"replies":[{"embeddable":true,"href":"https:\/\/www.cinc.com\/es\/wp-json\/wp\/v2\/comments?post=24675"}],"version-history":[{"count":4,"href":"https:\/\/www.cinc.com\/es\/wp-json\/wp\/v2\/posts\/24675\/revisions"}],"predecessor-version":[{"id":24865,"href":"https:\/\/www.cinc.com\/es\/wp-json\/wp\/v2\/posts\/24675\/revisions\/24865"}],"wp:featuredmedia":[{"embeddable":true,"href":"https:\/\/www.cinc.com\/es\/wp-json\/wp\/v2\/media\/24677"}],"wp:attachment":[{"href":"https:\/\/www.cinc.com\/es\/wp-json\/wp\/v2\/media?parent=24675"}],"wp:term":[{"taxonomy":"category","embeddable":true,"href":"https:\/\/www.cinc.com\/es\/wp-json\/wp\/v2\/categories?post=24675"},{"taxonomy":"post_tag","embeddable":true,"href":"https:\/\/www.cinc.com\/es\/wp-json\/wp\/v2\/tags?post=24675"}],"curies":[{"name":"wp","href":"https:\/\/api.w.org\/{rel}","templated":true}]}}