{"id":24010,"date":"2024-03-05T14:42:37","date_gmt":"2024-03-05T13:42:37","guid":{"rendered":"https:\/\/www.cinc.com\/?p=24010"},"modified":"2024-03-05T15:01:23","modified_gmt":"2024-03-05T14:01:23","slug":"la-agencia-tributaria-permite-que-los-autonomos-puedan-deducirse-el-iva-sobre-gastos-de-la-vivienda","status":"publish","type":"post","link":"https:\/\/www.cinc.com\/es\/la-agencia-tributaria-permite-que-los-autonomos-puedan-deducirse-el-iva-sobre-gastos-de-la-vivienda\/","title":{"rendered":"La Agencia Tributaria permite que los aut\u00f3nomos puedan deducirse el IVA sobre gastos de la vivienda"},"content":{"rendered":"\n<p>El Tribunal Econ\u00f3mico-Administrativo Central (TEAC), resolviendo un recurso extraordinario de alzada para unificaci\u00f3n de criterio, ha unificado criterio sobre esta cuesti\u00f3n en su resoluci\u00f3n n.\u00ba 6654\/2022, de 19 de julio de 2023, aceptando que los trabajadores por cuenta propia se puedan deducir el IVA que corresponde a los gastos ocasionados desde su vivienda habitual por el ejercicio de su actividad profesional.<\/p>\n\n\n\n<p>Anteriormente, la Direcci\u00f3n General de Tributos ya permit\u00eda deducirse gastos de agua, luz, gas e internet de la vivienda, siempre que su uso fuera proporcional a su actividad laboral. Adem\u00e1s, la directiva dejaba entrever la posibilidad de reclamar cantidades abonadas de m\u00e1s a Hacienda en los \u00faltimos cuatro ejercicios econ\u00f3micos.<\/p>\n\n\n\n<p>Sin embargo, no se admit\u00edan deducciones del IVA de los suministros en caso de usos mixtos del inmueble. Con este cambio de criterio, ahora s\u00ed es posible para los aut\u00f3nomos la deducci\u00f3n de la cuota de suministros ampar\u00e1ndose a la Directiva Europea del Impuesto del Valor A\u00f1adido. Y dado que la legislaci\u00f3n espa\u00f1ola en materia tributaria contradice dicha Directiva, la TEAC ha decidido implantar esta novedad.<\/p>\n\n\n\n<p>\u00bfC\u00f3mo pueden los aut\u00f3nomos recuperar los gastos pagados de m\u00e1s por el IVA?<br>En primer lugar, se puede calcular el IVA que se podr\u00e1n haber reducido para pedir una reclamaci\u00f3n posterior e incluir las deducciones en la pr\u00f3xima declaraci\u00f3n del IVA.<br>Aunque no hay unos criterios bien definidos por la administraci\u00f3n tributaria, se aconseja realizar el c\u00e1lculo de los metros cuadrados de la vivienda destinados a la actividad profesional. Por ejemplo: para una vivienda de 100 metros cuadrados, de la cual se destinen 25 metros, se calcular\u00eda un 25% de los gastos del suministro, y es eso lo que hay que incluir en la declaraci\u00f3n del IVA.<\/p>\n\n\n\n<p>Si bien es cierto que Hacienda no ha hecho el cambio en su normativa, la Agencia Tributaria ha manifestado su intenci\u00f3n de incluirlo pr\u00f3ximamente, de forma que quedar\u00e1 clarificado. Adem\u00e1s, tambi\u00e9n est\u00e1 previsto a partir de enero de 2025 la exenci\u00f3n del IVA para aut\u00f3nomos con ingresos inferiores a los 85.000 euros mediante el IVA franquiciado.<\/p>\n\n\n\n<p>Para m\u00e1s informaci\u00f3n, no dudes en <a href=\"https:\/\/www.cinc.com\/es\/contacto\/\">contactar<\/a> con el <a href=\"https:\/\/www.cinc.com\/es\/asesoria-de-empresas-y-gestoria\/asesoria-fiscal\/\">Departamento Fiscal<\/a> de CINC Asesor\u00eda.<\/p>\n","protected":false},"excerpt":{"rendered":"<p>El Tribunal Econ\u00f3mico-Administrativo Central (TEAC), resolviendo un recurso extraordinario de alzada para unificaci\u00f3n de criterio, ha unificado criterio sobre esta cuesti\u00f3n en su resoluci\u00f3n n.\u00ba 6654\/2022, de 19 de julio de 2023, aceptando que los trabajadores por cuenta propia se puedan deducir el IVA que corresponde a los gastos ocasionados desde su vivienda habitual por el ejercicio de su actividad profesional.<\/p>\n","protected":false},"author":8,"featured_media":24011,"comment_status":"open","ping_status":"open","sticky":false,"template":"","format":"standard","meta":{"_acf_changed":false,"_uag_custom_page_level_css":"","_jetpack_memberships_contains_paid_content":false,"footnotes":""},"categories":[26],"tags":[107],"class_list":["post-24010","post","type-post","status-publish","format-standard","has-post-thumbnail","hentry","category-asesoria","tag-fiscalidad-es"],"acf":[],"jetpack_featured_media_url":"https:\/\/www.cinc.com\/wp-content\/uploads\/2024\/03\/deduccion-iva-vivienda-autonomos.png","uagb_featured_image_src":{"full":["https:\/\/www.cinc.com\/wp-content\/uploads\/2024\/03\/deduccion-iva-vivienda-autonomos.png",1920,1080,false],"thumbnail":["https:\/\/www.cinc.com\/wp-content\/uploads\/2024\/03\/deduccion-iva-vivienda-autonomos-150x150.png",150,150,true],"medium":["https:\/\/www.cinc.com\/wp-content\/uploads\/2024\/03\/deduccion-iva-vivienda-autonomos-300x169.png",300,169,true],"medium_large":["https:\/\/www.cinc.com\/wp-content\/uploads\/2024\/03\/deduccion-iva-vivienda-autonomos-768x432.png",768,432,true],"large":["https:\/\/www.cinc.com\/wp-content\/uploads\/2024\/03\/deduccion-iva-vivienda-autonomos-1024x576.png",960,540,true],"1536x1536":["https:\/\/www.cinc.com\/wp-content\/uploads\/2024\/03\/deduccion-iva-vivienda-autonomos-1536x864.png",1536,864,true],"2048x2048":["https:\/\/www.cinc.com\/wp-content\/uploads\/2024\/03\/deduccion-iva-vivienda-autonomos.png",1920,1080,false],"gform-image-choice-sm":["https:\/\/www.cinc.com\/wp-content\/uploads\/2024\/03\/deduccion-iva-vivienda-autonomos.png",300,169,false],"gform-image-choice-md":["https:\/\/www.cinc.com\/wp-content\/uploads\/2024\/03\/deduccion-iva-vivienda-autonomos.png",400,225,false],"gform-image-choice-lg":["https:\/\/www.cinc.com\/wp-content\/uploads\/2024\/03\/deduccion-iva-vivienda-autonomos.png",600,338,false]},"uagb_author_info":{"display_name":"F\u00e0tima Duran","author_link":"https:\/\/www.cinc.com\/es\/author\/fatima\/"},"uagb_comment_info":0,"uagb_excerpt":"El Tribunal Econ\u00f3mico-Administrativo Central (TEAC), resolviendo un recurso extraordinario de alzada para unificaci\u00f3n de criterio, ha unificado criterio sobre esta cuesti\u00f3n en su resoluci\u00f3n n.\u00ba 6654\/2022, de 19 de julio de 2023, aceptando que los trabajadores por cuenta propia se puedan deducir el IVA que corresponde a los gastos ocasionados desde su vivienda habitual por&hellip;","jetpack_sharing_enabled":true,"_links":{"self":[{"href":"https:\/\/www.cinc.com\/es\/wp-json\/wp\/v2\/posts\/24010","targetHints":{"allow":["GET"]}}],"collection":[{"href":"https:\/\/www.cinc.com\/es\/wp-json\/wp\/v2\/posts"}],"about":[{"href":"https:\/\/www.cinc.com\/es\/wp-json\/wp\/v2\/types\/post"}],"author":[{"embeddable":true,"href":"https:\/\/www.cinc.com\/es\/wp-json\/wp\/v2\/users\/8"}],"replies":[{"embeddable":true,"href":"https:\/\/www.cinc.com\/es\/wp-json\/wp\/v2\/comments?post=24010"}],"version-history":[{"count":1,"href":"https:\/\/www.cinc.com\/es\/wp-json\/wp\/v2\/posts\/24010\/revisions"}],"predecessor-version":[{"id":24015,"href":"https:\/\/www.cinc.com\/es\/wp-json\/wp\/v2\/posts\/24010\/revisions\/24015"}],"wp:featuredmedia":[{"embeddable":true,"href":"https:\/\/www.cinc.com\/es\/wp-json\/wp\/v2\/media\/24011"}],"wp:attachment":[{"href":"https:\/\/www.cinc.com\/es\/wp-json\/wp\/v2\/media?parent=24010"}],"wp:term":[{"taxonomy":"category","embeddable":true,"href":"https:\/\/www.cinc.com\/es\/wp-json\/wp\/v2\/categories?post=24010"},{"taxonomy":"post_tag","embeddable":true,"href":"https:\/\/www.cinc.com\/es\/wp-json\/wp\/v2\/tags?post=24010"}],"curies":[{"name":"wp","href":"https:\/\/api.w.org\/{rel}","templated":true}]}}